{"id":15237,"date":"2022-09-12T09:00:52","date_gmt":"2022-09-12T09:00:52","guid":{"rendered":"https:\/\/www.algebris.com\/?p=15237"},"modified":"2022-09-12T09:01:09","modified_gmt":"2022-09-12T09:01:09","slug":"algebris-investments-wir-sehen-die-dach-region-als-wachstumsmotor","status":"publish","type":"post","link":"https:\/\/www.algebris.com\/de\/presse\/algebris-investments-wir-sehen-die-dach-region-als-wachstumsmotor\/","title":{"rendered":"Algebris Investments: \u201eWir sehen die DACH-Region als Wachstumsmotor\u201c"},"content":{"rendered":"\n<p><strong><em>Z\u00fcrich, 12. September 2022 \u2013<\/em><\/strong> <strong>Algebris Investments er\u00f6ffnet ein neues B\u00fcro in Z\u00fcrich. Der globale Asset Manager mit Hauptsitz in London startet ab sofort aus seinen R\u00e4umlichkeiten am Weinplatz 3 die Betreuung des gesamten deutschsprachigen Raums. <\/strong><strong>F\u00fchrende Repr\u00e4sentanten des Banken- sowie Finanzwesens aus der Schweiz, Deutschland und \u00d6sterreich nehmen an der heutigen exklusiven Er\u00f6ffnungsfeier teil. Colm Kelleher, Chairman von UBS, f\u00fchrt als Ehrengast die Paneldiskussion gemeinsam mit Davide Serra, CEO von Algebris.<\/strong><\/p>\n\n\n\n<p>Johannes Wettstein, der 2021 als Head of DACH zu Algebris gesto\u00dfen ist, wird das B\u00fcro leiten. Karolyn Krekic wurde 2022 als Business Development Director f\u00fcr den Aufbau weiterer Kunden eingestellt. Dar\u00fcber hinaus werden Pietro Lamaro als Business Development Associate und Matth\u00e4us Piatti in der Funktion des Business Development Analyst das Team verst\u00e4rken. Algebris Investments hatte bereits im vergangenen Jahr angek\u00fcndigt, diesen strategisch wichtigen Schritt zu gehen.<\/p>\n\n\n\n<p>Im Fokus des Vertriebsteams in Z\u00fcrich stehen Anlagestrategien im Bereich der Finanzinstitute, in denen Algebris f\u00fchrend ist, darunter vor allem ihre Flaggschiff Financial Credit Strategien. Mit einer langj\u00e4hrigen Spezialisierung auf Anlagen in&nbsp;globale Finanzinstitute investiert Algebris in die gesamte Kapitalstruktur (Aktien und Anleihen) von Banken und Versicherungen. Das exzellente Netzwerk und die in der Branche anerkannte Expertise erm\u00f6glichen den erfolgreichen Zugang zur Managementebene europ\u00e4ischer und globaler Banken.<\/p>\n\n\n\n<p>Die einmalige Investmentexpertise im Finanzsektor wurde im Jahr 2016 durch den Launch der Global Credit Opportunities Strategie erweitert \u2013 eine Strategie, die einen flexiblen Ansatz im globalen Anleihemarkt verfolgt und in Staatsanleihen bis hin zu Unternehmensanleihen investiert. Mit seinem bisher gr\u00f6\u00dften Investment in ein spezialisiertes Team baute Algebris Investments im Jahr 2021 den Bereich Green Transition auf und hat seine erste Private Equity Strategie lanciert, die sich auf den gr\u00fcnen Wandel fokussiert.<\/p>\n\n\n\n<p><strong>Davide Serra, CEO Algebris Investments,<\/strong> erkl\u00e4rt: \u201eDie Expansion von Algebris in der DACH-Region ist f\u00fcr uns ein wichtiger strategischer Schritt. Wir werden unsere Kunden im deutschsprachigen Raum bestm\u00f6glich betreuen und ihnen bew\u00e4hrte Investmentl\u00f6sungen anbieten. Wir halten nicht nur Marktdaten im Auge, sondern kennen die Unternehmen und Branchen im Detail. Unser Steckenpferd ist die hochkomplexe Regulatorik der EU, die das Bankengesch\u00e4ft in hohem Ma\u00dfe beeinflussen kann und so Opportunit\u00e4ten schafft.\u201c<\/p>\n\n\n\n<p><strong>Johannes Wettstein, CEO Zurich Office und Head of DACH<\/strong>, f\u00fcgt hinzu: \u201eAlgebris hat dank seiner Expertise und Performance in den vergangenen Jahren ein beachtliches Wachstum verzeichnet. Ich bin \u00fcberzeugt davon, dass die DACH-Region ein zentraler Wachstumsmotor f\u00fcr die Gruppe in der Zukunft sein wird. Wir kooperieren hier bereits mit f\u00fchrenden Universal- und Privatbanken, Asset Managern sowie institutionellen Kunden und werden diese Kundenbasis nun noch st\u00e4rker ausbauen und intensiver betreuen k\u00f6nnen.\u201d<strong><br><\/strong><\/p>\n","protected":false},"excerpt":{"rendered":"<p>Z\u00fcrich, 12. September 2022 \u2013 Algebris Investments er\u00f6ffnet ein neues B\u00fcro in Z\u00fcrich. Der globale Asset Manager mit Hauptsitz in London startet ab sofort aus seinen R\u00e4umlichkeiten am Weinplatz 3 die Betreuung des gesamten deutschsprachigen Raums. F\u00fchrende Repr\u00e4sentanten des Banken- sowie Finanzwesens aus der Schweiz, Deutschland und \u00d6sterreich nehmen an der heutigen exklusiven Er\u00f6ffnungsfeier teil. [&hellip;]<\/p>\n","protected":false},"author":12,"featured_media":0,"comment_status":"closed","ping_status":"closed","sticky":false,"template":"","format":"standard","meta":{"_acf_changed":false,"footnotes":""},"categories":[181],"tags":[],"asset-class":[],"algebris-themes":[],"class_list":["post-15237","post","type-post","status-publish","format-standard","hentry","category-presse"],"acf":[],"yoast_head":"<!-- This site is optimized with the Yoast SEO plugin v27.1.1 - https:\/\/yoast.com\/product\/yoast-seo-wordpress\/ -->\n<title>Algebris Investments: \u201eWir sehen die DACH-Region als Wachstumsmotor\u201c - Algebris Investments<\/title>\n<meta name=\"robots\" content=\"index, follow, max-snippet:-1, max-image-preview:large, max-video-preview:-1\" \/>\n<link rel=\"canonical\" href=\"https:\/\/www.algebris.com\/de\/presse\/algebris-investments-wir-sehen-die-dach-region-als-wachstumsmotor\/\" \/>\n<meta property=\"og:locale\" content=\"de_DE\" \/>\n<meta property=\"og:type\" content=\"article\" \/>\n<meta property=\"og:title\" content=\"Algebris Investments: \u201eWir sehen die DACH-Region als Wachstumsmotor\u201c - Algebris Investments\" \/>\n<meta property=\"og:description\" content=\"Z\u00fcrich, 12. September 2022 \u2013 Algebris Investments er\u00f6ffnet ein neues B\u00fcro in Z\u00fcrich. Der globale Asset Manager mit Hauptsitz in London startet ab sofort aus seinen R\u00e4umlichkeiten am Weinplatz 3 die Betreuung des gesamten deutschsprachigen Raums. F\u00fchrende Repr\u00e4sentanten des Banken- sowie Finanzwesens aus der Schweiz, Deutschland und \u00d6sterreich nehmen an der heutigen exklusiven Er\u00f6ffnungsfeier teil. [&hellip;]\" \/>\n<meta property=\"og:url\" content=\"https:\/\/www.algebris.com\/de\/presse\/algebris-investments-wir-sehen-die-dach-region-als-wachstumsmotor\/\" \/>\n<meta property=\"og:site_name\" content=\"Algebris Investments\" \/>\n<meta property=\"article:published_time\" content=\"2022-09-12T09:00:52+00:00\" \/>\n<meta property=\"article:modified_time\" content=\"2022-09-12T09:01:09+00:00\" \/>\n<meta name=\"author\" content=\"Simonetta Tumino\" \/>\n<meta name=\"twitter:card\" content=\"summary_large_image\" \/>\n<meta name=\"twitter:label1\" content=\"Written by\" \/>\n\t<meta name=\"twitter:data1\" content=\"Simonetta Tumino\" \/>\n\t<meta name=\"twitter:label2\" content=\"Est. reading time\" \/>\n\t<meta name=\"twitter:data2\" content=\"2 minutes\" \/>\n<script type=\"application\/ld+json\" class=\"yoast-schema-graph\">{\"@context\":\"https:\/\/schema.org\",\"@graph\":[{\"@type\":\"Article\",\"@id\":\"https:\/\/www.algebris.com\/de\/presse\/algebris-investments-wir-sehen-die-dach-region-als-wachstumsmotor\/#article\",\"isPartOf\":{\"@id\":\"https:\/\/www.algebris.com\/de\/presse\/algebris-investments-wir-sehen-die-dach-region-als-wachstumsmotor\/\"},\"author\":{\"name\":\"Simonetta Tumino\",\"@id\":\"https:\/\/www.algebris.com\/de\/#\/schema\/person\/9e9481a49b7abda89e4e2ea34a1fc156\"},\"headline\":\"Algebris Investments: \u201eWir sehen die DACH-Region als Wachstumsmotor\u201c\",\"datePublished\":\"2022-09-12T09:00:52+00:00\",\"dateModified\":\"2022-09-12T09:01:09+00:00\",\"mainEntityOfPage\":{\"@id\":\"https:\/\/www.algebris.com\/de\/presse\/algebris-investments-wir-sehen-die-dach-region-als-wachstumsmotor\/\"},\"wordCount\":452,\"publisher\":{\"@id\":\"https:\/\/www.algebris.com\/de\/#organization\"},\"articleSection\":[\"Presse\"],\"inLanguage\":\"de-DE\"},{\"@type\":\"WebPage\",\"@id\":\"https:\/\/www.algebris.com\/de\/presse\/algebris-investments-wir-sehen-die-dach-region-als-wachstumsmotor\/\",\"url\":\"https:\/\/www.algebris.com\/de\/presse\/algebris-investments-wir-sehen-die-dach-region-als-wachstumsmotor\/\",\"name\":\"Algebris Investments: \u201eWir sehen die DACH-Region als Wachstumsmotor\u201c - Algebris Investments\",\"isPartOf\":{\"@id\":\"https:\/\/www.algebris.com\/de\/#website\"},\"datePublished\":\"2022-09-12T09:00:52+00:00\",\"dateModified\":\"2022-09-12T09:01:09+00:00\",\"breadcrumb\":{\"@id\":\"https:\/\/www.algebris.com\/de\/presse\/algebris-investments-wir-sehen-die-dach-region-als-wachstumsmotor\/#breadcrumb\"},\"inLanguage\":\"de-DE\",\"potentialAction\":[{\"@type\":\"ReadAction\",\"target\":[\"https:\/\/www.algebris.com\/de\/presse\/algebris-investments-wir-sehen-die-dach-region-als-wachstumsmotor\/\"]}]},{\"@type\":\"BreadcrumbList\",\"@id\":\"https:\/\/www.algebris.com\/de\/presse\/algebris-investments-wir-sehen-die-dach-region-als-wachstumsmotor\/#breadcrumb\",\"itemListElement\":[{\"@type\":\"ListItem\",\"position\":1,\"name\":\"Home\",\"item\":\"https:\/\/www.algebris.com\/de\/\"},{\"@type\":\"ListItem\",\"position\":2,\"name\":\"Presse\",\"item\":\"https:\/\/www.algebris.com\/de\/category\/presse\/\"},{\"@type\":\"ListItem\",\"position\":3,\"name\":\"Algebris Investments: \u201eWir sehen die DACH-Region als Wachstumsmotor\u201c\"}]},{\"@type\":\"WebSite\",\"@id\":\"https:\/\/www.algebris.com\/de\/#website\",\"url\":\"https:\/\/www.algebris.com\/de\/\",\"name\":\"Algebris Investments\",\"description\":\"\",\"publisher\":{\"@id\":\"https:\/\/www.algebris.com\/de\/#organization\"},\"potentialAction\":[{\"@type\":\"SearchAction\",\"target\":{\"@type\":\"EntryPoint\",\"urlTemplate\":\"https:\/\/www.algebris.com\/de\/?s={search_term_string}\"},\"query-input\":{\"@type\":\"PropertyValueSpecification\",\"valueRequired\":true,\"valueName\":\"search_term_string\"}}],\"inLanguage\":\"de-DE\"},{\"@type\":\"Organization\",\"@id\":\"https:\/\/www.algebris.com\/de\/#organization\",\"name\":\"Algebris Investments\",\"url\":\"https:\/\/www.algebris.com\/de\/\",\"logo\":{\"@type\":\"ImageObject\",\"inLanguage\":\"de-DE\",\"@id\":\"https:\/\/www.algebris.com\/de\/#\/schema\/logo\/image\/\",\"url\":\"https:\/\/media.algebris.com\/content\/cropped-logo1.png\",\"contentUrl\":\"https:\/\/media.algebris.com\/content\/cropped-logo1.png\",\"width\":250,\"height\":78,\"caption\":\"Algebris Investments\"},\"image\":{\"@id\":\"https:\/\/www.algebris.com\/de\/#\/schema\/logo\/image\/\"},\"sameAs\":[\"https:\/\/www.linkedin.com\/company\/algebris-investments\/about\/\",\"https:\/\/www.youtube.com\/channel\/UC_MiRdysidJhtSWRVxtH-3g\/featured\"]},{\"@type\":\"Person\",\"@id\":\"https:\/\/www.algebris.com\/de\/#\/schema\/person\/9e9481a49b7abda89e4e2ea34a1fc156\",\"name\":\"Simonetta Tumino\",\"image\":{\"@type\":\"ImageObject\",\"inLanguage\":\"de-DE\",\"@id\":\"https:\/\/www.algebris.com\/de\/#\/schema\/person\/image\/\",\"url\":\"https:\/\/secure.gravatar.com\/avatar\/799e5e9428fb66817f774343da17b36157e6d1a704fdd14c0773dab7f446a788?s=96&d=mm&r=g\",\"contentUrl\":\"https:\/\/secure.gravatar.com\/avatar\/799e5e9428fb66817f774343da17b36157e6d1a704fdd14c0773dab7f446a788?s=96&d=mm&r=g\",\"caption\":\"Simonetta Tumino\"}}]}<\/script>\n<!-- \/ Yoast SEO plugin. -->","yoast_head_json":{"title":"Algebris Investments: \u201eWir sehen die DACH-Region als Wachstumsmotor\u201c - Algebris Investments","robots":{"index":"index","follow":"follow","max-snippet":"max-snippet:-1","max-image-preview":"max-image-preview:large","max-video-preview":"max-video-preview:-1"},"canonical":"https:\/\/www.algebris.com\/de\/presse\/algebris-investments-wir-sehen-die-dach-region-als-wachstumsmotor\/","og_locale":"de_DE","og_type":"article","og_title":"Algebris Investments: \u201eWir sehen die DACH-Region als Wachstumsmotor\u201c - Algebris Investments","og_description":"Z\u00fcrich, 12. September 2022 \u2013 Algebris Investments er\u00f6ffnet ein neues B\u00fcro in Z\u00fcrich. Der globale Asset Manager mit Hauptsitz in London startet ab sofort aus seinen R\u00e4umlichkeiten am Weinplatz 3 die Betreuung des gesamten deutschsprachigen Raums. F\u00fchrende Repr\u00e4sentanten des Banken- sowie Finanzwesens aus der Schweiz, Deutschland und \u00d6sterreich nehmen an der heutigen exklusiven Er\u00f6ffnungsfeier teil. [&hellip;]","og_url":"https:\/\/www.algebris.com\/de\/presse\/algebris-investments-wir-sehen-die-dach-region-als-wachstumsmotor\/","og_site_name":"Algebris Investments","article_published_time":"2022-09-12T09:00:52+00:00","article_modified_time":"2022-09-12T09:01:09+00:00","author":"Simonetta Tumino","twitter_card":"summary_large_image","twitter_misc":{"Written by":"Simonetta Tumino","Est. reading time":"2 minutes"},"schema":{"@context":"https:\/\/schema.org","@graph":[{"@type":"Article","@id":"https:\/\/www.algebris.com\/de\/presse\/algebris-investments-wir-sehen-die-dach-region-als-wachstumsmotor\/#article","isPartOf":{"@id":"https:\/\/www.algebris.com\/de\/presse\/algebris-investments-wir-sehen-die-dach-region-als-wachstumsmotor\/"},"author":{"name":"Simonetta Tumino","@id":"https:\/\/www.algebris.com\/de\/#\/schema\/person\/9e9481a49b7abda89e4e2ea34a1fc156"},"headline":"Algebris Investments: \u201eWir sehen die DACH-Region als Wachstumsmotor\u201c","datePublished":"2022-09-12T09:00:52+00:00","dateModified":"2022-09-12T09:01:09+00:00","mainEntityOfPage":{"@id":"https:\/\/www.algebris.com\/de\/presse\/algebris-investments-wir-sehen-die-dach-region-als-wachstumsmotor\/"},"wordCount":452,"publisher":{"@id":"https:\/\/www.algebris.com\/de\/#organization"},"articleSection":["Presse"],"inLanguage":"de-DE"},{"@type":"WebPage","@id":"https:\/\/www.algebris.com\/de\/presse\/algebris-investments-wir-sehen-die-dach-region-als-wachstumsmotor\/","url":"https:\/\/www.algebris.com\/de\/presse\/algebris-investments-wir-sehen-die-dach-region-als-wachstumsmotor\/","name":"Algebris Investments: \u201eWir sehen die DACH-Region als Wachstumsmotor\u201c - Algebris Investments","isPartOf":{"@id":"https:\/\/www.algebris.com\/de\/#website"},"datePublished":"2022-09-12T09:00:52+00:00","dateModified":"2022-09-12T09:01:09+00:00","breadcrumb":{"@id":"https:\/\/www.algebris.com\/de\/presse\/algebris-investments-wir-sehen-die-dach-region-als-wachstumsmotor\/#breadcrumb"},"inLanguage":"de-DE","potentialAction":[{"@type":"ReadAction","target":["https:\/\/www.algebris.com\/de\/presse\/algebris-investments-wir-sehen-die-dach-region-als-wachstumsmotor\/"]}]},{"@type":"BreadcrumbList","@id":"https:\/\/www.algebris.com\/de\/presse\/algebris-investments-wir-sehen-die-dach-region-als-wachstumsmotor\/#breadcrumb","itemListElement":[{"@type":"ListItem","position":1,"name":"Home","item":"https:\/\/www.algebris.com\/de\/"},{"@type":"ListItem","position":2,"name":"Presse","item":"https:\/\/www.algebris.com\/de\/category\/presse\/"},{"@type":"ListItem","position":3,"name":"Algebris Investments: \u201eWir sehen die DACH-Region als Wachstumsmotor\u201c"}]},{"@type":"WebSite","@id":"https:\/\/www.algebris.com\/de\/#website","url":"https:\/\/www.algebris.com\/de\/","name":"Algebris Investments","description":"","publisher":{"@id":"https:\/\/www.algebris.com\/de\/#organization"},"potentialAction":[{"@type":"SearchAction","target":{"@type":"EntryPoint","urlTemplate":"https:\/\/www.algebris.com\/de\/?s={search_term_string}"},"query-input":{"@type":"PropertyValueSpecification","valueRequired":true,"valueName":"search_term_string"}}],"inLanguage":"de-DE"},{"@type":"Organization","@id":"https:\/\/www.algebris.com\/de\/#organization","name":"Algebris Investments","url":"https:\/\/www.algebris.com\/de\/","logo":{"@type":"ImageObject","inLanguage":"de-DE","@id":"https:\/\/www.algebris.com\/de\/#\/schema\/logo\/image\/","url":"https:\/\/media.algebris.com\/content\/cropped-logo1.png","contentUrl":"https:\/\/media.algebris.com\/content\/cropped-logo1.png","width":250,"height":78,"caption":"Algebris Investments"},"image":{"@id":"https:\/\/www.algebris.com\/de\/#\/schema\/logo\/image\/"},"sameAs":["https:\/\/www.linkedin.com\/company\/algebris-investments\/about\/","https:\/\/www.youtube.com\/channel\/UC_MiRdysidJhtSWRVxtH-3g\/featured"]},{"@type":"Person","@id":"https:\/\/www.algebris.com\/de\/#\/schema\/person\/9e9481a49b7abda89e4e2ea34a1fc156","name":"Simonetta Tumino","image":{"@type":"ImageObject","inLanguage":"de-DE","@id":"https:\/\/www.algebris.com\/de\/#\/schema\/person\/image\/","url":"https:\/\/secure.gravatar.com\/avatar\/799e5e9428fb66817f774343da17b36157e6d1a704fdd14c0773dab7f446a788?s=96&d=mm&r=g","contentUrl":"https:\/\/secure.gravatar.com\/avatar\/799e5e9428fb66817f774343da17b36157e6d1a704fdd14c0773dab7f446a788?s=96&d=mm&r=g","caption":"Simonetta Tumino"}}]}},"_links":{"self":[{"href":"https:\/\/www.algebris.com\/de\/wp-json\/wp\/v2\/posts\/15237","targetHints":{"allow":["GET"]}}],"collection":[{"href":"https:\/\/www.algebris.com\/de\/wp-json\/wp\/v2\/posts"}],"about":[{"href":"https:\/\/www.algebris.com\/de\/wp-json\/wp\/v2\/types\/post"}],"author":[{"embeddable":true,"href":"https:\/\/www.algebris.com\/de\/wp-json\/wp\/v2\/users\/12"}],"replies":[{"embeddable":true,"href":"https:\/\/www.algebris.com\/de\/wp-json\/wp\/v2\/comments?post=15237"}],"version-history":[{"count":3,"href":"https:\/\/www.algebris.com\/de\/wp-json\/wp\/v2\/posts\/15237\/revisions"}],"predecessor-version":[{"id":15241,"href":"https:\/\/www.algebris.com\/de\/wp-json\/wp\/v2\/posts\/15237\/revisions\/15241"}],"wp:attachment":[{"href":"https:\/\/www.algebris.com\/de\/wp-json\/wp\/v2\/media?parent=15237"}],"wp:term":[{"taxonomy":"category","embeddable":true,"href":"https:\/\/www.algebris.com\/de\/wp-json\/wp\/v2\/categories?post=15237"},{"taxonomy":"post_tag","embeddable":true,"href":"https:\/\/www.algebris.com\/de\/wp-json\/wp\/v2\/tags?post=15237"},{"taxonomy":"asset-class","embeddable":true,"href":"https:\/\/www.algebris.com\/de\/wp-json\/wp\/v2\/asset-class?post=15237"},{"taxonomy":"algebris-themes","embeddable":true,"href":"https:\/\/www.algebris.com\/de\/wp-json\/wp\/v2\/algebris-themes?post=15237"}],"curies":[{"name":"wp","href":"https:\/\/api.w.org\/{rel}","templated":true}]}}