{"id":18588,"date":"2023-08-30T12:45:40","date_gmt":"2023-08-30T12:45:40","guid":{"rendered":"https:\/\/www.algebris.com\/?p=18588"},"modified":"2023-08-30T12:50:23","modified_gmt":"2023-08-30T12:50:23","slug":"algebris-investments-teamerweiterung-unter-neuer-leitung-des-zuericher-bueros","status":"publish","type":"post","link":"https:\/\/www.algebris.com\/de\/presse\/algebris-investments-teamerweiterung-unter-neuer-leitung-des-zuericher-bueros\/","title":{"rendered":"Algebris Investments: Teamerweiterung unter neuer Leitung des Z\u00fcricher B\u00fcros"},"content":{"rendered":"\n<p><strong><em>Z\u00fcrich, 30. August 2023 \u2013 <\/em><\/strong><strong>Der auf Anlagen in globale Finanzinstitute spezialisierte Asset Manager Algebris Investments baut sein Team in der DACH-Region weiter aus. Per sofort verantwortet Karolyn Krekic die Leitung des Z\u00fcricher B\u00fcros von Algebris Investments (Ireland) Limited. Sie \u00fcbernimmt die Position des CEO Zurich Office von Johannes Wettstein, der das Unternehmen verlassen hat. Damit wird sie das DACH-Team bestehend aus Pietro Lamaro sowie k\u00fcnftig zwei weiteren Mitarbeitern leiten.<\/strong><strong><\/strong><\/p>\n\n\n\n<p>Krekic stie\u00df 2022 als Business Development Director zu Algebris und war bislang in Z\u00fcrich unter anderem f\u00fcr den Aufbau weiterer Kunden verantwortlich. Vorher leitete sie bei Capital Group als Managing Director die Betreuung deutscher Finanzintermedi\u00e4re. Zuvor war sie mehr als zehn Jahre bei GAM als Executive Director f\u00fcr die Entwicklung der Vertriebsstrategie f\u00fcr Deutschland sowie f\u00fcr die Beziehungen des Unternehmens zu Intermedi\u00e4ren und institutionellen Kunden verantwortlich.<\/p>\n\n\n\n<p><strong>Davide Serra, CEO Algebris Investments,<\/strong> erkl\u00e4rt: \u201eWir freuen uns sehr, dass Karolyn Krekic die Leitung unseres Z\u00fcricher Standorts \u00fcbernimmt und die Expansion im deutschsprachigen Raum weiter vorantreiben wird.\u201c Man wolle den eingeschlagenen Weg konsequent fortsetzen, betont der CEO: \u201eDie DACH-Region ist f\u00fcr uns nach wie vor ein Schl\u00fcsselmarkt. Das unterstreichen auch die geplanten Neueinstellungen eines Mitarbeiters f\u00fcr die Gesch\u00e4ftsentwicklung in der Schweiz sowie eines Sales Supports.\u201c&nbsp;&nbsp;<\/p>\n\n\n\n<p><strong>Karolyn Krekic<\/strong> f\u00fcgt hinzu: \u201eIch freue mich sehr auf meine neue Aufgabe und darauf, gemeinsam mit dem Team das Gesch\u00e4ft in Deutschland, \u00d6sterreich und der Schweiz zu vertiefen sowie weiter auszubauen. Unsere Kunden k\u00f6nnen sich darauf verlassen, weiterhin erstklassig von Z\u00fcrich aus betreut zu werden.\u201c<\/p>\n\n\n\n<p><strong>\u00dcber Algebris Investments<\/strong><\/p>\n\n\n\n<p>Algebris ist ein unabh\u00e4ngiger, weltweit t\u00e4tiger Asset Manager, der&nbsp;aktiv verwaltete Anlagel\u00f6sungen&nbsp;anbietet. Mit einer langj\u00e4hrigen Spezialisierung auf Anlagen in&nbsp;globale Finanzinstitute investiert das Unternehmen in die gesamte Kapitalstruktur (Aktien und Anleihen) von Banken und Versicherungen sowie in&nbsp;globale Anleihen&nbsp;und&nbsp;italienische Mittelstands-Aktien. Im Bereich alternativer Strategien investiert Algebris in&nbsp;notleidende Kredite&nbsp;und hat eine Artikel 9&nbsp;Private-Equity-Strategie lanciert, die sich auf den gr\u00fcnen Wandel fokussiert. Die Firma wurde 2006 von&nbsp;Davide Serra&nbsp;(CEO) gegr\u00fcndet und unterh\u00e4lt Niederlassungen in London (Hauptsitz), Mailand, Rom, Z\u00fcrich, Dublin, Boston, Singapur und Tokio.<\/p>\n\n\n\n<p>F\u00fcr weitere Informationen \u00fcber Algebris besuchen Sie bitte unsere Website: https:\/\/www.algebris.com\/.<\/p>\n\n\n\n<p>F\u00fcr Presseanfragen kontaktieren Sie bitte: algebris@publicimaging.de<\/p>\n","protected":false},"excerpt":{"rendered":"<p>Z\u00fcrich, 30. August 2023 \u2013 Der auf Anlagen in globale Finanzinstitute spezialisierte Asset Manager Algebris Investments baut sein Team in der DACH-Region weiter aus. Per sofort verantwortet Karolyn Krekic die Leitung des Z\u00fcricher B\u00fcros von Algebris Investments (Ireland) Limited. Sie \u00fcbernimmt die Position des CEO Zurich Office von Johannes Wettstein, der das Unternehmen verlassen hat. [&hellip;]<\/p>\n","protected":false},"author":7,"featured_media":0,"comment_status":"closed","ping_status":"closed","sticky":false,"template":"","format":"standard","meta":{"_acf_changed":false,"footnotes":""},"categories":[181],"tags":[],"asset-class":[],"algebris-themes":[],"class_list":["post-18588","post","type-post","status-publish","format-standard","hentry","category-presse"],"acf":[],"yoast_head":"<!-- This site is optimized with the Yoast SEO plugin v27.1.1 - https:\/\/yoast.com\/product\/yoast-seo-wordpress\/ -->\n<title>Algebris Investments: Teamerweiterung unter neuer Leitung des Z\u00fcricher B\u00fcros - Algebris Investments<\/title>\n<meta name=\"robots\" content=\"index, follow, max-snippet:-1, max-image-preview:large, max-video-preview:-1\" \/>\n<link rel=\"canonical\" href=\"https:\/\/www.algebris.com\/de\/presse\/algebris-investments-teamerweiterung-unter-neuer-leitung-des-zuericher-bueros\/\" \/>\n<meta property=\"og:locale\" content=\"de_DE\" \/>\n<meta property=\"og:type\" content=\"article\" \/>\n<meta property=\"og:title\" content=\"Algebris Investments: Teamerweiterung unter neuer Leitung des Z\u00fcricher B\u00fcros - Algebris Investments\" \/>\n<meta property=\"og:description\" content=\"Z\u00fcrich, 30. August 2023 \u2013 Der auf Anlagen in globale Finanzinstitute spezialisierte Asset Manager Algebris Investments baut sein Team in der DACH-Region weiter aus. Per sofort verantwortet Karolyn Krekic die Leitung des Z\u00fcricher B\u00fcros von Algebris Investments (Ireland) Limited. Sie \u00fcbernimmt die Position des CEO Zurich Office von Johannes Wettstein, der das Unternehmen verlassen hat. [&hellip;]\" \/>\n<meta property=\"og:url\" content=\"https:\/\/www.algebris.com\/de\/presse\/algebris-investments-teamerweiterung-unter-neuer-leitung-des-zuericher-bueros\/\" \/>\n<meta property=\"og:site_name\" content=\"Algebris Investments\" \/>\n<meta property=\"article:published_time\" content=\"2023-08-30T12:45:40+00:00\" \/>\n<meta property=\"article:modified_time\" content=\"2023-08-30T12:50:23+00:00\" \/>\n<meta name=\"author\" content=\"Andrea Molteni\" \/>\n<meta name=\"twitter:card\" content=\"summary_large_image\" \/>\n<meta name=\"twitter:label1\" content=\"Written by\" \/>\n\t<meta name=\"twitter:data1\" content=\"Andrea Molteni\" \/>\n\t<meta name=\"twitter:label2\" content=\"Est. reading time\" \/>\n\t<meta name=\"twitter:data2\" content=\"2 minutes\" \/>\n<script type=\"application\/ld+json\" class=\"yoast-schema-graph\">{\"@context\":\"https:\/\/schema.org\",\"@graph\":[{\"@type\":\"Article\",\"@id\":\"https:\/\/www.algebris.com\/de\/presse\/algebris-investments-teamerweiterung-unter-neuer-leitung-des-zuericher-bueros\/#article\",\"isPartOf\":{\"@id\":\"https:\/\/www.algebris.com\/de\/presse\/algebris-investments-teamerweiterung-unter-neuer-leitung-des-zuericher-bueros\/\"},\"author\":{\"name\":\"Andrea Molteni\",\"@id\":\"https:\/\/www.algebris.com\/de\/#\/schema\/person\/4b3d11dd0f7d6e3130de26cc9436a0bc\"},\"headline\":\"Algebris Investments: Teamerweiterung unter neuer Leitung des Z\u00fcricher B\u00fcros\",\"datePublished\":\"2023-08-30T12:45:40+00:00\",\"dateModified\":\"2023-08-30T12:50:23+00:00\",\"mainEntityOfPage\":{\"@id\":\"https:\/\/www.algebris.com\/de\/presse\/algebris-investments-teamerweiterung-unter-neuer-leitung-des-zuericher-bueros\/\"},\"wordCount\":410,\"publisher\":{\"@id\":\"https:\/\/www.algebris.com\/de\/#organization\"},\"articleSection\":[\"Presse\"],\"inLanguage\":\"de-DE\"},{\"@type\":\"WebPage\",\"@id\":\"https:\/\/www.algebris.com\/de\/presse\/algebris-investments-teamerweiterung-unter-neuer-leitung-des-zuericher-bueros\/\",\"url\":\"https:\/\/www.algebris.com\/de\/presse\/algebris-investments-teamerweiterung-unter-neuer-leitung-des-zuericher-bueros\/\",\"name\":\"Algebris Investments: Teamerweiterung unter neuer Leitung des Z\u00fcricher B\u00fcros - Algebris Investments\",\"isPartOf\":{\"@id\":\"https:\/\/www.algebris.com\/de\/#website\"},\"datePublished\":\"2023-08-30T12:45:40+00:00\",\"dateModified\":\"2023-08-30T12:50:23+00:00\",\"breadcrumb\":{\"@id\":\"https:\/\/www.algebris.com\/de\/presse\/algebris-investments-teamerweiterung-unter-neuer-leitung-des-zuericher-bueros\/#breadcrumb\"},\"inLanguage\":\"de-DE\",\"potentialAction\":[{\"@type\":\"ReadAction\",\"target\":[\"https:\/\/www.algebris.com\/de\/presse\/algebris-investments-teamerweiterung-unter-neuer-leitung-des-zuericher-bueros\/\"]}]},{\"@type\":\"BreadcrumbList\",\"@id\":\"https:\/\/www.algebris.com\/de\/presse\/algebris-investments-teamerweiterung-unter-neuer-leitung-des-zuericher-bueros\/#breadcrumb\",\"itemListElement\":[{\"@type\":\"ListItem\",\"position\":1,\"name\":\"Home\",\"item\":\"https:\/\/www.algebris.com\/de\/\"},{\"@type\":\"ListItem\",\"position\":2,\"name\":\"Presse\",\"item\":\"https:\/\/www.algebris.com\/de\/category\/presse\/\"},{\"@type\":\"ListItem\",\"position\":3,\"name\":\"Algebris Investments: Teamerweiterung unter neuer Leitung des Z\u00fcricher B\u00fcros\"}]},{\"@type\":\"WebSite\",\"@id\":\"https:\/\/www.algebris.com\/de\/#website\",\"url\":\"https:\/\/www.algebris.com\/de\/\",\"name\":\"Algebris Investments\",\"description\":\"\",\"publisher\":{\"@id\":\"https:\/\/www.algebris.com\/de\/#organization\"},\"potentialAction\":[{\"@type\":\"SearchAction\",\"target\":{\"@type\":\"EntryPoint\",\"urlTemplate\":\"https:\/\/www.algebris.com\/de\/?s={search_term_string}\"},\"query-input\":{\"@type\":\"PropertyValueSpecification\",\"valueRequired\":true,\"valueName\":\"search_term_string\"}}],\"inLanguage\":\"de-DE\"},{\"@type\":\"Organization\",\"@id\":\"https:\/\/www.algebris.com\/de\/#organization\",\"name\":\"Algebris Investments\",\"url\":\"https:\/\/www.algebris.com\/de\/\",\"logo\":{\"@type\":\"ImageObject\",\"inLanguage\":\"de-DE\",\"@id\":\"https:\/\/www.algebris.com\/de\/#\/schema\/logo\/image\/\",\"url\":\"https:\/\/media.algebris.com\/content\/cropped-logo1.png\",\"contentUrl\":\"https:\/\/media.algebris.com\/content\/cropped-logo1.png\",\"width\":250,\"height\":78,\"caption\":\"Algebris Investments\"},\"image\":{\"@id\":\"https:\/\/www.algebris.com\/de\/#\/schema\/logo\/image\/\"},\"sameAs\":[\"https:\/\/www.linkedin.com\/company\/algebris-investments\/about\/\",\"https:\/\/www.youtube.com\/channel\/UC_MiRdysidJhtSWRVxtH-3g\/featured\"]},{\"@type\":\"Person\",\"@id\":\"https:\/\/www.algebris.com\/de\/#\/schema\/person\/4b3d11dd0f7d6e3130de26cc9436a0bc\",\"name\":\"Andrea Molteni\",\"image\":{\"@type\":\"ImageObject\",\"inLanguage\":\"de-DE\",\"@id\":\"https:\/\/www.algebris.com\/de\/#\/schema\/person\/image\/\",\"url\":\"https:\/\/secure.gravatar.com\/avatar\/62e54ff4a2115d90cc8d67b085990ae2b90fd1fdc412c647e1d63cd03fde6493?s=96&d=mm&r=g\",\"contentUrl\":\"https:\/\/secure.gravatar.com\/avatar\/62e54ff4a2115d90cc8d67b085990ae2b90fd1fdc412c647e1d63cd03fde6493?s=96&d=mm&r=g\",\"caption\":\"Andrea Molteni\"}}]}<\/script>\n<!-- \/ Yoast SEO plugin. -->","yoast_head_json":{"title":"Algebris Investments: Teamerweiterung unter neuer Leitung des Z\u00fcricher B\u00fcros - Algebris Investments","robots":{"index":"index","follow":"follow","max-snippet":"max-snippet:-1","max-image-preview":"max-image-preview:large","max-video-preview":"max-video-preview:-1"},"canonical":"https:\/\/www.algebris.com\/de\/presse\/algebris-investments-teamerweiterung-unter-neuer-leitung-des-zuericher-bueros\/","og_locale":"de_DE","og_type":"article","og_title":"Algebris Investments: Teamerweiterung unter neuer Leitung des Z\u00fcricher B\u00fcros - Algebris Investments","og_description":"Z\u00fcrich, 30. August 2023 \u2013 Der auf Anlagen in globale Finanzinstitute spezialisierte Asset Manager Algebris Investments baut sein Team in der DACH-Region weiter aus. Per sofort verantwortet Karolyn Krekic die Leitung des Z\u00fcricher B\u00fcros von Algebris Investments (Ireland) Limited. Sie \u00fcbernimmt die Position des CEO Zurich Office von Johannes Wettstein, der das Unternehmen verlassen hat. [&hellip;]","og_url":"https:\/\/www.algebris.com\/de\/presse\/algebris-investments-teamerweiterung-unter-neuer-leitung-des-zuericher-bueros\/","og_site_name":"Algebris Investments","article_published_time":"2023-08-30T12:45:40+00:00","article_modified_time":"2023-08-30T12:50:23+00:00","author":"Andrea Molteni","twitter_card":"summary_large_image","twitter_misc":{"Written by":"Andrea Molteni","Est. reading time":"2 minutes"},"schema":{"@context":"https:\/\/schema.org","@graph":[{"@type":"Article","@id":"https:\/\/www.algebris.com\/de\/presse\/algebris-investments-teamerweiterung-unter-neuer-leitung-des-zuericher-bueros\/#article","isPartOf":{"@id":"https:\/\/www.algebris.com\/de\/presse\/algebris-investments-teamerweiterung-unter-neuer-leitung-des-zuericher-bueros\/"},"author":{"name":"Andrea Molteni","@id":"https:\/\/www.algebris.com\/de\/#\/schema\/person\/4b3d11dd0f7d6e3130de26cc9436a0bc"},"headline":"Algebris Investments: Teamerweiterung unter neuer Leitung des Z\u00fcricher B\u00fcros","datePublished":"2023-08-30T12:45:40+00:00","dateModified":"2023-08-30T12:50:23+00:00","mainEntityOfPage":{"@id":"https:\/\/www.algebris.com\/de\/presse\/algebris-investments-teamerweiterung-unter-neuer-leitung-des-zuericher-bueros\/"},"wordCount":410,"publisher":{"@id":"https:\/\/www.algebris.com\/de\/#organization"},"articleSection":["Presse"],"inLanguage":"de-DE"},{"@type":"WebPage","@id":"https:\/\/www.algebris.com\/de\/presse\/algebris-investments-teamerweiterung-unter-neuer-leitung-des-zuericher-bueros\/","url":"https:\/\/www.algebris.com\/de\/presse\/algebris-investments-teamerweiterung-unter-neuer-leitung-des-zuericher-bueros\/","name":"Algebris Investments: Teamerweiterung unter neuer Leitung des Z\u00fcricher B\u00fcros - Algebris Investments","isPartOf":{"@id":"https:\/\/www.algebris.com\/de\/#website"},"datePublished":"2023-08-30T12:45:40+00:00","dateModified":"2023-08-30T12:50:23+00:00","breadcrumb":{"@id":"https:\/\/www.algebris.com\/de\/presse\/algebris-investments-teamerweiterung-unter-neuer-leitung-des-zuericher-bueros\/#breadcrumb"},"inLanguage":"de-DE","potentialAction":[{"@type":"ReadAction","target":["https:\/\/www.algebris.com\/de\/presse\/algebris-investments-teamerweiterung-unter-neuer-leitung-des-zuericher-bueros\/"]}]},{"@type":"BreadcrumbList","@id":"https:\/\/www.algebris.com\/de\/presse\/algebris-investments-teamerweiterung-unter-neuer-leitung-des-zuericher-bueros\/#breadcrumb","itemListElement":[{"@type":"ListItem","position":1,"name":"Home","item":"https:\/\/www.algebris.com\/de\/"},{"@type":"ListItem","position":2,"name":"Presse","item":"https:\/\/www.algebris.com\/de\/category\/presse\/"},{"@type":"ListItem","position":3,"name":"Algebris Investments: Teamerweiterung unter neuer Leitung des Z\u00fcricher B\u00fcros"}]},{"@type":"WebSite","@id":"https:\/\/www.algebris.com\/de\/#website","url":"https:\/\/www.algebris.com\/de\/","name":"Algebris Investments","description":"","publisher":{"@id":"https:\/\/www.algebris.com\/de\/#organization"},"potentialAction":[{"@type":"SearchAction","target":{"@type":"EntryPoint","urlTemplate":"https:\/\/www.algebris.com\/de\/?s={search_term_string}"},"query-input":{"@type":"PropertyValueSpecification","valueRequired":true,"valueName":"search_term_string"}}],"inLanguage":"de-DE"},{"@type":"Organization","@id":"https:\/\/www.algebris.com\/de\/#organization","name":"Algebris Investments","url":"https:\/\/www.algebris.com\/de\/","logo":{"@type":"ImageObject","inLanguage":"de-DE","@id":"https:\/\/www.algebris.com\/de\/#\/schema\/logo\/image\/","url":"https:\/\/media.algebris.com\/content\/cropped-logo1.png","contentUrl":"https:\/\/media.algebris.com\/content\/cropped-logo1.png","width":250,"height":78,"caption":"Algebris Investments"},"image":{"@id":"https:\/\/www.algebris.com\/de\/#\/schema\/logo\/image\/"},"sameAs":["https:\/\/www.linkedin.com\/company\/algebris-investments\/about\/","https:\/\/www.youtube.com\/channel\/UC_MiRdysidJhtSWRVxtH-3g\/featured"]},{"@type":"Person","@id":"https:\/\/www.algebris.com\/de\/#\/schema\/person\/4b3d11dd0f7d6e3130de26cc9436a0bc","name":"Andrea Molteni","image":{"@type":"ImageObject","inLanguage":"de-DE","@id":"https:\/\/www.algebris.com\/de\/#\/schema\/person\/image\/","url":"https:\/\/secure.gravatar.com\/avatar\/62e54ff4a2115d90cc8d67b085990ae2b90fd1fdc412c647e1d63cd03fde6493?s=96&d=mm&r=g","contentUrl":"https:\/\/secure.gravatar.com\/avatar\/62e54ff4a2115d90cc8d67b085990ae2b90fd1fdc412c647e1d63cd03fde6493?s=96&d=mm&r=g","caption":"Andrea Molteni"}}]}},"_links":{"self":[{"href":"https:\/\/www.algebris.com\/de\/wp-json\/wp\/v2\/posts\/18588","targetHints":{"allow":["GET"]}}],"collection":[{"href":"https:\/\/www.algebris.com\/de\/wp-json\/wp\/v2\/posts"}],"about":[{"href":"https:\/\/www.algebris.com\/de\/wp-json\/wp\/v2\/types\/post"}],"author":[{"embeddable":true,"href":"https:\/\/www.algebris.com\/de\/wp-json\/wp\/v2\/users\/7"}],"replies":[{"embeddable":true,"href":"https:\/\/www.algebris.com\/de\/wp-json\/wp\/v2\/comments?post=18588"}],"version-history":[{"count":3,"href":"https:\/\/www.algebris.com\/de\/wp-json\/wp\/v2\/posts\/18588\/revisions"}],"predecessor-version":[{"id":18599,"href":"https:\/\/www.algebris.com\/de\/wp-json\/wp\/v2\/posts\/18588\/revisions\/18599"}],"wp:attachment":[{"href":"https:\/\/www.algebris.com\/de\/wp-json\/wp\/v2\/media?parent=18588"}],"wp:term":[{"taxonomy":"category","embeddable":true,"href":"https:\/\/www.algebris.com\/de\/wp-json\/wp\/v2\/categories?post=18588"},{"taxonomy":"post_tag","embeddable":true,"href":"https:\/\/www.algebris.com\/de\/wp-json\/wp\/v2\/tags?post=18588"},{"taxonomy":"asset-class","embeddable":true,"href":"https:\/\/www.algebris.com\/de\/wp-json\/wp\/v2\/asset-class?post=18588"},{"taxonomy":"algebris-themes","embeddable":true,"href":"https:\/\/www.algebris.com\/de\/wp-json\/wp\/v2\/algebris-themes?post=18588"}],"curies":[{"name":"wp","href":"https:\/\/api.w.org\/{rel}","templated":true}]}}