{"id":19241,"date":"2023-11-15T11:15:12","date_gmt":"2023-11-15T11:15:12","guid":{"rendered":"https:\/\/www.algebris.com\/?p=19241"},"modified":"2023-11-15T11:18:50","modified_gmt":"2023-11-15T11:18:50","slug":"algebris-investments-baut-das-team-fuer-die-dach-region-weiter-aus","status":"publish","type":"post","link":"https:\/\/www.algebris.com\/de\/presse\/algebris-investments-baut-das-team-fuer-die-dach-region-weiter-aus\/","title":{"rendered":"Algebris Investments baut das Team f\u00fcr die DACH-Region weiter aus"},"content":{"rendered":"\n<p><em>Z\u00fcrich, 15. November 2023 \u2013 <\/em>Algebris Investments holt mit Christian B\u00fcchler sowie Phuong Nguyen gleich zwei Sales-Mitarbeiter an Bord und erweitert damit das Vertriebsteam f\u00fcr die DACH-Region. Der Aufbau des Teams in Z\u00fcrich ist ein klares Bekenntnis f\u00fcr mehr Wachstum und untermauert die weitere Expansionsstrategie in diesen Regionen.<\/p>\n\n\n\n<p>Karolyn Krekic, CEO Zurich Office und Head of DACH, erkl\u00e4rt: \u201cAlgebris ist stark gewachsen. Umso mehr freue ich mich, dass wir zwei so erfahrende Vertriebsmitarbeiter gewinnen konnten, um unsere Kunden noch besser zu beraten. Mit unseren Neuzug\u00e4ngen werden wir gemeinsam als Team aus Z\u00fcrich heraus die erfolgreiche Expansion in der DACH-Region fortsetzen. Dabei bieten wir den Kunden weiterhin unsere bew\u00e4hrten Investmentl\u00f6sungen an.\u201d<\/p>\n\n\n\n<p>Zum 1. November hat Christian B\u00fcchler die Position als Business Development Director angetreten. Er verantwortet das Gesch\u00e4ft mit Intermedi\u00e4ren Kunden in der deutsch- und franz\u00f6sischsprachigen Schweiz sowie \u00d6sterreich. Christian B\u00fcchler kommt von GAM Investments, wo er in verschiedenen Funktionen t\u00e4tig war, zuletzt in der Betreuung von Finanzintermedi\u00e4ren wie Banken, Family Offices, Versicherungen und unabh\u00e4ngige Verm\u00f6gensverwalter in der Schweiz. Davor war er am Auf- und Ausbau der Standorte Frankreich\/Monaco, den Benelux-L\u00e4ndern und \u00d6sterreich massgeblich beteiligt. Er begann seine Karriere bei UBS und verf\u00fcgt \u00fcber 15 Jahre Erfahrung im Finanzdienstleistungsbereich.<\/p>\n\n\n\n<p>Mit der Ernennung von Phuong Nguyen als Client Relations Senior Associate wird das Team von einem sehr erfahrenen Kollegen f\u00fcr das Wachstum der Kundenbasis in Deutschland, \u00d6sterreich und der Schweiz unterst\u00fctzt. Vor Algebris war Phuong Nguyen mehr als 23 Jahre lang bei GAM Investments t\u00e4tig, wo er unter anderem als Investment Controller, Portfolio &amp; Business Manager und zuletzt als Client Support Manager arbeitete.<\/p>\n\n\n\n<p>Karolyn Krekic, die als CEO das Z\u00fcricher B\u00fcro leitet, wird weiterhin mit Pietro Lamaro, Business Development Associate, die Kundenbasis in Deutschland weiter ausbauen. Pietro Lamaro kam 2019 zu Algebris, um die italienische Investorenbasis vom Mail\u00e4nder B\u00fcro aus zu unterst\u00fctzen. Mit seinem Wechsel nach Z\u00fcrich im Sommer 2023 wird er Kunden im Tessin sowie Deutschland betreuen.<\/p>\n","protected":false},"excerpt":{"rendered":"<p>Z\u00fcrich, 15. November 2023 \u2013 Algebris Investments holt mit Christian B\u00fcchler sowie Phuong Nguyen gleich zwei Sales-Mitarbeiter an Bord und erweitert damit das Vertriebsteam f\u00fcr die DACH-Region. Der Aufbau des Teams in Z\u00fcrich ist ein klares Bekenntnis f\u00fcr mehr Wachstum und untermauert die weitere Expansionsstrategie in diesen Regionen. Karolyn Krekic, CEO Zurich Office und Head [&hellip;]<\/p>\n","protected":false},"author":12,"featured_media":0,"comment_status":"closed","ping_status":"closed","sticky":false,"template":"","format":"standard","meta":{"_acf_changed":false,"footnotes":""},"categories":[181],"tags":[],"asset-class":[],"algebris-themes":[],"class_list":["post-19241","post","type-post","status-publish","format-standard","hentry","category-presse"],"acf":[],"yoast_head":"<!-- This site is optimized with the Yoast SEO plugin v27.1.1 - https:\/\/yoast.com\/product\/yoast-seo-wordpress\/ -->\n<title>Algebris Investments baut das Team f\u00fcr die DACH-Region weiter aus - Algebris Investments<\/title>\n<meta name=\"robots\" content=\"index, follow, max-snippet:-1, max-image-preview:large, max-video-preview:-1\" \/>\n<link rel=\"canonical\" href=\"https:\/\/www.algebris.com\/de\/presse\/algebris-investments-baut-das-team-fuer-die-dach-region-weiter-aus\/\" \/>\n<meta property=\"og:locale\" content=\"de_DE\" \/>\n<meta property=\"og:type\" content=\"article\" \/>\n<meta property=\"og:title\" content=\"Algebris Investments baut das Team f\u00fcr die DACH-Region weiter aus - Algebris Investments\" \/>\n<meta property=\"og:description\" content=\"Z\u00fcrich, 15. November 2023 \u2013 Algebris Investments holt mit Christian B\u00fcchler sowie Phuong Nguyen gleich zwei Sales-Mitarbeiter an Bord und erweitert damit das Vertriebsteam f\u00fcr die DACH-Region. Der Aufbau des Teams in Z\u00fcrich ist ein klares Bekenntnis f\u00fcr mehr Wachstum und untermauert die weitere Expansionsstrategie in diesen Regionen. Karolyn Krekic, CEO Zurich Office und Head [&hellip;]\" \/>\n<meta property=\"og:url\" content=\"https:\/\/www.algebris.com\/de\/presse\/algebris-investments-baut-das-team-fuer-die-dach-region-weiter-aus\/\" \/>\n<meta property=\"og:site_name\" content=\"Algebris Investments\" \/>\n<meta property=\"article:published_time\" content=\"2023-11-15T11:15:12+00:00\" \/>\n<meta property=\"article:modified_time\" content=\"2023-11-15T11:18:50+00:00\" \/>\n<meta name=\"author\" content=\"Simonetta Tumino\" \/>\n<meta name=\"twitter:card\" content=\"summary_large_image\" \/>\n<meta name=\"twitter:label1\" content=\"Written by\" \/>\n\t<meta name=\"twitter:data1\" content=\"Simonetta Tumino\" \/>\n\t<meta name=\"twitter:label2\" content=\"Est. reading time\" \/>\n\t<meta name=\"twitter:data2\" content=\"2 minutes\" \/>\n<script type=\"application\/ld+json\" class=\"yoast-schema-graph\">{\"@context\":\"https:\/\/schema.org\",\"@graph\":[{\"@type\":\"Article\",\"@id\":\"https:\/\/www.algebris.com\/de\/presse\/algebris-investments-baut-das-team-fuer-die-dach-region-weiter-aus\/#article\",\"isPartOf\":{\"@id\":\"https:\/\/www.algebris.com\/de\/presse\/algebris-investments-baut-das-team-fuer-die-dach-region-weiter-aus\/\"},\"author\":{\"name\":\"Simonetta Tumino\",\"@id\":\"https:\/\/www.algebris.com\/de\/#\/schema\/person\/9e9481a49b7abda89e4e2ea34a1fc156\"},\"headline\":\"Algebris Investments baut das Team f\u00fcr die DACH-Region weiter aus\",\"datePublished\":\"2023-11-15T11:15:12+00:00\",\"dateModified\":\"2023-11-15T11:18:50+00:00\",\"mainEntityOfPage\":{\"@id\":\"https:\/\/www.algebris.com\/de\/presse\/algebris-investments-baut-das-team-fuer-die-dach-region-weiter-aus\/\"},\"wordCount\":350,\"publisher\":{\"@id\":\"https:\/\/www.algebris.com\/de\/#organization\"},\"articleSection\":[\"Presse\"],\"inLanguage\":\"de-DE\"},{\"@type\":\"WebPage\",\"@id\":\"https:\/\/www.algebris.com\/de\/presse\/algebris-investments-baut-das-team-fuer-die-dach-region-weiter-aus\/\",\"url\":\"https:\/\/www.algebris.com\/de\/presse\/algebris-investments-baut-das-team-fuer-die-dach-region-weiter-aus\/\",\"name\":\"Algebris Investments baut das Team f\u00fcr die DACH-Region weiter aus - Algebris Investments\",\"isPartOf\":{\"@id\":\"https:\/\/www.algebris.com\/de\/#website\"},\"datePublished\":\"2023-11-15T11:15:12+00:00\",\"dateModified\":\"2023-11-15T11:18:50+00:00\",\"breadcrumb\":{\"@id\":\"https:\/\/www.algebris.com\/de\/presse\/algebris-investments-baut-das-team-fuer-die-dach-region-weiter-aus\/#breadcrumb\"},\"inLanguage\":\"de-DE\",\"potentialAction\":[{\"@type\":\"ReadAction\",\"target\":[\"https:\/\/www.algebris.com\/de\/presse\/algebris-investments-baut-das-team-fuer-die-dach-region-weiter-aus\/\"]}]},{\"@type\":\"BreadcrumbList\",\"@id\":\"https:\/\/www.algebris.com\/de\/presse\/algebris-investments-baut-das-team-fuer-die-dach-region-weiter-aus\/#breadcrumb\",\"itemListElement\":[{\"@type\":\"ListItem\",\"position\":1,\"name\":\"Home\",\"item\":\"https:\/\/www.algebris.com\/de\/\"},{\"@type\":\"ListItem\",\"position\":2,\"name\":\"Presse\",\"item\":\"https:\/\/www.algebris.com\/de\/category\/presse\/\"},{\"@type\":\"ListItem\",\"position\":3,\"name\":\"Algebris Investments baut das Team f\u00fcr die DACH-Region weiter aus\"}]},{\"@type\":\"WebSite\",\"@id\":\"https:\/\/www.algebris.com\/de\/#website\",\"url\":\"https:\/\/www.algebris.com\/de\/\",\"name\":\"Algebris Investments\",\"description\":\"\",\"publisher\":{\"@id\":\"https:\/\/www.algebris.com\/de\/#organization\"},\"potentialAction\":[{\"@type\":\"SearchAction\",\"target\":{\"@type\":\"EntryPoint\",\"urlTemplate\":\"https:\/\/www.algebris.com\/de\/?s={search_term_string}\"},\"query-input\":{\"@type\":\"PropertyValueSpecification\",\"valueRequired\":true,\"valueName\":\"search_term_string\"}}],\"inLanguage\":\"de-DE\"},{\"@type\":\"Organization\",\"@id\":\"https:\/\/www.algebris.com\/de\/#organization\",\"name\":\"Algebris Investments\",\"url\":\"https:\/\/www.algebris.com\/de\/\",\"logo\":{\"@type\":\"ImageObject\",\"inLanguage\":\"de-DE\",\"@id\":\"https:\/\/www.algebris.com\/de\/#\/schema\/logo\/image\/\",\"url\":\"https:\/\/media.algebris.com\/content\/cropped-logo1.png\",\"contentUrl\":\"https:\/\/media.algebris.com\/content\/cropped-logo1.png\",\"width\":250,\"height\":78,\"caption\":\"Algebris Investments\"},\"image\":{\"@id\":\"https:\/\/www.algebris.com\/de\/#\/schema\/logo\/image\/\"},\"sameAs\":[\"https:\/\/www.linkedin.com\/company\/algebris-investments\/about\/\",\"https:\/\/www.youtube.com\/channel\/UC_MiRdysidJhtSWRVxtH-3g\/featured\"]},{\"@type\":\"Person\",\"@id\":\"https:\/\/www.algebris.com\/de\/#\/schema\/person\/9e9481a49b7abda89e4e2ea34a1fc156\",\"name\":\"Simonetta Tumino\",\"image\":{\"@type\":\"ImageObject\",\"inLanguage\":\"de-DE\",\"@id\":\"https:\/\/www.algebris.com\/de\/#\/schema\/person\/image\/\",\"url\":\"https:\/\/secure.gravatar.com\/avatar\/799e5e9428fb66817f774343da17b36157e6d1a704fdd14c0773dab7f446a788?s=96&d=mm&r=g\",\"contentUrl\":\"https:\/\/secure.gravatar.com\/avatar\/799e5e9428fb66817f774343da17b36157e6d1a704fdd14c0773dab7f446a788?s=96&d=mm&r=g\",\"caption\":\"Simonetta Tumino\"}}]}<\/script>\n<!-- \/ Yoast SEO plugin. -->","yoast_head_json":{"title":"Algebris Investments baut das Team f\u00fcr die DACH-Region weiter aus - Algebris Investments","robots":{"index":"index","follow":"follow","max-snippet":"max-snippet:-1","max-image-preview":"max-image-preview:large","max-video-preview":"max-video-preview:-1"},"canonical":"https:\/\/www.algebris.com\/de\/presse\/algebris-investments-baut-das-team-fuer-die-dach-region-weiter-aus\/","og_locale":"de_DE","og_type":"article","og_title":"Algebris Investments baut das Team f\u00fcr die DACH-Region weiter aus - Algebris Investments","og_description":"Z\u00fcrich, 15. November 2023 \u2013 Algebris Investments holt mit Christian B\u00fcchler sowie Phuong Nguyen gleich zwei Sales-Mitarbeiter an Bord und erweitert damit das Vertriebsteam f\u00fcr die DACH-Region. Der Aufbau des Teams in Z\u00fcrich ist ein klares Bekenntnis f\u00fcr mehr Wachstum und untermauert die weitere Expansionsstrategie in diesen Regionen. Karolyn Krekic, CEO Zurich Office und Head [&hellip;]","og_url":"https:\/\/www.algebris.com\/de\/presse\/algebris-investments-baut-das-team-fuer-die-dach-region-weiter-aus\/","og_site_name":"Algebris Investments","article_published_time":"2023-11-15T11:15:12+00:00","article_modified_time":"2023-11-15T11:18:50+00:00","author":"Simonetta Tumino","twitter_card":"summary_large_image","twitter_misc":{"Written by":"Simonetta Tumino","Est. reading time":"2 minutes"},"schema":{"@context":"https:\/\/schema.org","@graph":[{"@type":"Article","@id":"https:\/\/www.algebris.com\/de\/presse\/algebris-investments-baut-das-team-fuer-die-dach-region-weiter-aus\/#article","isPartOf":{"@id":"https:\/\/www.algebris.com\/de\/presse\/algebris-investments-baut-das-team-fuer-die-dach-region-weiter-aus\/"},"author":{"name":"Simonetta Tumino","@id":"https:\/\/www.algebris.com\/de\/#\/schema\/person\/9e9481a49b7abda89e4e2ea34a1fc156"},"headline":"Algebris Investments baut das Team f\u00fcr die DACH-Region weiter aus","datePublished":"2023-11-15T11:15:12+00:00","dateModified":"2023-11-15T11:18:50+00:00","mainEntityOfPage":{"@id":"https:\/\/www.algebris.com\/de\/presse\/algebris-investments-baut-das-team-fuer-die-dach-region-weiter-aus\/"},"wordCount":350,"publisher":{"@id":"https:\/\/www.algebris.com\/de\/#organization"},"articleSection":["Presse"],"inLanguage":"de-DE"},{"@type":"WebPage","@id":"https:\/\/www.algebris.com\/de\/presse\/algebris-investments-baut-das-team-fuer-die-dach-region-weiter-aus\/","url":"https:\/\/www.algebris.com\/de\/presse\/algebris-investments-baut-das-team-fuer-die-dach-region-weiter-aus\/","name":"Algebris Investments baut das Team f\u00fcr die DACH-Region weiter aus - Algebris Investments","isPartOf":{"@id":"https:\/\/www.algebris.com\/de\/#website"},"datePublished":"2023-11-15T11:15:12+00:00","dateModified":"2023-11-15T11:18:50+00:00","breadcrumb":{"@id":"https:\/\/www.algebris.com\/de\/presse\/algebris-investments-baut-das-team-fuer-die-dach-region-weiter-aus\/#breadcrumb"},"inLanguage":"de-DE","potentialAction":[{"@type":"ReadAction","target":["https:\/\/www.algebris.com\/de\/presse\/algebris-investments-baut-das-team-fuer-die-dach-region-weiter-aus\/"]}]},{"@type":"BreadcrumbList","@id":"https:\/\/www.algebris.com\/de\/presse\/algebris-investments-baut-das-team-fuer-die-dach-region-weiter-aus\/#breadcrumb","itemListElement":[{"@type":"ListItem","position":1,"name":"Home","item":"https:\/\/www.algebris.com\/de\/"},{"@type":"ListItem","position":2,"name":"Presse","item":"https:\/\/www.algebris.com\/de\/category\/presse\/"},{"@type":"ListItem","position":3,"name":"Algebris Investments baut das Team f\u00fcr die DACH-Region weiter aus"}]},{"@type":"WebSite","@id":"https:\/\/www.algebris.com\/de\/#website","url":"https:\/\/www.algebris.com\/de\/","name":"Algebris Investments","description":"","publisher":{"@id":"https:\/\/www.algebris.com\/de\/#organization"},"potentialAction":[{"@type":"SearchAction","target":{"@type":"EntryPoint","urlTemplate":"https:\/\/www.algebris.com\/de\/?s={search_term_string}"},"query-input":{"@type":"PropertyValueSpecification","valueRequired":true,"valueName":"search_term_string"}}],"inLanguage":"de-DE"},{"@type":"Organization","@id":"https:\/\/www.algebris.com\/de\/#organization","name":"Algebris Investments","url":"https:\/\/www.algebris.com\/de\/","logo":{"@type":"ImageObject","inLanguage":"de-DE","@id":"https:\/\/www.algebris.com\/de\/#\/schema\/logo\/image\/","url":"https:\/\/media.algebris.com\/content\/cropped-logo1.png","contentUrl":"https:\/\/media.algebris.com\/content\/cropped-logo1.png","width":250,"height":78,"caption":"Algebris Investments"},"image":{"@id":"https:\/\/www.algebris.com\/de\/#\/schema\/logo\/image\/"},"sameAs":["https:\/\/www.linkedin.com\/company\/algebris-investments\/about\/","https:\/\/www.youtube.com\/channel\/UC_MiRdysidJhtSWRVxtH-3g\/featured"]},{"@type":"Person","@id":"https:\/\/www.algebris.com\/de\/#\/schema\/person\/9e9481a49b7abda89e4e2ea34a1fc156","name":"Simonetta Tumino","image":{"@type":"ImageObject","inLanguage":"de-DE","@id":"https:\/\/www.algebris.com\/de\/#\/schema\/person\/image\/","url":"https:\/\/secure.gravatar.com\/avatar\/799e5e9428fb66817f774343da17b36157e6d1a704fdd14c0773dab7f446a788?s=96&d=mm&r=g","contentUrl":"https:\/\/secure.gravatar.com\/avatar\/799e5e9428fb66817f774343da17b36157e6d1a704fdd14c0773dab7f446a788?s=96&d=mm&r=g","caption":"Simonetta Tumino"}}]}},"_links":{"self":[{"href":"https:\/\/www.algebris.com\/de\/wp-json\/wp\/v2\/posts\/19241","targetHints":{"allow":["GET"]}}],"collection":[{"href":"https:\/\/www.algebris.com\/de\/wp-json\/wp\/v2\/posts"}],"about":[{"href":"https:\/\/www.algebris.com\/de\/wp-json\/wp\/v2\/types\/post"}],"author":[{"embeddable":true,"href":"https:\/\/www.algebris.com\/de\/wp-json\/wp\/v2\/users\/12"}],"replies":[{"embeddable":true,"href":"https:\/\/www.algebris.com\/de\/wp-json\/wp\/v2\/comments?post=19241"}],"version-history":[{"count":4,"href":"https:\/\/www.algebris.com\/de\/wp-json\/wp\/v2\/posts\/19241\/revisions"}],"predecessor-version":[{"id":19249,"href":"https:\/\/www.algebris.com\/de\/wp-json\/wp\/v2\/posts\/19241\/revisions\/19249"}],"wp:attachment":[{"href":"https:\/\/www.algebris.com\/de\/wp-json\/wp\/v2\/media?parent=19241"}],"wp:term":[{"taxonomy":"category","embeddable":true,"href":"https:\/\/www.algebris.com\/de\/wp-json\/wp\/v2\/categories?post=19241"},{"taxonomy":"post_tag","embeddable":true,"href":"https:\/\/www.algebris.com\/de\/wp-json\/wp\/v2\/tags?post=19241"},{"taxonomy":"asset-class","embeddable":true,"href":"https:\/\/www.algebris.com\/de\/wp-json\/wp\/v2\/asset-class?post=19241"},{"taxonomy":"algebris-themes","embeddable":true,"href":"https:\/\/www.algebris.com\/de\/wp-json\/wp\/v2\/algebris-themes?post=19241"}],"curies":[{"name":"wp","href":"https:\/\/api.w.org\/{rel}","templated":true}]}}