{"id":26554,"date":"2025-04-23T08:45:34","date_gmt":"2025-04-23T08:45:34","guid":{"rendered":"https:\/\/www.algebris.com\/?p=26554"},"modified":"2025-04-23T10:16:09","modified_gmt":"2025-04-23T10:16:09","slug":"global-equity-bullets-mittwoch-23-april-2025","status":"publish","type":"post","link":"https:\/\/www.algebris.com\/de\/market-views-de\/global-equity-bullets-mittwoch-23-april-2025\/","title":{"rendered":"GLOBAL EQUITY BULLETS | Mittwoch, 23. April 2025"},"content":{"rendered":"\n<h5 class=\"wp-block-heading\"><strong><strong><strong><strong><strong>B\u00e4rische Tiefs, bullische Hochs: Eine Woche der Extreme<\/strong><\/strong><\/strong><\/strong><\/strong><br><\/h5>\n\n\n\n<p>Die erste Aprilwoche glich einer Achterbahnfahrt an den Finanzm\u00e4rkten. Am Montag, dem 7. April , fiel der S&amp;P 500 um 0,2 % und n\u00e4herte sich einem B\u00e4renmarkt. Die Renditen von US-Staatsanleihen erholten sich nach anf\u00e4nglichem R\u00fcckgang, w\u00e4hrend der VIX auf ein Intraday-Hoch von 60 kletterte \u2013 ein Ausdruck massiver Unsicherheit. Der Markt antizipierte vier Zinssenkungen durch die Fed. Der US-Dollar legte zu, w\u00e4hrend Gold nachgab.<\/p>\n\n\n\n<p>Am Dienstag, dem 8. April, verlor der S&amp;P 500 weitere 1,6 % und stand kurz davor, offiziell in einen B\u00e4renmarkt \u00fcberzugehen. Das Handelsvolumen stieg auf 23 Milliarden Aktien, w\u00e4hrend langfristige Renditen anzogen. Der US-Dollar, Roh\u00f6l und Bitcoin verzeichneten Kursr\u00fcckg\u00e4nge \u2013 ein Indikator f\u00fcr eine breite Marktschw\u00e4che.<\/p>\n\n\n\n<p>Eine dramatische Umkehr folgte am Mittwoch, dem 9. April : Der S&amp;P 500 sprang um 9,5 % nach oben \u2013 der gr\u00f6sste Tagesgewinn seit der Finanzkrise \u2013 und der Nasdaq 100 stieg um 12 %. Mit 30 Milliarden gehandelten Aktien wurde ein Rekord erreicht. Zweij\u00e4hrige Anleihenrenditen \u00fcberschritten kurzfristig 4 %, und die Erwartungshaltung zu Fed-Zinssenkungen wurde reduziert. Goldman Sachs zog seine Rezessionsprognose f\u00fcr die USA zur\u00fcck.<\/p>\n\n\n\n<p>Der Optimismus hielt jedoch nicht lange: Am Donnerstag, dem 10. April , fiel der S&amp;P 500 um 3,5 %. Der US-Dollar verzeichnete den schw\u00e4chsten Tag seit 2022, und eine starke Auktion 30-j\u00e4hriger Staatsanleihen konnte die Marktstimmung nicht aufhellen. \u00d6lpreise fielen erneut, w\u00e4hrend Gold eine Gegenbewegung nach oben zeigte.<\/p>\n\n\n\n<p>Am Freitag, dem 11. April, endete die Woche positiv: Der S&amp;P 500 stieg um knapp 2 % und verzeichnete damit die beste Wochenperformance seit 2023. Die Renditen 30-j\u00e4hriger Anleihen sanken, blieben jedoch auf erh\u00f6htem Niveau. Der Dollar schw\u00e4chte sich ab, w\u00e4hrend Euro und Bitcoin zulegen konnten.<\/p>\n\n\n\n<div style=\"height:30px\" aria-hidden=\"true\" class=\"wp-block-spacer\"><\/div>\n\n\n\n<h5 class=\"wp-block-heading\"><strong><strong><br><br><strong><strong><strong>Made in Asia, Paid in America: Wie Z\u00f6lle US-Arbeitspl\u00e4tze bedrohen k\u00f6nnten<\/strong><\/strong><\/strong><\/strong><\/strong><br><\/h5>\n\n\n\n<div class=\"wp-block-columns is-layout-flex wp-container-core-columns-is-layout-9d6595d7 wp-block-columns-is-layout-flex\">\n<div class=\"wp-block-column is-layout-flow wp-block-column-is-layout-flow\">\n<p>Bereits 2016 analysierte Sole Review die Gewinn- und Verlustrechnung von Nike anhand eines hypothetischen Schuhs zum Preis von 100 $. Von diesen 100 $ entfielen 22 $ auf Herstellungskosten, einschliesslich Fracht, zuz\u00fcglich Steuern und Marketing. Nike verkaufte den Schuh anschliessend f\u00fcr 50 $ an den Einzelhandel.<\/p>\n\n\n\n<p>Ein Einfuhrzoll in H\u00f6he von 26 $ bedeutet nicht zwangsl\u00e4ufig, dass der Endpreis um genau diesen Betrag steigt. Das eigentliche Risiko liegt jedoch in einem generellen Anstieg der Kosten, was den Schuh f\u00fcr Konsumenten erheblich teurer machen k\u00f6nnte.<\/p>\n<\/div>\n\n\n\n<div class=\"wp-block-column is-layout-flow wp-block-column-is-layout-flow\">\n<figure class=\"wp-block-image size-full\"><img loading=\"lazy\" decoding=\"async\" width=\"786\" height=\"593\" src=\"https:\/\/media.algebris.com\/content\/Global-Equity-Bullets-2025-04-23-image1-eng.png\" alt=\"\" class=\"wp-image-26507\" srcset=\"https:\/\/media.algebris.com\/content\/Global-Equity-Bullets-2025-04-23-image1-eng.png 786w, https:\/\/media.algebris.com\/content\/Global-Equity-Bullets-2025-04-23-image1-eng-500x377.png 500w, https:\/\/media.algebris.com\/content\/Global-Equity-Bullets-2025-04-23-image1-eng-768x579.png 768w\" sizes=\"auto, (max-width: 786px) 100vw, 786px\" \/><figcaption class=\"wp-element-caption\">Quelle: Sole Review. Stand: 2016.<\/figcaption><\/figure>\n<\/div>\n<\/div>\n\n\n\n<p>Obwohl in Asien produziert, schaffen diese Schuhe dennoch Arbeitspl\u00e4tze in den USA \u2013 da der Verkauf vor Ort weiterhin Verk\u00e4ufer, Filialleiter und weitere Besch\u00e4ftigte erfordert. Dar\u00fcber hinaus sind Nikes US-basierte Teams aus Design, Marketing und Markenstrategie ein zentraler Bestandteil der Wertsch\u00f6pfungskette.<\/p>\n\n\n\n<p>Wenn Nike 25 $ f\u00fcr die Produktion eines Paares zahlt, verbleiben etwa 12,50 $ beim Hersteller. Davon geht wiederum nur ein Bruchteil direkt an die Arbeitskr\u00e4fte. Unter Einhaltung ethischer Arbeitsstandards sind diese L\u00f6hne \u2013 wenngleich gering \u2013 Teil eines globalen \u00f6konomischen Gef\u00fcges.<\/p>\n\n\n\n<p>Dies verdeutlicht den Wandel hin zu einer postindustriellen Wirtschaft. Die USA und andere entwickelte Volkswirtschaften fokussieren sich zunehmend auf h\u00f6herwertige T\u00e4tigkeiten wie Design, Branding und Marketing, w\u00e4hrend die Fertigung in kosteng\u00fcnstigere L\u00e4nder ausgelagert wird. Dieses Modell erlaubt es Unternehmen, Konsumg\u00fcter erschwinglich anzubieten.<\/p>\n\n\n\n<p>Ironischerweise kann die Auslagerung der Produktion ins Ausland zu mehr Besch\u00e4ftigung im Inland f\u00fchren. Sollten politische oder wirtschaftliche Massnahmen die Preise jedoch zu stark in die H\u00f6he treiben \u2013 etwa auf 220 $ pro Paar \u2013 k\u00f6nnte die Nachfrage einbrechen, was Arbeitspl\u00e4tze im Einzelhandel und in der Designbranche in den USA gef\u00e4hrden w\u00fcrde.<\/p>\n\n\n\n<div style=\"height:30px\" aria-hidden=\"true\" class=\"wp-block-spacer\"><\/div>\n\n\n\n<h5 class=\"wp-block-heading\"><strong><strong><strong><strong><strong><strong>Waffen statt Butter: Europas strategische Neuausrichtung<\/strong><\/strong><\/strong><\/strong><\/strong><\/strong><br><\/h5>\n\n\n\n<div class=\"wp-block-columns is-layout-flex wp-container-core-columns-is-layout-9d6595d7 wp-block-columns-is-layout-flex\">\n<div class=\"wp-block-column is-layout-flow wp-block-column-is-layout-flow\">\n<p>Die europ\u00e4ische Wiederbewaffnung schreitet z\u00fcgig voran und signalisiert eine strukturelle Neuausrichtung der Verteidigungspriorit\u00e4ten auf dem Kontinent. NATO-Mitglieder in Europa werden voraussichtlich ihre Verteidigungsausgaben bis 2030 auf 3 % des BIP erh\u00f6hen \u2013 gegen\u00fcber 2,1 % im Jahr 2024. Im Vergleich zum Durchschnitt von nur 1,2 % in den 2010er Jahren zeigt sich der rasante Wandel deutlich.<\/p>\n\n\n\n<p>Dieser Anstieg wird durch zunehmende geopolitische Spannungen sowie das Streben nach strategischer Autonomie getrieben. Mit dem Ausbau der Verteidigungsbudgets ergeben sich tiefgreifende Konsequenzen f\u00fcr Industriepolitik, fiskalische Stabilit\u00e4t und die gesamte Sicherheitsarchitektur Europas.<\/p>\n<\/div>\n\n\n\n<div class=\"wp-block-column is-layout-flow wp-block-column-is-layout-flow\">\n<figure class=\"wp-block-image size-full\"><img loading=\"lazy\" decoding=\"async\" width=\"789\" height=\"583\" src=\"https:\/\/media.algebris.com\/content\/Global-Equity-Bullets-2025-04-23-image3-eng-1.png\" alt=\"\" class=\"wp-image-26567\" srcset=\"https:\/\/media.algebris.com\/content\/Global-Equity-Bullets-2025-04-23-image3-eng-1.png 789w, https:\/\/media.algebris.com\/content\/Global-Equity-Bullets-2025-04-23-image3-eng-1-500x369.png 500w, https:\/\/media.algebris.com\/content\/Global-Equity-Bullets-2025-04-23-image3-eng-1-768x567.png 768w\" sizes=\"auto, (max-width: 789px) 100vw, 789px\" \/><figcaption class=\"wp-element-caption\">Quelle: Oxford Economics\/NATO\/IWF. Stand: 31\/12\/2024.<\/figcaption><\/figure>\n<\/div>\n<\/div>\n\n\n\n<p><\/p>\n\n\n\n<div style=\"height:30px\" aria-hidden=\"true\" class=\"wp-block-spacer\"><\/div>\n\n\n\n<div style=\"height:20px\" aria-hidden=\"true\" class=\"wp-block-spacer\"><\/div>\n\n\n\n<p>Algebris Investments&#8217; <em>Global Equity Team<\/em><\/p>\n\n\n\n<p><\/p>\n","protected":false},"excerpt":{"rendered":"<p>B\u00e4rische Tiefs, bullische Hochs: Eine Woche der Extreme Die erste Aprilwoche glich einer Achterbahnfahrt an den Finanzm\u00e4rkten. Am Montag, dem 7. April , fiel der S&amp;P 500 um 0,2 % und n\u00e4herte sich einem B\u00e4renmarkt. Die Renditen von US-Staatsanleihen erholten sich nach anf\u00e4nglichem R\u00fcckgang, w\u00e4hrend der VIX auf ein Intraday-Hoch von 60 kletterte \u2013 ein [&hellip;]<\/p>\n","protected":false},"author":7,"featured_media":26511,"comment_status":"closed","ping_status":"closed","sticky":false,"template":"","format":"standard","meta":{"_acf_changed":false,"footnotes":""},"categories":[212],"tags":[],"asset-class":[227],"algebris-themes":[279],"class_list":["post-26554","post","type-post","status-publish","format-standard","has-post-thumbnail","hentry","category-market-views-de","asset-class-equity-de","algebris-themes-global-equity-theme-de"],"acf":[],"yoast_head":"<!-- This site is optimized with the Yoast SEO plugin v27.1.1 - https:\/\/yoast.com\/product\/yoast-seo-wordpress\/ -->\n<title>GLOBAL EQUITY BULLETS | Mittwoch, 23. April 2025 - Algebris Investments<\/title>\n<meta name=\"robots\" content=\"index, follow, max-snippet:-1, max-image-preview:large, max-video-preview:-1\" \/>\n<link rel=\"canonical\" href=\"https:\/\/www.algebris.com\/de\/market-views-de\/global-equity-bullets-mittwoch-23-april-2025\/\" \/>\n<meta property=\"og:locale\" content=\"de_DE\" \/>\n<meta property=\"og:type\" content=\"article\" \/>\n<meta property=\"og:title\" content=\"GLOBAL EQUITY BULLETS | Mittwoch, 23. April 2025 - Algebris Investments\" \/>\n<meta property=\"og:description\" content=\"B\u00e4rische Tiefs, bullische Hochs: Eine Woche der Extreme Die erste Aprilwoche glich einer Achterbahnfahrt an den Finanzm\u00e4rkten. Am Montag, dem 7. April , fiel der S&amp;P 500 um 0,2 % und n\u00e4herte sich einem B\u00e4renmarkt. Die Renditen von US-Staatsanleihen erholten sich nach anf\u00e4nglichem R\u00fcckgang, w\u00e4hrend der VIX auf ein Intraday-Hoch von 60 kletterte \u2013 ein [&hellip;]\" \/>\n<meta property=\"og:url\" content=\"https:\/\/www.algebris.com\/de\/market-views-de\/global-equity-bullets-mittwoch-23-april-2025\/\" \/>\n<meta property=\"og:site_name\" content=\"Algebris Investments\" \/>\n<meta property=\"article:published_time\" content=\"2025-04-23T08:45:34+00:00\" \/>\n<meta property=\"article:modified_time\" content=\"2025-04-23T10:16:09+00:00\" \/>\n<meta property=\"og:image\" content=\"https:\/\/media.algebris.com\/content\/AdobeStock_257756024_web-1024x682.png\" \/>\n\t<meta property=\"og:image:width\" content=\"1024\" \/>\n\t<meta property=\"og:image:height\" content=\"682\" \/>\n\t<meta property=\"og:image:type\" content=\"image\/png\" \/>\n<meta name=\"author\" content=\"Andrea Molteni\" \/>\n<meta name=\"twitter:card\" content=\"summary_large_image\" \/>\n<meta name=\"twitter:label1\" content=\"Written by\" \/>\n\t<meta name=\"twitter:data1\" content=\"Andrea Molteni\" \/>\n\t<meta name=\"twitter:label2\" content=\"Est. reading time\" \/>\n\t<meta name=\"twitter:data2\" content=\"4 minutes\" \/>\n<script type=\"application\/ld+json\" class=\"yoast-schema-graph\">{\"@context\":\"https:\/\/schema.org\",\"@graph\":[{\"@type\":\"Article\",\"@id\":\"https:\/\/www.algebris.com\/de\/market-views-de\/global-equity-bullets-mittwoch-23-april-2025\/#article\",\"isPartOf\":{\"@id\":\"https:\/\/www.algebris.com\/de\/market-views-de\/global-equity-bullets-mittwoch-23-april-2025\/\"},\"author\":{\"name\":\"Andrea Molteni\",\"@id\":\"https:\/\/www.algebris.com\/de\/#\/schema\/person\/4b3d11dd0f7d6e3130de26cc9436a0bc\"},\"headline\":\"GLOBAL EQUITY BULLETS | Mittwoch, 23. April 2025\",\"datePublished\":\"2025-04-23T08:45:34+00:00\",\"dateModified\":\"2025-04-23T10:16:09+00:00\",\"mainEntityOfPage\":{\"@id\":\"https:\/\/www.algebris.com\/de\/market-views-de\/global-equity-bullets-mittwoch-23-april-2025\/\"},\"wordCount\":672,\"publisher\":{\"@id\":\"https:\/\/www.algebris.com\/de\/#organization\"},\"image\":{\"@id\":\"https:\/\/www.algebris.com\/de\/market-views-de\/global-equity-bullets-mittwoch-23-april-2025\/#primaryimage\"},\"thumbnailUrl\":\"https:\/\/media.algebris.com\/content\/AdobeStock_257756024_web.png\",\"articleSection\":[\"Marktmeinungen\"],\"inLanguage\":\"de-DE\"},{\"@type\":\"WebPage\",\"@id\":\"https:\/\/www.algebris.com\/de\/market-views-de\/global-equity-bullets-mittwoch-23-april-2025\/\",\"url\":\"https:\/\/www.algebris.com\/de\/market-views-de\/global-equity-bullets-mittwoch-23-april-2025\/\",\"name\":\"GLOBAL EQUITY BULLETS | Mittwoch, 23. April 2025 - Algebris Investments\",\"isPartOf\":{\"@id\":\"https:\/\/www.algebris.com\/de\/#website\"},\"primaryImageOfPage\":{\"@id\":\"https:\/\/www.algebris.com\/de\/market-views-de\/global-equity-bullets-mittwoch-23-april-2025\/#primaryimage\"},\"image\":{\"@id\":\"https:\/\/www.algebris.com\/de\/market-views-de\/global-equity-bullets-mittwoch-23-april-2025\/#primaryimage\"},\"thumbnailUrl\":\"https:\/\/media.algebris.com\/content\/AdobeStock_257756024_web.png\",\"datePublished\":\"2025-04-23T08:45:34+00:00\",\"dateModified\":\"2025-04-23T10:16:09+00:00\",\"breadcrumb\":{\"@id\":\"https:\/\/www.algebris.com\/de\/market-views-de\/global-equity-bullets-mittwoch-23-april-2025\/#breadcrumb\"},\"inLanguage\":\"de-DE\",\"potentialAction\":[{\"@type\":\"ReadAction\",\"target\":[\"https:\/\/www.algebris.com\/de\/market-views-de\/global-equity-bullets-mittwoch-23-april-2025\/\"]}]},{\"@type\":\"ImageObject\",\"inLanguage\":\"de-DE\",\"@id\":\"https:\/\/www.algebris.com\/de\/market-views-de\/global-equity-bullets-mittwoch-23-april-2025\/#primaryimage\",\"url\":\"https:\/\/media.algebris.com\/content\/AdobeStock_257756024_web.png\",\"contentUrl\":\"https:\/\/media.algebris.com\/content\/AdobeStock_257756024_web.png\",\"width\":1400,\"height\":933},{\"@type\":\"BreadcrumbList\",\"@id\":\"https:\/\/www.algebris.com\/de\/market-views-de\/global-equity-bullets-mittwoch-23-april-2025\/#breadcrumb\",\"itemListElement\":[{\"@type\":\"ListItem\",\"position\":1,\"name\":\"Home\",\"item\":\"https:\/\/www.algebris.com\/de\/\"},{\"@type\":\"ListItem\",\"position\":2,\"name\":\"Marktmeinungen\",\"item\":\"https:\/\/www.algebris.com\/de\/category\/market-views-de\/\"},{\"@type\":\"ListItem\",\"position\":3,\"name\":\"GLOBAL EQUITY BULLETS | Mittwoch, 23. April 2025\"}]},{\"@type\":\"WebSite\",\"@id\":\"https:\/\/www.algebris.com\/de\/#website\",\"url\":\"https:\/\/www.algebris.com\/de\/\",\"name\":\"Algebris Investments\",\"description\":\"\",\"publisher\":{\"@id\":\"https:\/\/www.algebris.com\/de\/#organization\"},\"potentialAction\":[{\"@type\":\"SearchAction\",\"target\":{\"@type\":\"EntryPoint\",\"urlTemplate\":\"https:\/\/www.algebris.com\/de\/?s={search_term_string}\"},\"query-input\":{\"@type\":\"PropertyValueSpecification\",\"valueRequired\":true,\"valueName\":\"search_term_string\"}}],\"inLanguage\":\"de-DE\"},{\"@type\":\"Organization\",\"@id\":\"https:\/\/www.algebris.com\/de\/#organization\",\"name\":\"Algebris Investments\",\"url\":\"https:\/\/www.algebris.com\/de\/\",\"logo\":{\"@type\":\"ImageObject\",\"inLanguage\":\"de-DE\",\"@id\":\"https:\/\/www.algebris.com\/de\/#\/schema\/logo\/image\/\",\"url\":\"https:\/\/media.algebris.com\/content\/cropped-logo1.png\",\"contentUrl\":\"https:\/\/media.algebris.com\/content\/cropped-logo1.png\",\"width\":250,\"height\":78,\"caption\":\"Algebris Investments\"},\"image\":{\"@id\":\"https:\/\/www.algebris.com\/de\/#\/schema\/logo\/image\/\"},\"sameAs\":[\"https:\/\/www.linkedin.com\/company\/algebris-investments\/about\/\",\"https:\/\/www.youtube.com\/channel\/UC_MiRdysidJhtSWRVxtH-3g\/featured\"]},{\"@type\":\"Person\",\"@id\":\"https:\/\/www.algebris.com\/de\/#\/schema\/person\/4b3d11dd0f7d6e3130de26cc9436a0bc\",\"name\":\"Andrea Molteni\",\"image\":{\"@type\":\"ImageObject\",\"inLanguage\":\"de-DE\",\"@id\":\"https:\/\/www.algebris.com\/de\/#\/schema\/person\/image\/\",\"url\":\"https:\/\/secure.gravatar.com\/avatar\/62e54ff4a2115d90cc8d67b085990ae2b90fd1fdc412c647e1d63cd03fde6493?s=96&d=mm&r=g\",\"contentUrl\":\"https:\/\/secure.gravatar.com\/avatar\/62e54ff4a2115d90cc8d67b085990ae2b90fd1fdc412c647e1d63cd03fde6493?s=96&d=mm&r=g\",\"caption\":\"Andrea Molteni\"}}]}<\/script>\n<!-- \/ Yoast SEO plugin. -->","yoast_head_json":{"title":"GLOBAL EQUITY BULLETS | Mittwoch, 23. April 2025 - Algebris Investments","robots":{"index":"index","follow":"follow","max-snippet":"max-snippet:-1","max-image-preview":"max-image-preview:large","max-video-preview":"max-video-preview:-1"},"canonical":"https:\/\/www.algebris.com\/de\/market-views-de\/global-equity-bullets-mittwoch-23-april-2025\/","og_locale":"de_DE","og_type":"article","og_title":"GLOBAL EQUITY BULLETS | Mittwoch, 23. April 2025 - Algebris Investments","og_description":"B\u00e4rische Tiefs, bullische Hochs: Eine Woche der Extreme Die erste Aprilwoche glich einer Achterbahnfahrt an den Finanzm\u00e4rkten. Am Montag, dem 7. April , fiel der S&amp;P 500 um 0,2 % und n\u00e4herte sich einem B\u00e4renmarkt. Die Renditen von US-Staatsanleihen erholten sich nach anf\u00e4nglichem R\u00fcckgang, w\u00e4hrend der VIX auf ein Intraday-Hoch von 60 kletterte \u2013 ein [&hellip;]","og_url":"https:\/\/www.algebris.com\/de\/market-views-de\/global-equity-bullets-mittwoch-23-april-2025\/","og_site_name":"Algebris Investments","article_published_time":"2025-04-23T08:45:34+00:00","article_modified_time":"2025-04-23T10:16:09+00:00","og_image":[{"width":1024,"height":682,"url":"https:\/\/media.algebris.com\/content\/AdobeStock_257756024_web-1024x682.png","type":"image\/png"}],"author":"Andrea Molteni","twitter_card":"summary_large_image","twitter_misc":{"Written by":"Andrea Molteni","Est. reading time":"4 minutes"},"schema":{"@context":"https:\/\/schema.org","@graph":[{"@type":"Article","@id":"https:\/\/www.algebris.com\/de\/market-views-de\/global-equity-bullets-mittwoch-23-april-2025\/#article","isPartOf":{"@id":"https:\/\/www.algebris.com\/de\/market-views-de\/global-equity-bullets-mittwoch-23-april-2025\/"},"author":{"name":"Andrea Molteni","@id":"https:\/\/www.algebris.com\/de\/#\/schema\/person\/4b3d11dd0f7d6e3130de26cc9436a0bc"},"headline":"GLOBAL EQUITY BULLETS | Mittwoch, 23. April 2025","datePublished":"2025-04-23T08:45:34+00:00","dateModified":"2025-04-23T10:16:09+00:00","mainEntityOfPage":{"@id":"https:\/\/www.algebris.com\/de\/market-views-de\/global-equity-bullets-mittwoch-23-april-2025\/"},"wordCount":672,"publisher":{"@id":"https:\/\/www.algebris.com\/de\/#organization"},"image":{"@id":"https:\/\/www.algebris.com\/de\/market-views-de\/global-equity-bullets-mittwoch-23-april-2025\/#primaryimage"},"thumbnailUrl":"https:\/\/media.algebris.com\/content\/AdobeStock_257756024_web.png","articleSection":["Marktmeinungen"],"inLanguage":"de-DE"},{"@type":"WebPage","@id":"https:\/\/www.algebris.com\/de\/market-views-de\/global-equity-bullets-mittwoch-23-april-2025\/","url":"https:\/\/www.algebris.com\/de\/market-views-de\/global-equity-bullets-mittwoch-23-april-2025\/","name":"GLOBAL EQUITY BULLETS | Mittwoch, 23. April 2025 - Algebris Investments","isPartOf":{"@id":"https:\/\/www.algebris.com\/de\/#website"},"primaryImageOfPage":{"@id":"https:\/\/www.algebris.com\/de\/market-views-de\/global-equity-bullets-mittwoch-23-april-2025\/#primaryimage"},"image":{"@id":"https:\/\/www.algebris.com\/de\/market-views-de\/global-equity-bullets-mittwoch-23-april-2025\/#primaryimage"},"thumbnailUrl":"https:\/\/media.algebris.com\/content\/AdobeStock_257756024_web.png","datePublished":"2025-04-23T08:45:34+00:00","dateModified":"2025-04-23T10:16:09+00:00","breadcrumb":{"@id":"https:\/\/www.algebris.com\/de\/market-views-de\/global-equity-bullets-mittwoch-23-april-2025\/#breadcrumb"},"inLanguage":"de-DE","potentialAction":[{"@type":"ReadAction","target":["https:\/\/www.algebris.com\/de\/market-views-de\/global-equity-bullets-mittwoch-23-april-2025\/"]}]},{"@type":"ImageObject","inLanguage":"de-DE","@id":"https:\/\/www.algebris.com\/de\/market-views-de\/global-equity-bullets-mittwoch-23-april-2025\/#primaryimage","url":"https:\/\/media.algebris.com\/content\/AdobeStock_257756024_web.png","contentUrl":"https:\/\/media.algebris.com\/content\/AdobeStock_257756024_web.png","width":1400,"height":933},{"@type":"BreadcrumbList","@id":"https:\/\/www.algebris.com\/de\/market-views-de\/global-equity-bullets-mittwoch-23-april-2025\/#breadcrumb","itemListElement":[{"@type":"ListItem","position":1,"name":"Home","item":"https:\/\/www.algebris.com\/de\/"},{"@type":"ListItem","position":2,"name":"Marktmeinungen","item":"https:\/\/www.algebris.com\/de\/category\/market-views-de\/"},{"@type":"ListItem","position":3,"name":"GLOBAL EQUITY BULLETS | Mittwoch, 23. April 2025"}]},{"@type":"WebSite","@id":"https:\/\/www.algebris.com\/de\/#website","url":"https:\/\/www.algebris.com\/de\/","name":"Algebris Investments","description":"","publisher":{"@id":"https:\/\/www.algebris.com\/de\/#organization"},"potentialAction":[{"@type":"SearchAction","target":{"@type":"EntryPoint","urlTemplate":"https:\/\/www.algebris.com\/de\/?s={search_term_string}"},"query-input":{"@type":"PropertyValueSpecification","valueRequired":true,"valueName":"search_term_string"}}],"inLanguage":"de-DE"},{"@type":"Organization","@id":"https:\/\/www.algebris.com\/de\/#organization","name":"Algebris Investments","url":"https:\/\/www.algebris.com\/de\/","logo":{"@type":"ImageObject","inLanguage":"de-DE","@id":"https:\/\/www.algebris.com\/de\/#\/schema\/logo\/image\/","url":"https:\/\/media.algebris.com\/content\/cropped-logo1.png","contentUrl":"https:\/\/media.algebris.com\/content\/cropped-logo1.png","width":250,"height":78,"caption":"Algebris Investments"},"image":{"@id":"https:\/\/www.algebris.com\/de\/#\/schema\/logo\/image\/"},"sameAs":["https:\/\/www.linkedin.com\/company\/algebris-investments\/about\/","https:\/\/www.youtube.com\/channel\/UC_MiRdysidJhtSWRVxtH-3g\/featured"]},{"@type":"Person","@id":"https:\/\/www.algebris.com\/de\/#\/schema\/person\/4b3d11dd0f7d6e3130de26cc9436a0bc","name":"Andrea Molteni","image":{"@type":"ImageObject","inLanguage":"de-DE","@id":"https:\/\/www.algebris.com\/de\/#\/schema\/person\/image\/","url":"https:\/\/secure.gravatar.com\/avatar\/62e54ff4a2115d90cc8d67b085990ae2b90fd1fdc412c647e1d63cd03fde6493?s=96&d=mm&r=g","contentUrl":"https:\/\/secure.gravatar.com\/avatar\/62e54ff4a2115d90cc8d67b085990ae2b90fd1fdc412c647e1d63cd03fde6493?s=96&d=mm&r=g","caption":"Andrea Molteni"}}]}},"_links":{"self":[{"href":"https:\/\/www.algebris.com\/de\/wp-json\/wp\/v2\/posts\/26554","targetHints":{"allow":["GET"]}}],"collection":[{"href":"https:\/\/www.algebris.com\/de\/wp-json\/wp\/v2\/posts"}],"about":[{"href":"https:\/\/www.algebris.com\/de\/wp-json\/wp\/v2\/types\/post"}],"author":[{"embeddable":true,"href":"https:\/\/www.algebris.com\/de\/wp-json\/wp\/v2\/users\/7"}],"replies":[{"embeddable":true,"href":"https:\/\/www.algebris.com\/de\/wp-json\/wp\/v2\/comments?post=26554"}],"version-history":[{"count":3,"href":"https:\/\/www.algebris.com\/de\/wp-json\/wp\/v2\/posts\/26554\/revisions"}],"predecessor-version":[{"id":26571,"href":"https:\/\/www.algebris.com\/de\/wp-json\/wp\/v2\/posts\/26554\/revisions\/26571"}],"wp:featuredmedia":[{"embeddable":true,"href":"https:\/\/www.algebris.com\/de\/wp-json\/wp\/v2\/media\/26511"}],"wp:attachment":[{"href":"https:\/\/www.algebris.com\/de\/wp-json\/wp\/v2\/media?parent=26554"}],"wp:term":[{"taxonomy":"category","embeddable":true,"href":"https:\/\/www.algebris.com\/de\/wp-json\/wp\/v2\/categories?post=26554"},{"taxonomy":"post_tag","embeddable":true,"href":"https:\/\/www.algebris.com\/de\/wp-json\/wp\/v2\/tags?post=26554"},{"taxonomy":"asset-class","embeddable":true,"href":"https:\/\/www.algebris.com\/de\/wp-json\/wp\/v2\/asset-class?post=26554"},{"taxonomy":"algebris-themes","embeddable":true,"href":"https:\/\/www.algebris.com\/de\/wp-json\/wp\/v2\/algebris-themes?post=26554"}],"curies":[{"name":"wp","href":"https:\/\/api.w.org\/{rel}","templated":true}]}}