{"id":27221,"date":"2025-06-25T10:55:10","date_gmt":"2025-06-25T10:55:10","guid":{"rendered":"https:\/\/www.algebris.com\/?p=27221"},"modified":"2025-06-25T11:08:37","modified_gmt":"2025-06-25T11:08:37","slug":"global-equity-bullets-mittwoch-25-juni-2025","status":"publish","type":"post","link":"https:\/\/www.algebris.com\/de\/market-views-de\/global-equity-bullets-mittwoch-25-juni-2025\/","title":{"rendered":"GLOBAL EQUITY BULLETS | Mittwoch, 25. Juni 2025"},"content":{"rendered":"\n<h5 class=\"wp-block-heading\"><strong><strong><strong><strong><strong><strong>Wechselkursentwicklung und regionale Divergenzen pr\u00e4gen die Aktienmarktentwicklung im bisherigen Jahresverlauf<\/strong><\/strong><\/strong><\/strong><\/strong><\/strong><\/h5>\n\n\n\n<p>Per 20. Juni 2025 verzeichnete der S&amp;P 500 eine Jahresperformance von +2 %. Trotz eines soliden Gewinnwachstums pro Aktie (EPS) sah sich der Index unserer Einsch\u00e4tzung nach mit Bewertungsdruck konfrontiert, da die Multiplikatoren im Zuge gestiegener Unsicherheit zur\u00fcckgingen.<\/p>\n\n\n\n<p>F\u00fcr europ\u00e4ische Anleger stellte sich die Lage jedoch deutlich anders dar: In Euro gerechnet lag die S&amp;P-500-Performance bei -8 % im bisherigen Jahresverlauf \u2013 massgeblich beeinflusst durch die deutliche Abwertung des US-Dollars gegen\u00fcber dem Euro in der ersten Jahresh\u00e4lfte 2025. Dies unterstreicht den erheblichen Einfluss von Wechselkursbewegungen auf grenz\u00fcberschreitende Anlageergebnisse.<\/p>\n\n\n\n<p>Im Gegensatz dazu entwickelten sich europ\u00e4ische Aktien sehr positiv: Die europ\u00e4ischen M\u00e4rkte legten insgesamt um +9 % seit Jahresbeginn zu. Innerhalb Europas stach insbesondere Italien hervor \u2013 mit einem beeindruckenden Gesamtertrag von +18 % YTD im gleichen Zeitraum.<\/p>\n\n\n<div class=\"wp-block-image\">\n<figure class=\"aligncenter size-full is-resized\"><img loading=\"lazy\" decoding=\"async\" width=\"565\" height=\"378\" src=\"https:\/\/media.algebris.com\/content\/Chart1.png\" alt=\"\" class=\"wp-image-27210\" style=\"width:565px;height:auto\" srcset=\"https:\/\/media.algebris.com\/content\/Chart1.png 565w, https:\/\/media.algebris.com\/content\/Chart1-500x335.png 500w\" sizes=\"auto, (max-width: 565px) 100vw, 565px\" \/><figcaption class=\"wp-element-caption\">Quelle: Algebris Investments, Bloomberg Finance L.P., Datenstand:20\/06\/2025.<\/figcaption><\/figure>\n<\/div>\n\n\n<div style=\"height:30px\" aria-hidden=\"true\" class=\"wp-block-spacer\"><\/div>\n\n\n\n<h5 class=\"wp-block-heading\"><strong><strong><br><br><strong><strong><strong><strong>Strasse von Hormus: Der geopolitische Ausl\u00f6ser, den niemand ignorieren kann<\/strong><\/strong><\/strong><\/strong><\/strong><\/strong><\/h5>\n\n\n\n<p>Angesichts zunehmender Spannungen im Nahen Osten ist das Risiko einer Schliessung der Strasse von Hormus durch den Iran \u2013 einer strategisch zentralen Passage, durch die rund 30 % des weltweiten seegest\u00fctzten \u00d6lhandels verlaufen \u2013 wieder in den Fokus der M\u00e4rkte ger\u00fcckt. Eine Blockade w\u00fcrde die globalen Lieferketten sofort st\u00f6ren, einen rapiden Anstieg der Roh\u00f6lpreise ausl\u00f6sen und die geopolitischen Risikopr\u00e4mien \u00fcber alle Anlageklassen hinweg deutlich erh\u00f6hen. Dabei geht es l\u00e4ngst nicht mehr nur um \u00d6l \u2013 entscheidend ist, was anschliessend mit den Aktienm\u00e4rkten geschieht.<\/p>\n\n\n\n<p>Nach der j\u00fcngsten Eskalation sprang der \u00d6lpreis innerhalb weniger Tage von unter 60 auf rund 75 US-Dollar pro Barrel \u2013 ein Beleg f\u00fcr die hohe Sensitivit\u00e4t der M\u00e4rkte gegen\u00fcber diesem Risiko.<\/p>\n\n\n\n<p>Historisch betrachtet reagieren Aktienm\u00e4rkte auf einen pl\u00f6tzlichen \u00d6lpreisschock zun\u00e4chst negativ \u2013 insbesondere in \u00f6limportierenden Volkswirtschaften wie der Eurozone, Japan oder Indien. H\u00f6here Energiekosten wirken inflationssteigernd, schm\u00e4lern Unternehmensmargen und d\u00e4mpfen den privaten Konsum \u2013 alles Faktoren, die den Bewertungsdruck auf Aktien erh\u00f6hen. Zentralbanken k\u00f6nnten gezwungen sein, ihre geldpolitische Straffung beizubehalten oder wieder aufzunehmen, was die Aktienmultiplikatoren zus\u00e4tzlich belastet.<\/p>\n\n\n\n<p>Allerdings reagieren nicht alle Sektoren gleichermassen:<br>Energieaktien \u2013 insbesondere Upstream-Produzenten und integrierte \u00d6lkonzerne \u2013 tendieren zur Outperformance und wirken oft als nat\u00fcrlicher Hedge. Auch Verteidigung, Schifffahrt und inflationsresistente Value-Titel k\u00f6nnen profitieren. Demgegen\u00fcber neigen Industriewerte, zyklischer Konsum sowie transportintensive Branchen zur Underperformance.<\/p>\n\n\n\n<p>Kurz gesagt: Ein \u00d6lpreisschock ist selten nur eine Rohstoffgeschichte \u2013 er signalisiert h\u00e4ufig einen makro\u00f6konomischen Regimewechsel, der sich in der globalen Aktienpositionierung weitreichend niederschl\u00e4gt.<\/p>\n\n\n<div class=\"wp-block-image\">\n<figure class=\"aligncenter size-full\"><img loading=\"lazy\" decoding=\"async\" width=\"1920\" height=\"1729\" src=\"https:\/\/media.algebris.com\/content\/Strait-of-Hormuz.jpg\" alt=\"\" class=\"wp-image-27211\" srcset=\"https:\/\/media.algebris.com\/content\/Strait-of-Hormuz.jpg 1920w, https:\/\/media.algebris.com\/content\/Strait-of-Hormuz-500x450.jpg 500w, https:\/\/media.algebris.com\/content\/Strait-of-Hormuz-1024x922.jpg 1024w, https:\/\/media.algebris.com\/content\/Strait-of-Hormuz-768x692.jpg 768w, https:\/\/media.algebris.com\/content\/Strait-of-Hormuz-1536x1383.jpg 1536w\" sizes=\"auto, (max-width: 1920px) 100vw, 1920px\" \/><figcaption class=\"wp-element-caption\"><strong>Source<\/strong>: Algebris Investments, Bloomberg Finance L.P, data as of&nbsp; 20\/06\/2025.<\/figcaption><\/figure>\n<\/div>\n\n\n<div style=\"height:30px\" aria-hidden=\"true\" class=\"wp-block-spacer\"><\/div>\n\n\n\n<h5 class=\"wp-block-heading\"><strong><strong><strong><strong><strong><strong><strong>W\u00e4hrend Ferrari z\u00f6gert, \u00fcberholt China<\/strong><\/strong><\/strong><\/strong><\/strong><\/strong><\/strong><\/h5>\n\n\n\n<p>In der vergangenen Woche gab Ferrari eine weitere Verz\u00f6gerung bei der Markteinf\u00fchrung seines ersten vollelektrischen Fahrzeugs bekannt \u2013 ein deutliches Signal daf\u00fcr, welche Herausforderungen selbst die renommiertesten Automobilhersteller im \u00dcbergang zur Elektromobilit\u00e4t bew\u00e4ltigen m\u00fcssen, insbesondere im Luxus-Performance-Segment.<\/p>\n\n\n\n<p>In China hingegen wird erwartet, dass der Absatz von Elektrofahrzeugen (EVs) im Jahr 2025 rund 14 Millionen Einheiten erreicht \u2013 das entspricht \u00fcber 40 % aller Neuwagenverk\u00e4ufe. Bis 2026 d\u00fcrfte der chinesische EV-Absatz allein die Gesamtzahl aller Fahrzeugverk\u00e4ufe \u2013 jeglicher Antriebsart \u2013 in den USA \u00fcbertreffen.<\/p>\n\n\n\n<p>Dieser Kontrast verdeutlicht eine sich zunehmend \u00f6ffnende strategische Kluft: In den USA und der EU steht der EV-Markt unter Druck \u2013 durch unzureichende Ladeinfrastruktur, angespannte Lieferketten, hohe Fahrzeugpreise (w\u00e4hrend EVs in China g\u00fcnstiger als Verbrenner sind, liegen sie in den USA und Europa oft deutlich dar\u00fcber), regulatorische Unsicherheit sowie nachlassende Verbrauchernachfrage, insbesondere in einem Umfeld, in dem Subventionen reduziert oder politisch in Frage gestellt werden.<\/p>\n\n\n\n<p>Gleichzeitig expandieren chinesische Hersteller wie BYD, Nio und XPeng rasant \u2013 gest\u00fctzt durch starke Binnennachfrage, kosteneffiziente Lieferketten und aggressive Innovationszyklen. Diese Unternehmen dominieren l\u00e4ngst nicht mehr nur den Heimatmarkt \u2013 sie setzen zunehmend auf globale Expansion und bieten Fahrzeuge oft zu Preisen an, die deutlich unter denen westlicher Wettbewerber liegen.<\/p>\n\n\n\n<p>W\u00e4hrend europ\u00e4ische und US-Automobilhersteller mit verhaltenem Absatz, steigenden Kosten und dem wachsenden Druck von Investoren zur Einhaltung von Nachhaltigkeitszielen k\u00e4mpfen, r\u00fcckt die chinesische EV-Konkurrenz immer st\u00e4rker ins Zentrum der strategischen \u00dcberlegungen.<\/p>\n\n\n\n<p>Die kommenden Jahre k\u00f6nnten nicht nur den Verlauf der weltweiten EV-Adoption bestimmen, sondern auch die globale F\u00fchrungsrolle in der Automobilindustrie grundlegend neu definieren.<\/p>\n\n\n\n<p><br><\/p>\n\n\n\n<div class=\"wp-block-columns is-layout-flex wp-container-core-columns-is-layout-9d6595d7 wp-block-columns-is-layout-flex\">\n<div class=\"wp-block-column is-layout-flow wp-block-column-is-layout-flow\">\n<figure class=\"wp-block-image size-full\"><img loading=\"lazy\" decoding=\"async\" width=\"352\" height=\"348\" src=\"https:\/\/media.algebris.com\/content\/Electic-Vehicle-Outlook-2025.png\" alt=\"\" class=\"wp-image-27213\"\/><figcaption class=\"wp-element-caption\">Quelle: BloombergNEF, MarkLines, Jato Dynamics. Hinweis: Enth\u00e4lt batterieelektrische Fahrzeuge (BEV) und Plug-in-Hybride (PHEV) im Pkw-Segment. Die Angabe f\u00fcr 2025 basiert auf der Prognose von BloombergNEF.<\/figcaption><\/figure>\n<\/div>\n\n\n\n<div class=\"wp-block-column is-layout-flow wp-block-column-is-layout-flow\">\n<figure class=\"wp-block-image size-full\"><img loading=\"lazy\" decoding=\"async\" width=\"428\" height=\"365\" src=\"https:\/\/media.algebris.com\/content\/US-Total-vehicle-market-compared-to-Chinese-EV.png\" alt=\"\" class=\"wp-image-27212\"\/><figcaption class=\"wp-element-caption\"><br>Quelle: BloombergNEF. Hinweise: Beinhaltet Pkw und Nutzfahrzeuge.<\/figcaption><\/figure>\n<\/div>\n<\/div>\n\n\n\n<div style=\"height:30px\" aria-hidden=\"true\" class=\"wp-block-spacer\"><\/div>\n\n\n\n<h5 class=\"wp-block-heading\"><strong><strong><strong><strong><strong><strong><strong><strong>Setzen Sie nicht gegen den Fortschritt<\/strong><\/strong><\/strong><\/strong><\/strong><\/strong><\/strong><\/strong><\/h5>\n\n\n\n<p>Im Dezember 2000 titelte die Daily Mail ber\u00fcchtigt: \u201eDas Internet k\u00f6nnte nur eine vor\u00fcbergehende Modeerscheinung sein, da Millionen es aufgeben.\u201c Wir wissen heute, wie diese Geschichte ausging \u2013 digitale Innovation hat die Welt und die Aktienm\u00e4rkte grundlegend ver\u00e4ndert.<br>Heute gibt es vergleichbare Zweifel in Bezug auf K\u00fcnstliche Intelligenz (KI). Und doch treibt die KI-Adoption bereits enorme Investitionen an: Die weltweiten Ausgaben f\u00fcr KI-Rechenzentren sollen bis 2027 \u00fcber 200 Milliarden US-Dollar erreichen, und der Energiebedarf durch KI-Anwendungen wird voraussichtlich bis 2030 um mehr als 160 % steigen.<\/p>\n\n\n\n<p>Wie beim Internet handelt es sich hierbei nicht um einen kurzfristigen Trend \u2013 sondern um die Infrastruktur der Zukunft. Historische Entwicklungen zeigen: Innovation sollte niemals untersch\u00e4tzt werden.<\/p>\n\n\n<div class=\"wp-block-image\">\n<figure class=\"aligncenter size-full\"><img loading=\"lazy\" decoding=\"async\" width=\"1123\" height=\"731\" src=\"https:\/\/media.algebris.com\/content\/Daily-Mail.png\" alt=\"\" class=\"wp-image-27215\" srcset=\"https:\/\/media.algebris.com\/content\/Daily-Mail.png 1123w, https:\/\/media.algebris.com\/content\/Daily-Mail-500x325.png 500w, https:\/\/media.algebris.com\/content\/Daily-Mail-1024x667.png 1024w, https:\/\/media.algebris.com\/content\/Daily-Mail-768x500.png 768w\" sizes=\"auto, (max-width: 1123px) 100vw, 1123px\" \/><figcaption class=\"wp-element-caption\">Quelle: Bild: Daily Mail, Dienstag, 5. Dezember 2000; Hinweis: Algebris Investments.<\/figcaption><\/figure>\n<\/div>\n\n\n<div style=\"height:30px\" aria-hidden=\"true\" class=\"wp-block-spacer\"><\/div>\n\n\n\n<div style=\"height:20px\" aria-hidden=\"true\" class=\"wp-block-spacer\"><\/div>\n\n\n\n<p>Algebris Investments&#8217; <em>Global Equity Team<\/em><\/p>\n","protected":false},"excerpt":{"rendered":"<p>Wechselkursentwicklung und regionale Divergenzen pr\u00e4gen die Aktienmarktentwicklung im bisherigen Jahresverlauf Per 20. Juni 2025 verzeichnete der S&amp;P 500 eine Jahresperformance von +2 %. Trotz eines soliden Gewinnwachstums pro Aktie (EPS) sah sich der Index unserer Einsch\u00e4tzung nach mit Bewertungsdruck konfrontiert, da die Multiplikatoren im Zuge gestiegener Unsicherheit zur\u00fcckgingen. F\u00fcr europ\u00e4ische Anleger stellte sich die Lage [&hellip;]<\/p>\n","protected":false},"author":22,"featured_media":27207,"comment_status":"closed","ping_status":"closed","sticky":false,"template":"","format":"standard","meta":{"_acf_changed":false,"footnotes":""},"categories":[212],"tags":[],"asset-class":[227],"algebris-themes":[279],"class_list":["post-27221","post","type-post","status-publish","format-standard","has-post-thumbnail","hentry","category-market-views-de","asset-class-equity-de","algebris-themes-global-equity-theme-de"],"acf":[],"yoast_head":"<!-- This site is optimized with the Yoast SEO plugin v27.1.1 - https:\/\/yoast.com\/product\/yoast-seo-wordpress\/ -->\n<title>GLOBAL EQUITY BULLETS | Mittwoch, 25. Juni 2025 - Algebris Investments<\/title>\n<meta name=\"robots\" content=\"index, follow, max-snippet:-1, max-image-preview:large, max-video-preview:-1\" \/>\n<link rel=\"canonical\" href=\"https:\/\/www.algebris.com\/de\/market-views-de\/global-equity-bullets-mittwoch-25-juni-2025\/\" \/>\n<meta property=\"og:locale\" content=\"de_DE\" \/>\n<meta property=\"og:type\" content=\"article\" \/>\n<meta property=\"og:title\" content=\"GLOBAL EQUITY BULLETS | Mittwoch, 25. Juni 2025 - Algebris Investments\" \/>\n<meta property=\"og:description\" content=\"Wechselkursentwicklung und regionale Divergenzen pr\u00e4gen die Aktienmarktentwicklung im bisherigen Jahresverlauf Per 20. Juni 2025 verzeichnete der S&amp;P 500 eine Jahresperformance von +2 %. Trotz eines soliden Gewinnwachstums pro Aktie (EPS) sah sich der Index unserer Einsch\u00e4tzung nach mit Bewertungsdruck konfrontiert, da die Multiplikatoren im Zuge gestiegener Unsicherheit zur\u00fcckgingen. F\u00fcr europ\u00e4ische Anleger stellte sich die Lage [&hellip;]\" \/>\n<meta property=\"og:url\" content=\"https:\/\/www.algebris.com\/de\/market-views-de\/global-equity-bullets-mittwoch-25-juni-2025\/\" \/>\n<meta property=\"og:site_name\" content=\"Algebris Investments\" \/>\n<meta property=\"article:published_time\" content=\"2025-06-25T10:55:10+00:00\" \/>\n<meta property=\"article:modified_time\" content=\"2025-06-25T11:08:37+00:00\" \/>\n<meta property=\"og:image\" content=\"https:\/\/media.algebris.com\/content\/AdobeStock_1355067736_web.png\" \/>\n\t<meta property=\"og:image:width\" content=\"1400\" \/>\n\t<meta property=\"og:image:height\" content=\"910\" \/>\n\t<meta property=\"og:image:type\" content=\"image\/png\" \/>\n<meta name=\"author\" content=\"Daniela Spataro\" \/>\n<meta name=\"twitter:card\" content=\"summary_large_image\" \/>\n<meta name=\"twitter:label1\" content=\"Written by\" \/>\n\t<meta name=\"twitter:data1\" content=\"Daniela Spataro\" \/>\n\t<meta name=\"twitter:label2\" content=\"Est. reading time\" \/>\n\t<meta name=\"twitter:data2\" content=\"5 minutes\" \/>\n<script type=\"application\/ld+json\" class=\"yoast-schema-graph\">{\"@context\":\"https:\/\/schema.org\",\"@graph\":[{\"@type\":\"Article\",\"@id\":\"https:\/\/www.algebris.com\/de\/market-views-de\/global-equity-bullets-mittwoch-25-juni-2025\/#article\",\"isPartOf\":{\"@id\":\"https:\/\/www.algebris.com\/de\/market-views-de\/global-equity-bullets-mittwoch-25-juni-2025\/\"},\"author\":{\"name\":\"Daniela Spataro\",\"@id\":\"https:\/\/www.algebris.com\/de\/#\/schema\/person\/4f8a812e06adf5a47c5d4a2029e3be59\"},\"headline\":\"GLOBAL EQUITY BULLETS | Mittwoch, 25. Juni 2025\",\"datePublished\":\"2025-06-25T10:55:10+00:00\",\"dateModified\":\"2025-06-25T11:08:37+00:00\",\"mainEntityOfPage\":{\"@id\":\"https:\/\/www.algebris.com\/de\/market-views-de\/global-equity-bullets-mittwoch-25-juni-2025\/\"},\"wordCount\":862,\"publisher\":{\"@id\":\"https:\/\/www.algebris.com\/de\/#organization\"},\"image\":{\"@id\":\"https:\/\/www.algebris.com\/de\/market-views-de\/global-equity-bullets-mittwoch-25-juni-2025\/#primaryimage\"},\"thumbnailUrl\":\"https:\/\/media.algebris.com\/content\/AdobeStock_1355067736_web.png\",\"articleSection\":[\"Marktmeinungen\"],\"inLanguage\":\"de-DE\"},{\"@type\":\"WebPage\",\"@id\":\"https:\/\/www.algebris.com\/de\/market-views-de\/global-equity-bullets-mittwoch-25-juni-2025\/\",\"url\":\"https:\/\/www.algebris.com\/de\/market-views-de\/global-equity-bullets-mittwoch-25-juni-2025\/\",\"name\":\"GLOBAL EQUITY BULLETS | Mittwoch, 25. Juni 2025 - Algebris Investments\",\"isPartOf\":{\"@id\":\"https:\/\/www.algebris.com\/de\/#website\"},\"primaryImageOfPage\":{\"@id\":\"https:\/\/www.algebris.com\/de\/market-views-de\/global-equity-bullets-mittwoch-25-juni-2025\/#primaryimage\"},\"image\":{\"@id\":\"https:\/\/www.algebris.com\/de\/market-views-de\/global-equity-bullets-mittwoch-25-juni-2025\/#primaryimage\"},\"thumbnailUrl\":\"https:\/\/media.algebris.com\/content\/AdobeStock_1355067736_web.png\",\"datePublished\":\"2025-06-25T10:55:10+00:00\",\"dateModified\":\"2025-06-25T11:08:37+00:00\",\"breadcrumb\":{\"@id\":\"https:\/\/www.algebris.com\/de\/market-views-de\/global-equity-bullets-mittwoch-25-juni-2025\/#breadcrumb\"},\"inLanguage\":\"de-DE\",\"potentialAction\":[{\"@type\":\"ReadAction\",\"target\":[\"https:\/\/www.algebris.com\/de\/market-views-de\/global-equity-bullets-mittwoch-25-juni-2025\/\"]}]},{\"@type\":\"ImageObject\",\"inLanguage\":\"de-DE\",\"@id\":\"https:\/\/www.algebris.com\/de\/market-views-de\/global-equity-bullets-mittwoch-25-juni-2025\/#primaryimage\",\"url\":\"https:\/\/media.algebris.com\/content\/AdobeStock_1355067736_web.png\",\"contentUrl\":\"https:\/\/media.algebris.com\/content\/AdobeStock_1355067736_web.png\",\"width\":1400,\"height\":910},{\"@type\":\"BreadcrumbList\",\"@id\":\"https:\/\/www.algebris.com\/de\/market-views-de\/global-equity-bullets-mittwoch-25-juni-2025\/#breadcrumb\",\"itemListElement\":[{\"@type\":\"ListItem\",\"position\":1,\"name\":\"Home\",\"item\":\"https:\/\/www.algebris.com\/de\/\"},{\"@type\":\"ListItem\",\"position\":2,\"name\":\"Marktmeinungen\",\"item\":\"https:\/\/www.algebris.com\/de\/category\/market-views-de\/\"},{\"@type\":\"ListItem\",\"position\":3,\"name\":\"GLOBAL EQUITY BULLETS | Mittwoch, 25. Juni 2025\"}]},{\"@type\":\"WebSite\",\"@id\":\"https:\/\/www.algebris.com\/de\/#website\",\"url\":\"https:\/\/www.algebris.com\/de\/\",\"name\":\"Algebris Investments\",\"description\":\"\",\"publisher\":{\"@id\":\"https:\/\/www.algebris.com\/de\/#organization\"},\"potentialAction\":[{\"@type\":\"SearchAction\",\"target\":{\"@type\":\"EntryPoint\",\"urlTemplate\":\"https:\/\/www.algebris.com\/de\/?s={search_term_string}\"},\"query-input\":{\"@type\":\"PropertyValueSpecification\",\"valueRequired\":true,\"valueName\":\"search_term_string\"}}],\"inLanguage\":\"de-DE\"},{\"@type\":\"Organization\",\"@id\":\"https:\/\/www.algebris.com\/de\/#organization\",\"name\":\"Algebris Investments\",\"url\":\"https:\/\/www.algebris.com\/de\/\",\"logo\":{\"@type\":\"ImageObject\",\"inLanguage\":\"de-DE\",\"@id\":\"https:\/\/www.algebris.com\/de\/#\/schema\/logo\/image\/\",\"url\":\"https:\/\/media.algebris.com\/content\/cropped-logo1.png\",\"contentUrl\":\"https:\/\/media.algebris.com\/content\/cropped-logo1.png\",\"width\":250,\"height\":78,\"caption\":\"Algebris Investments\"},\"image\":{\"@id\":\"https:\/\/www.algebris.com\/de\/#\/schema\/logo\/image\/\"},\"sameAs\":[\"https:\/\/www.linkedin.com\/company\/algebris-investments\/about\/\",\"https:\/\/www.youtube.com\/channel\/UC_MiRdysidJhtSWRVxtH-3g\/featured\"]},{\"@type\":\"Person\",\"@id\":\"https:\/\/www.algebris.com\/de\/#\/schema\/person\/4f8a812e06adf5a47c5d4a2029e3be59\",\"name\":\"Daniela Spataro\",\"image\":{\"@type\":\"ImageObject\",\"inLanguage\":\"de-DE\",\"@id\":\"https:\/\/www.algebris.com\/de\/#\/schema\/person\/image\/\",\"url\":\"https:\/\/secure.gravatar.com\/avatar\/821ec53dd4d41d0030f366b23cf0332fd516cc4478032551a9affa216c6c8fed?s=96&d=mm&r=g\",\"contentUrl\":\"https:\/\/secure.gravatar.com\/avatar\/821ec53dd4d41d0030f366b23cf0332fd516cc4478032551a9affa216c6c8fed?s=96&d=mm&r=g\",\"caption\":\"Daniela Spataro\"}}]}<\/script>\n<!-- \/ Yoast SEO plugin. -->","yoast_head_json":{"title":"GLOBAL EQUITY BULLETS | Mittwoch, 25. Juni 2025 - Algebris Investments","robots":{"index":"index","follow":"follow","max-snippet":"max-snippet:-1","max-image-preview":"max-image-preview:large","max-video-preview":"max-video-preview:-1"},"canonical":"https:\/\/www.algebris.com\/de\/market-views-de\/global-equity-bullets-mittwoch-25-juni-2025\/","og_locale":"de_DE","og_type":"article","og_title":"GLOBAL EQUITY BULLETS | Mittwoch, 25. Juni 2025 - Algebris Investments","og_description":"Wechselkursentwicklung und regionale Divergenzen pr\u00e4gen die Aktienmarktentwicklung im bisherigen Jahresverlauf Per 20. Juni 2025 verzeichnete der S&amp;P 500 eine Jahresperformance von +2 %. Trotz eines soliden Gewinnwachstums pro Aktie (EPS) sah sich der Index unserer Einsch\u00e4tzung nach mit Bewertungsdruck konfrontiert, da die Multiplikatoren im Zuge gestiegener Unsicherheit zur\u00fcckgingen. F\u00fcr europ\u00e4ische Anleger stellte sich die Lage [&hellip;]","og_url":"https:\/\/www.algebris.com\/de\/market-views-de\/global-equity-bullets-mittwoch-25-juni-2025\/","og_site_name":"Algebris Investments","article_published_time":"2025-06-25T10:55:10+00:00","article_modified_time":"2025-06-25T11:08:37+00:00","og_image":[{"width":1400,"height":910,"url":"https:\/\/media.algebris.com\/content\/AdobeStock_1355067736_web.png","type":"image\/png"}],"author":"Daniela Spataro","twitter_card":"summary_large_image","twitter_misc":{"Written by":"Daniela Spataro","Est. reading time":"5 minutes"},"schema":{"@context":"https:\/\/schema.org","@graph":[{"@type":"Article","@id":"https:\/\/www.algebris.com\/de\/market-views-de\/global-equity-bullets-mittwoch-25-juni-2025\/#article","isPartOf":{"@id":"https:\/\/www.algebris.com\/de\/market-views-de\/global-equity-bullets-mittwoch-25-juni-2025\/"},"author":{"name":"Daniela Spataro","@id":"https:\/\/www.algebris.com\/de\/#\/schema\/person\/4f8a812e06adf5a47c5d4a2029e3be59"},"headline":"GLOBAL EQUITY BULLETS | Mittwoch, 25. Juni 2025","datePublished":"2025-06-25T10:55:10+00:00","dateModified":"2025-06-25T11:08:37+00:00","mainEntityOfPage":{"@id":"https:\/\/www.algebris.com\/de\/market-views-de\/global-equity-bullets-mittwoch-25-juni-2025\/"},"wordCount":862,"publisher":{"@id":"https:\/\/www.algebris.com\/de\/#organization"},"image":{"@id":"https:\/\/www.algebris.com\/de\/market-views-de\/global-equity-bullets-mittwoch-25-juni-2025\/#primaryimage"},"thumbnailUrl":"https:\/\/media.algebris.com\/content\/AdobeStock_1355067736_web.png","articleSection":["Marktmeinungen"],"inLanguage":"de-DE"},{"@type":"WebPage","@id":"https:\/\/www.algebris.com\/de\/market-views-de\/global-equity-bullets-mittwoch-25-juni-2025\/","url":"https:\/\/www.algebris.com\/de\/market-views-de\/global-equity-bullets-mittwoch-25-juni-2025\/","name":"GLOBAL EQUITY BULLETS | Mittwoch, 25. Juni 2025 - Algebris Investments","isPartOf":{"@id":"https:\/\/www.algebris.com\/de\/#website"},"primaryImageOfPage":{"@id":"https:\/\/www.algebris.com\/de\/market-views-de\/global-equity-bullets-mittwoch-25-juni-2025\/#primaryimage"},"image":{"@id":"https:\/\/www.algebris.com\/de\/market-views-de\/global-equity-bullets-mittwoch-25-juni-2025\/#primaryimage"},"thumbnailUrl":"https:\/\/media.algebris.com\/content\/AdobeStock_1355067736_web.png","datePublished":"2025-06-25T10:55:10+00:00","dateModified":"2025-06-25T11:08:37+00:00","breadcrumb":{"@id":"https:\/\/www.algebris.com\/de\/market-views-de\/global-equity-bullets-mittwoch-25-juni-2025\/#breadcrumb"},"inLanguage":"de-DE","potentialAction":[{"@type":"ReadAction","target":["https:\/\/www.algebris.com\/de\/market-views-de\/global-equity-bullets-mittwoch-25-juni-2025\/"]}]},{"@type":"ImageObject","inLanguage":"de-DE","@id":"https:\/\/www.algebris.com\/de\/market-views-de\/global-equity-bullets-mittwoch-25-juni-2025\/#primaryimage","url":"https:\/\/media.algebris.com\/content\/AdobeStock_1355067736_web.png","contentUrl":"https:\/\/media.algebris.com\/content\/AdobeStock_1355067736_web.png","width":1400,"height":910},{"@type":"BreadcrumbList","@id":"https:\/\/www.algebris.com\/de\/market-views-de\/global-equity-bullets-mittwoch-25-juni-2025\/#breadcrumb","itemListElement":[{"@type":"ListItem","position":1,"name":"Home","item":"https:\/\/www.algebris.com\/de\/"},{"@type":"ListItem","position":2,"name":"Marktmeinungen","item":"https:\/\/www.algebris.com\/de\/category\/market-views-de\/"},{"@type":"ListItem","position":3,"name":"GLOBAL EQUITY BULLETS | Mittwoch, 25. Juni 2025"}]},{"@type":"WebSite","@id":"https:\/\/www.algebris.com\/de\/#website","url":"https:\/\/www.algebris.com\/de\/","name":"Algebris Investments","description":"","publisher":{"@id":"https:\/\/www.algebris.com\/de\/#organization"},"potentialAction":[{"@type":"SearchAction","target":{"@type":"EntryPoint","urlTemplate":"https:\/\/www.algebris.com\/de\/?s={search_term_string}"},"query-input":{"@type":"PropertyValueSpecification","valueRequired":true,"valueName":"search_term_string"}}],"inLanguage":"de-DE"},{"@type":"Organization","@id":"https:\/\/www.algebris.com\/de\/#organization","name":"Algebris Investments","url":"https:\/\/www.algebris.com\/de\/","logo":{"@type":"ImageObject","inLanguage":"de-DE","@id":"https:\/\/www.algebris.com\/de\/#\/schema\/logo\/image\/","url":"https:\/\/media.algebris.com\/content\/cropped-logo1.png","contentUrl":"https:\/\/media.algebris.com\/content\/cropped-logo1.png","width":250,"height":78,"caption":"Algebris Investments"},"image":{"@id":"https:\/\/www.algebris.com\/de\/#\/schema\/logo\/image\/"},"sameAs":["https:\/\/www.linkedin.com\/company\/algebris-investments\/about\/","https:\/\/www.youtube.com\/channel\/UC_MiRdysidJhtSWRVxtH-3g\/featured"]},{"@type":"Person","@id":"https:\/\/www.algebris.com\/de\/#\/schema\/person\/4f8a812e06adf5a47c5d4a2029e3be59","name":"Daniela Spataro","image":{"@type":"ImageObject","inLanguage":"de-DE","@id":"https:\/\/www.algebris.com\/de\/#\/schema\/person\/image\/","url":"https:\/\/secure.gravatar.com\/avatar\/821ec53dd4d41d0030f366b23cf0332fd516cc4478032551a9affa216c6c8fed?s=96&d=mm&r=g","contentUrl":"https:\/\/secure.gravatar.com\/avatar\/821ec53dd4d41d0030f366b23cf0332fd516cc4478032551a9affa216c6c8fed?s=96&d=mm&r=g","caption":"Daniela Spataro"}}]}},"_links":{"self":[{"href":"https:\/\/www.algebris.com\/de\/wp-json\/wp\/v2\/posts\/27221","targetHints":{"allow":["GET"]}}],"collection":[{"href":"https:\/\/www.algebris.com\/de\/wp-json\/wp\/v2\/posts"}],"about":[{"href":"https:\/\/www.algebris.com\/de\/wp-json\/wp\/v2\/types\/post"}],"author":[{"embeddable":true,"href":"https:\/\/www.algebris.com\/de\/wp-json\/wp\/v2\/users\/22"}],"replies":[{"embeddable":true,"href":"https:\/\/www.algebris.com\/de\/wp-json\/wp\/v2\/comments?post=27221"}],"version-history":[{"count":4,"href":"https:\/\/www.algebris.com\/de\/wp-json\/wp\/v2\/posts\/27221\/revisions"}],"predecessor-version":[{"id":27240,"href":"https:\/\/www.algebris.com\/de\/wp-json\/wp\/v2\/posts\/27221\/revisions\/27240"}],"wp:featuredmedia":[{"embeddable":true,"href":"https:\/\/www.algebris.com\/de\/wp-json\/wp\/v2\/media\/27207"}],"wp:attachment":[{"href":"https:\/\/www.algebris.com\/de\/wp-json\/wp\/v2\/media?parent=27221"}],"wp:term":[{"taxonomy":"category","embeddable":true,"href":"https:\/\/www.algebris.com\/de\/wp-json\/wp\/v2\/categories?post=27221"},{"taxonomy":"post_tag","embeddable":true,"href":"https:\/\/www.algebris.com\/de\/wp-json\/wp\/v2\/tags?post=27221"},{"taxonomy":"asset-class","embeddable":true,"href":"https:\/\/www.algebris.com\/de\/wp-json\/wp\/v2\/asset-class?post=27221"},{"taxonomy":"algebris-themes","embeddable":true,"href":"https:\/\/www.algebris.com\/de\/wp-json\/wp\/v2\/algebris-themes?post=27221"}],"curies":[{"name":"wp","href":"https:\/\/api.w.org\/{rel}","templated":true}]}}