{"id":29308,"date":"2026-02-09T10:48:40","date_gmt":"2026-02-09T10:48:40","guid":{"rendered":"https:\/\/www.algebris.com\/?p=29308"},"modified":"2026-02-09T15:28:38","modified_gmt":"2026-02-09T15:28:38","slug":"global-credit-bullets-montag-9-februar-2026","status":"publish","type":"post","link":"https:\/\/www.algebris.com\/de\/market-views-de\/global-credit-bullets-montag-9-februar-2026\/","title":{"rendered":"GLOBAL CREDIT BULLETS | Montag, 9. Februar 2026"},"content":{"rendered":"\n<h5 class=\"wp-block-heading\"><strong><strong><strong><strong><strong><strong><strong><strong><strong><strong><strong><strong><strong><strong><strong><strong><strong><strong><strong><strong><strong><strong><strong><strong><strong><strong><strong><strong><strong><strong><strong><strong><strong><strong><strong><strong><strong><strong><strong><strong><strong><strong><strong><strong><strong><strong><strong><strong><strong><strong><strong><strong><strong><strong><strong><strong>Japan \u2013 Takaichi festigt ihre Macht, fiskalische Massnahmen werden freigegeben<\/strong><\/strong><\/strong><\/strong><\/strong><\/strong><\/strong><\/strong><\/strong><\/strong><\/strong><\/strong><\/strong><\/strong><\/strong><\/strong><\/strong><\/strong><\/strong><\/strong><\/strong><\/strong><\/strong><\/strong><\/strong><\/strong><\/strong><\/strong><\/strong><\/strong><\/strong><\/strong><\/strong><\/strong><\/strong><\/strong><\/strong><\/strong><\/strong><\/strong><\/strong><\/strong><\/strong><\/strong><\/strong><\/strong><\/strong><\/strong><\/strong><\/strong><\/strong><\/strong><\/strong><\/strong><\/strong><\/strong><\/h5>\n\n\n\n<p>Am vergangenen Sonntag sicherten sich die LDP und Takaichi 316 der 465 Sitze im Unterhaus und verf\u00fcgen nun zusammen mit ihrer Koalition \u00fcber die erforderliche Zweidrittelmehrheit, um jede Ablehnung im Oberhaus zu \u00fcberstimmen. Takaichi befindet sich damit in einer historisch starken Position, und ihr politisches Risiko hat sich eindeutig ausgezahlt, da sie nun \u00fcber einen erheblichen Einfluss verf\u00fcgt, um ihre proaktive finanzpolitische Agenda weiter voranzutreiben. Die M\u00e4rkte reagierten entsprechend: Der Nikkei 225 er\u00f6ffnete mit einem Plus von rund 5 %, w\u00e4hrend der JPY leicht zulegte und die Zinsen moderat stiegen.<\/p>\n\n\n\n<div style=\"height:28px\" aria-hidden=\"true\" class=\"wp-block-spacer\"><\/div>\n\n\n\n<h5 class=\"wp-block-heading\"><strong><strong><strong><strong><strong><strong><strong><strong><strong><strong><strong><strong><strong><strong><strong><strong><strong><strong><strong><strong><strong><strong><strong><strong><strong><strong><strong><strong><strong><strong>BoE \u2013 Zur\u00fcckhaltende Leitlinien, zunehmende politische Unruhe<\/strong><\/strong><\/strong><\/strong><\/strong><\/strong><\/strong><\/strong><\/strong><\/strong><\/strong><\/strong><\/strong><\/strong><\/strong><\/strong><\/strong><\/strong><\/strong><\/strong><\/strong><\/strong><\/strong><\/strong><\/strong><\/strong><\/strong><\/strong><\/strong><\/strong><\/h5>\n\n\n\n<p>Am vergangenen Donnerstag beliess die BoE die Zinsen wie erwartet unver\u00e4ndert. Der geldpolitische Ausschuss \u00fcberraschte den Markt mit einer zur\u00fcckhaltenden Haltung und einem Abstimmungsergebnis von 5 zu 4. Gouverneur Bailey fungierte erneut als Z\u00fcnglein an der Waage, und seine \u00c4usserungen deuteten auf eine zur\u00fcckhaltende Haltung im Vorfeld der M\u00e4rz-Sitzung hin, sodass die M\u00e4rkte nun eine Wahrscheinlichkeit von etwa 70 % f\u00fcr eine Zinssenkung einpreisen. Die Umfrage der Agenten zu den Lohnerwartungen ergab einen Wert von 3,4 %, was die Zuversicht st\u00e4rkt, dass sich der Disinflationsprozess fortsetzt. Die Kommunikation der BoE schien Modellen und Prognosen mehr Gewicht beizumessen als den aktuellen Daten. Die kurzfristigen Zinsen reagierten mit einem R\u00fcckgang um rund 10 Basispunkte, und das Pfund gab nach. Die gr\u00f6sste Unsicherheit bleibt weiterhin die politische Lage, da der Druck auf Starmer zunimmt und die Risiken einer innerparteilichen Spaltung der Labour Party noch vor den Kommunalwahlen im Mai steigen.<\/p>\n\n\n\n<div style=\"height:28px\" aria-hidden=\"true\" class=\"wp-block-spacer\"><\/div>\n\n\n\n<h5 class=\"wp-block-heading\"><strong><strong><strong><strong><strong><strong><strong><strong><strong><strong><strong><strong><strong><strong><strong><strong><strong><strong><strong><strong><strong><strong><strong><strong><strong><strong><strong><strong><strong><strong><strong>EZB \u2013 Der Status quo bleibt bestehen<\/strong><\/strong><\/strong><\/strong><\/strong><\/strong><\/strong><\/strong><\/strong><\/strong><\/strong><\/strong><\/strong><\/strong><\/strong><\/strong><\/strong><\/strong><\/strong><\/strong><\/strong><\/strong><\/strong><\/strong><\/strong><\/strong><\/strong><\/strong><\/strong><\/strong><\/strong><\/h5>\n\n\n\n<p>Am vergangenen Donnerstag best\u00e4tigte die EZB ihren aktuellen geldpolitischen Kurs. Weder in ihrer Erkl\u00e4rung noch in der Pressekonferenz mit Lagarde gab es \u00dcberraschungen. Lagarde bekr\u00e4ftigte erneut den datenabh\u00e4ngigen Ansatz, bei dem jede Sitzung einzeln betrachtet wird. Interessanterweise bekr\u00e4ftigte Lagarde auf die Frage nach der St\u00e4rke des Euro, dass die EZB keine Wechselkursziele verfolgt. Eine st\u00e4rkere W\u00e4hrung k\u00f6nnte grunds\u00e4tzlich die H\u00fcrde f\u00fcr Zinssenkungen senken, indem sie den Disinflationsdruck erh\u00f6ht, obwohl die j\u00fcngsten USD-Bewegungen geringer ausfallen als im letzten Jahr.<\/p>\n\n\n\n<div style=\"height:28px\" aria-hidden=\"true\" class=\"wp-block-spacer\"><\/div>\n\n\n\n<h5 class=\"wp-block-heading\"><strong><strong><strong><strong><strong><strong><strong><strong><strong><strong><strong><strong><strong><strong><strong><strong><strong><strong><strong><strong><strong><strong><strong><strong><strong><strong><strong><strong><strong><strong><strong>CEE \u2013 Wind der Ver\u00e4nderung?<\/strong><\/strong><\/strong><\/strong><\/strong><\/strong><\/strong><\/strong><\/strong><\/strong><\/strong><\/strong><\/strong><\/strong><\/strong><\/strong><\/strong><\/strong><\/strong><\/strong><\/strong><\/strong><\/strong><\/strong><\/strong><\/strong><\/strong><\/strong><\/strong><\/strong><\/strong><\/h5>\n\n\n\n<p>Unser Research-Team hat letzte Woche die Region Mittel- und Osteuropa besucht. Das Gesamtbild bleibt gepr\u00e4gt von einer nahezu makellosen Desinflation bei gleichzeitig robustem Wachstum, insbesondere in Polen und der Tschechischen Republik, wo st\u00e4rkere W\u00e4hrungen die G\u00fcterinflation weiter nach unten dr\u00fccken. In Ungarn richtet sich die Aufmerksamkeit auf die Parlamentswahlen am 12. April. Zum ersten Mal seit Jahren steht Orban vor einer bedeutenden Herausforderung: Die Oppositionspartei Tisza unter der F\u00fchrung von Peter Magyar liegt in einigen unabh\u00e4ngigen Umfragen mit mehr als 10 % in F\u00fchrung, w\u00e4hrend Fidesz zunehmend unter Druck zu geraten scheint. Die Agenda von Tisza ist eindeutig pro-europ\u00e4isch ausgerichtet und zielt darauf ab, eingefrorene EU-Gelder freizugeben und einen mittelfristigen Weg zur Einf\u00fchrung des Euro einzuschlagen, w\u00e4hrend gleichzeitig Reformen zur Bek\u00e4mpfung der systemischen Korruption zugesagt werden. Obwohl das Wahlsystem weiterhin Fidesz beg\u00fcnstigt, entwickelt sich die Wahl zu einem Referendum \u00fcber Orb\u00e1n und die Beziehungen Ungarns zu Europa, was m\u00f6glicherweise den Beginn eines neuen politischen Kapitels markiert.<\/p>\n\n\n\n<div style=\"height:28px\" aria-hidden=\"true\" class=\"wp-block-spacer\"><\/div>\n\n\n\n<p>Algebris Investments&#8217; <em>Global Credit Team<\/em><\/p>\n","protected":false},"excerpt":{"rendered":"<p>Japan \u2013 Takaichi festigt ihre Macht, fiskalische Massnahmen werden freigegeben Am vergangenen Sonntag sicherten sich die LDP und Takaichi 316 der 465 Sitze im Unterhaus und verf\u00fcgen nun zusammen mit ihrer Koalition \u00fcber die erforderliche Zweidrittelmehrheit, um jede Ablehnung im Oberhaus zu \u00fcberstimmen. Takaichi befindet sich damit in einer historisch starken Position, und ihr politisches [&hellip;]<\/p>\n","protected":false},"author":22,"featured_media":29285,"comment_status":"closed","ping_status":"closed","sticky":false,"template":"","format":"standard","meta":{"_acf_changed":false,"footnotes":""},"categories":[212],"tags":[],"asset-class":[228],"algebris-themes":[278],"class_list":["post-29308","post","type-post","status-publish","format-standard","has-post-thumbnail","hentry","category-market-views-de","asset-class-credit-de","algebris-themes-global-credit-theme-de"],"acf":[],"yoast_head":"<!-- This site is optimized with the Yoast SEO plugin v27.1.1 - https:\/\/yoast.com\/product\/yoast-seo-wordpress\/ -->\n<title>GLOBAL CREDIT BULLETS | Montag, 9. Februar 2026 - Algebris Investments<\/title>\n<meta name=\"robots\" content=\"index, follow, max-snippet:-1, max-image-preview:large, max-video-preview:-1\" \/>\n<link rel=\"canonical\" href=\"https:\/\/www.algebris.com\/de\/market-views-de\/global-credit-bullets-montag-9-februar-2026\/\" \/>\n<meta property=\"og:locale\" content=\"de_DE\" \/>\n<meta property=\"og:type\" content=\"article\" \/>\n<meta property=\"og:title\" content=\"GLOBAL CREDIT BULLETS | Montag, 9. Februar 2026 - Algebris Investments\" \/>\n<meta property=\"og:description\" content=\"Japan \u2013 Takaichi festigt ihre Macht, fiskalische Massnahmen werden freigegeben Am vergangenen Sonntag sicherten sich die LDP und Takaichi 316 der 465 Sitze im Unterhaus und verf\u00fcgen nun zusammen mit ihrer Koalition \u00fcber die erforderliche Zweidrittelmehrheit, um jede Ablehnung im Oberhaus zu \u00fcberstimmen. Takaichi befindet sich damit in einer historisch starken Position, und ihr politisches [&hellip;]\" \/>\n<meta property=\"og:url\" content=\"https:\/\/www.algebris.com\/de\/market-views-de\/global-credit-bullets-montag-9-februar-2026\/\" \/>\n<meta property=\"og:site_name\" content=\"Algebris Investments\" \/>\n<meta property=\"article:published_time\" content=\"2026-02-09T10:48:40+00:00\" \/>\n<meta property=\"article:modified_time\" content=\"2026-02-09T15:28:38+00:00\" \/>\n<meta property=\"og:image\" content=\"https:\/\/media.algebris.com\/content\/AdobeStock_1687338870_web.jpg\" \/>\n\t<meta property=\"og:image:width\" content=\"1400\" \/>\n\t<meta property=\"og:image:height\" content=\"934\" \/>\n\t<meta property=\"og:image:type\" content=\"image\/jpeg\" \/>\n<meta name=\"author\" content=\"Daniela Spataro\" \/>\n<meta name=\"twitter:card\" content=\"summary_large_image\" \/>\n<meta name=\"twitter:label1\" content=\"Written by\" \/>\n\t<meta name=\"twitter:data1\" content=\"Daniela Spataro\" \/>\n\t<meta name=\"twitter:label2\" content=\"Est. reading time\" \/>\n\t<meta name=\"twitter:data2\" content=\"3 minutes\" \/>\n<script type=\"application\/ld+json\" class=\"yoast-schema-graph\">{\"@context\":\"https:\/\/schema.org\",\"@graph\":[{\"@type\":\"Article\",\"@id\":\"https:\/\/www.algebris.com\/de\/market-views-de\/global-credit-bullets-montag-9-februar-2026\/#article\",\"isPartOf\":{\"@id\":\"https:\/\/www.algebris.com\/de\/market-views-de\/global-credit-bullets-montag-9-februar-2026\/\"},\"author\":{\"name\":\"Daniela Spataro\",\"@id\":\"https:\/\/www.algebris.com\/de\/#\/schema\/person\/4f8a812e06adf5a47c5d4a2029e3be59\"},\"headline\":\"GLOBAL CREDIT BULLETS | Montag, 9. Februar 2026\",\"datePublished\":\"2026-02-09T10:48:40+00:00\",\"dateModified\":\"2026-02-09T15:28:38+00:00\",\"mainEntityOfPage\":{\"@id\":\"https:\/\/www.algebris.com\/de\/market-views-de\/global-credit-bullets-montag-9-februar-2026\/\"},\"wordCount\":538,\"publisher\":{\"@id\":\"https:\/\/www.algebris.com\/de\/#organization\"},\"image\":{\"@id\":\"https:\/\/www.algebris.com\/de\/market-views-de\/global-credit-bullets-montag-9-februar-2026\/#primaryimage\"},\"thumbnailUrl\":\"https:\/\/media.algebris.com\/content\/AdobeStock_1687338870_web.jpg\",\"articleSection\":[\"Marktmeinungen\"],\"inLanguage\":\"de-DE\"},{\"@type\":\"WebPage\",\"@id\":\"https:\/\/www.algebris.com\/de\/market-views-de\/global-credit-bullets-montag-9-februar-2026\/\",\"url\":\"https:\/\/www.algebris.com\/de\/market-views-de\/global-credit-bullets-montag-9-februar-2026\/\",\"name\":\"GLOBAL CREDIT BULLETS | Montag, 9. Februar 2026 - Algebris Investments\",\"isPartOf\":{\"@id\":\"https:\/\/www.algebris.com\/de\/#website\"},\"primaryImageOfPage\":{\"@id\":\"https:\/\/www.algebris.com\/de\/market-views-de\/global-credit-bullets-montag-9-februar-2026\/#primaryimage\"},\"image\":{\"@id\":\"https:\/\/www.algebris.com\/de\/market-views-de\/global-credit-bullets-montag-9-februar-2026\/#primaryimage\"},\"thumbnailUrl\":\"https:\/\/media.algebris.com\/content\/AdobeStock_1687338870_web.jpg\",\"datePublished\":\"2026-02-09T10:48:40+00:00\",\"dateModified\":\"2026-02-09T15:28:38+00:00\",\"breadcrumb\":{\"@id\":\"https:\/\/www.algebris.com\/de\/market-views-de\/global-credit-bullets-montag-9-februar-2026\/#breadcrumb\"},\"inLanguage\":\"de-DE\",\"potentialAction\":[{\"@type\":\"ReadAction\",\"target\":[\"https:\/\/www.algebris.com\/de\/market-views-de\/global-credit-bullets-montag-9-februar-2026\/\"]}]},{\"@type\":\"ImageObject\",\"inLanguage\":\"de-DE\",\"@id\":\"https:\/\/www.algebris.com\/de\/market-views-de\/global-credit-bullets-montag-9-februar-2026\/#primaryimage\",\"url\":\"https:\/\/media.algebris.com\/content\/AdobeStock_1687338870_web.jpg\",\"contentUrl\":\"https:\/\/media.algebris.com\/content\/AdobeStock_1687338870_web.jpg\",\"width\":1400,\"height\":934},{\"@type\":\"BreadcrumbList\",\"@id\":\"https:\/\/www.algebris.com\/de\/market-views-de\/global-credit-bullets-montag-9-februar-2026\/#breadcrumb\",\"itemListElement\":[{\"@type\":\"ListItem\",\"position\":1,\"name\":\"Home\",\"item\":\"https:\/\/www.algebris.com\/de\/\"},{\"@type\":\"ListItem\",\"position\":2,\"name\":\"Marktmeinungen\",\"item\":\"https:\/\/www.algebris.com\/de\/category\/market-views-de\/\"},{\"@type\":\"ListItem\",\"position\":3,\"name\":\"GLOBAL CREDIT BULLETS | Montag, 9. Februar 2026\"}]},{\"@type\":\"WebSite\",\"@id\":\"https:\/\/www.algebris.com\/de\/#website\",\"url\":\"https:\/\/www.algebris.com\/de\/\",\"name\":\"Algebris Investments\",\"description\":\"\",\"publisher\":{\"@id\":\"https:\/\/www.algebris.com\/de\/#organization\"},\"potentialAction\":[{\"@type\":\"SearchAction\",\"target\":{\"@type\":\"EntryPoint\",\"urlTemplate\":\"https:\/\/www.algebris.com\/de\/?s={search_term_string}\"},\"query-input\":{\"@type\":\"PropertyValueSpecification\",\"valueRequired\":true,\"valueName\":\"search_term_string\"}}],\"inLanguage\":\"de-DE\"},{\"@type\":\"Organization\",\"@id\":\"https:\/\/www.algebris.com\/de\/#organization\",\"name\":\"Algebris Investments\",\"url\":\"https:\/\/www.algebris.com\/de\/\",\"logo\":{\"@type\":\"ImageObject\",\"inLanguage\":\"de-DE\",\"@id\":\"https:\/\/www.algebris.com\/de\/#\/schema\/logo\/image\/\",\"url\":\"https:\/\/media.algebris.com\/content\/cropped-logo1.png\",\"contentUrl\":\"https:\/\/media.algebris.com\/content\/cropped-logo1.png\",\"width\":250,\"height\":78,\"caption\":\"Algebris Investments\"},\"image\":{\"@id\":\"https:\/\/www.algebris.com\/de\/#\/schema\/logo\/image\/\"},\"sameAs\":[\"https:\/\/www.linkedin.com\/company\/algebris-investments\/about\/\",\"https:\/\/www.youtube.com\/channel\/UC_MiRdysidJhtSWRVxtH-3g\/featured\"]},{\"@type\":\"Person\",\"@id\":\"https:\/\/www.algebris.com\/de\/#\/schema\/person\/4f8a812e06adf5a47c5d4a2029e3be59\",\"name\":\"Daniela Spataro\",\"image\":{\"@type\":\"ImageObject\",\"inLanguage\":\"de-DE\",\"@id\":\"https:\/\/www.algebris.com\/de\/#\/schema\/person\/image\/\",\"url\":\"https:\/\/secure.gravatar.com\/avatar\/821ec53dd4d41d0030f366b23cf0332fd516cc4478032551a9affa216c6c8fed?s=96&d=mm&r=g\",\"contentUrl\":\"https:\/\/secure.gravatar.com\/avatar\/821ec53dd4d41d0030f366b23cf0332fd516cc4478032551a9affa216c6c8fed?s=96&d=mm&r=g\",\"caption\":\"Daniela Spataro\"}}]}<\/script>\n<!-- \/ Yoast SEO plugin. -->","yoast_head_json":{"title":"GLOBAL CREDIT BULLETS | Montag, 9. Februar 2026 - Algebris Investments","robots":{"index":"index","follow":"follow","max-snippet":"max-snippet:-1","max-image-preview":"max-image-preview:large","max-video-preview":"max-video-preview:-1"},"canonical":"https:\/\/www.algebris.com\/de\/market-views-de\/global-credit-bullets-montag-9-februar-2026\/","og_locale":"de_DE","og_type":"article","og_title":"GLOBAL CREDIT BULLETS | Montag, 9. Februar 2026 - Algebris Investments","og_description":"Japan \u2013 Takaichi festigt ihre Macht, fiskalische Massnahmen werden freigegeben Am vergangenen Sonntag sicherten sich die LDP und Takaichi 316 der 465 Sitze im Unterhaus und verf\u00fcgen nun zusammen mit ihrer Koalition \u00fcber die erforderliche Zweidrittelmehrheit, um jede Ablehnung im Oberhaus zu \u00fcberstimmen. Takaichi befindet sich damit in einer historisch starken Position, und ihr politisches [&hellip;]","og_url":"https:\/\/www.algebris.com\/de\/market-views-de\/global-credit-bullets-montag-9-februar-2026\/","og_site_name":"Algebris Investments","article_published_time":"2026-02-09T10:48:40+00:00","article_modified_time":"2026-02-09T15:28:38+00:00","og_image":[{"width":1400,"height":934,"url":"https:\/\/media.algebris.com\/content\/AdobeStock_1687338870_web.jpg","type":"image\/jpeg"}],"author":"Daniela Spataro","twitter_card":"summary_large_image","twitter_misc":{"Written by":"Daniela Spataro","Est. reading time":"3 minutes"},"schema":{"@context":"https:\/\/schema.org","@graph":[{"@type":"Article","@id":"https:\/\/www.algebris.com\/de\/market-views-de\/global-credit-bullets-montag-9-februar-2026\/#article","isPartOf":{"@id":"https:\/\/www.algebris.com\/de\/market-views-de\/global-credit-bullets-montag-9-februar-2026\/"},"author":{"name":"Daniela Spataro","@id":"https:\/\/www.algebris.com\/de\/#\/schema\/person\/4f8a812e06adf5a47c5d4a2029e3be59"},"headline":"GLOBAL CREDIT BULLETS | Montag, 9. Februar 2026","datePublished":"2026-02-09T10:48:40+00:00","dateModified":"2026-02-09T15:28:38+00:00","mainEntityOfPage":{"@id":"https:\/\/www.algebris.com\/de\/market-views-de\/global-credit-bullets-montag-9-februar-2026\/"},"wordCount":538,"publisher":{"@id":"https:\/\/www.algebris.com\/de\/#organization"},"image":{"@id":"https:\/\/www.algebris.com\/de\/market-views-de\/global-credit-bullets-montag-9-februar-2026\/#primaryimage"},"thumbnailUrl":"https:\/\/media.algebris.com\/content\/AdobeStock_1687338870_web.jpg","articleSection":["Marktmeinungen"],"inLanguage":"de-DE"},{"@type":"WebPage","@id":"https:\/\/www.algebris.com\/de\/market-views-de\/global-credit-bullets-montag-9-februar-2026\/","url":"https:\/\/www.algebris.com\/de\/market-views-de\/global-credit-bullets-montag-9-februar-2026\/","name":"GLOBAL CREDIT BULLETS | Montag, 9. Februar 2026 - Algebris Investments","isPartOf":{"@id":"https:\/\/www.algebris.com\/de\/#website"},"primaryImageOfPage":{"@id":"https:\/\/www.algebris.com\/de\/market-views-de\/global-credit-bullets-montag-9-februar-2026\/#primaryimage"},"image":{"@id":"https:\/\/www.algebris.com\/de\/market-views-de\/global-credit-bullets-montag-9-februar-2026\/#primaryimage"},"thumbnailUrl":"https:\/\/media.algebris.com\/content\/AdobeStock_1687338870_web.jpg","datePublished":"2026-02-09T10:48:40+00:00","dateModified":"2026-02-09T15:28:38+00:00","breadcrumb":{"@id":"https:\/\/www.algebris.com\/de\/market-views-de\/global-credit-bullets-montag-9-februar-2026\/#breadcrumb"},"inLanguage":"de-DE","potentialAction":[{"@type":"ReadAction","target":["https:\/\/www.algebris.com\/de\/market-views-de\/global-credit-bullets-montag-9-februar-2026\/"]}]},{"@type":"ImageObject","inLanguage":"de-DE","@id":"https:\/\/www.algebris.com\/de\/market-views-de\/global-credit-bullets-montag-9-februar-2026\/#primaryimage","url":"https:\/\/media.algebris.com\/content\/AdobeStock_1687338870_web.jpg","contentUrl":"https:\/\/media.algebris.com\/content\/AdobeStock_1687338870_web.jpg","width":1400,"height":934},{"@type":"BreadcrumbList","@id":"https:\/\/www.algebris.com\/de\/market-views-de\/global-credit-bullets-montag-9-februar-2026\/#breadcrumb","itemListElement":[{"@type":"ListItem","position":1,"name":"Home","item":"https:\/\/www.algebris.com\/de\/"},{"@type":"ListItem","position":2,"name":"Marktmeinungen","item":"https:\/\/www.algebris.com\/de\/category\/market-views-de\/"},{"@type":"ListItem","position":3,"name":"GLOBAL CREDIT BULLETS | Montag, 9. Februar 2026"}]},{"@type":"WebSite","@id":"https:\/\/www.algebris.com\/de\/#website","url":"https:\/\/www.algebris.com\/de\/","name":"Algebris Investments","description":"","publisher":{"@id":"https:\/\/www.algebris.com\/de\/#organization"},"potentialAction":[{"@type":"SearchAction","target":{"@type":"EntryPoint","urlTemplate":"https:\/\/www.algebris.com\/de\/?s={search_term_string}"},"query-input":{"@type":"PropertyValueSpecification","valueRequired":true,"valueName":"search_term_string"}}],"inLanguage":"de-DE"},{"@type":"Organization","@id":"https:\/\/www.algebris.com\/de\/#organization","name":"Algebris Investments","url":"https:\/\/www.algebris.com\/de\/","logo":{"@type":"ImageObject","inLanguage":"de-DE","@id":"https:\/\/www.algebris.com\/de\/#\/schema\/logo\/image\/","url":"https:\/\/media.algebris.com\/content\/cropped-logo1.png","contentUrl":"https:\/\/media.algebris.com\/content\/cropped-logo1.png","width":250,"height":78,"caption":"Algebris Investments"},"image":{"@id":"https:\/\/www.algebris.com\/de\/#\/schema\/logo\/image\/"},"sameAs":["https:\/\/www.linkedin.com\/company\/algebris-investments\/about\/","https:\/\/www.youtube.com\/channel\/UC_MiRdysidJhtSWRVxtH-3g\/featured"]},{"@type":"Person","@id":"https:\/\/www.algebris.com\/de\/#\/schema\/person\/4f8a812e06adf5a47c5d4a2029e3be59","name":"Daniela Spataro","image":{"@type":"ImageObject","inLanguage":"de-DE","@id":"https:\/\/www.algebris.com\/de\/#\/schema\/person\/image\/","url":"https:\/\/secure.gravatar.com\/avatar\/821ec53dd4d41d0030f366b23cf0332fd516cc4478032551a9affa216c6c8fed?s=96&d=mm&r=g","contentUrl":"https:\/\/secure.gravatar.com\/avatar\/821ec53dd4d41d0030f366b23cf0332fd516cc4478032551a9affa216c6c8fed?s=96&d=mm&r=g","caption":"Daniela Spataro"}}]}},"_links":{"self":[{"href":"https:\/\/www.algebris.com\/de\/wp-json\/wp\/v2\/posts\/29308","targetHints":{"allow":["GET"]}}],"collection":[{"href":"https:\/\/www.algebris.com\/de\/wp-json\/wp\/v2\/posts"}],"about":[{"href":"https:\/\/www.algebris.com\/de\/wp-json\/wp\/v2\/types\/post"}],"author":[{"embeddable":true,"href":"https:\/\/www.algebris.com\/de\/wp-json\/wp\/v2\/users\/22"}],"replies":[{"embeddable":true,"href":"https:\/\/www.algebris.com\/de\/wp-json\/wp\/v2\/comments?post=29308"}],"version-history":[{"count":1,"href":"https:\/\/www.algebris.com\/de\/wp-json\/wp\/v2\/posts\/29308\/revisions"}],"predecessor-version":[{"id":29309,"href":"https:\/\/www.algebris.com\/de\/wp-json\/wp\/v2\/posts\/29308\/revisions\/29309"}],"wp:featuredmedia":[{"embeddable":true,"href":"https:\/\/www.algebris.com\/de\/wp-json\/wp\/v2\/media\/29285"}],"wp:attachment":[{"href":"https:\/\/www.algebris.com\/de\/wp-json\/wp\/v2\/media?parent=29308"}],"wp:term":[{"taxonomy":"category","embeddable":true,"href":"https:\/\/www.algebris.com\/de\/wp-json\/wp\/v2\/categories?post=29308"},{"taxonomy":"post_tag","embeddable":true,"href":"https:\/\/www.algebris.com\/de\/wp-json\/wp\/v2\/tags?post=29308"},{"taxonomy":"asset-class","embeddable":true,"href":"https:\/\/www.algebris.com\/de\/wp-json\/wp\/v2\/asset-class?post=29308"},{"taxonomy":"algebris-themes","embeddable":true,"href":"https:\/\/www.algebris.com\/de\/wp-json\/wp\/v2\/algebris-themes?post=29308"}],"curies":[{"name":"wp","href":"https:\/\/api.w.org\/{rel}","templated":true}]}}