{"id":29353,"date":"2026-02-16T10:57:28","date_gmt":"2026-02-16T10:57:28","guid":{"rendered":"https:\/\/www.algebris.com\/?p=29353"},"modified":"2026-02-16T10:59:18","modified_gmt":"2026-02-16T10:59:18","slug":"global-credit-bullets-montag-16-februar-2026","status":"publish","type":"post","link":"https:\/\/www.algebris.com\/de\/market-views-de\/global-credit-bullets-montag-16-februar-2026\/","title":{"rendered":"GLOBAL CREDIT BULLETS | Montag, 16. Februar 2026"},"content":{"rendered":"\n<h5 class=\"wp-block-heading\"><strong><strong><strong><strong><strong><strong><strong><strong><strong><strong><strong><strong><strong><strong><strong><strong><strong><strong><strong><strong><strong><strong><strong><strong><strong><strong><strong><strong><strong><strong><strong><strong><strong><strong><strong><strong><strong><strong><strong><strong><strong><strong><strong><strong><strong><strong><strong><strong><strong><strong><strong><strong><strong><strong><strong><strong><strong><strong>USA \u2013 Starker Arbeitsmarkt, moderate Inflation: der Sweet Spot<\/strong><\/strong><\/strong><\/strong><\/strong><\/strong><\/strong><\/strong><\/strong><\/strong><\/strong><\/strong><\/strong><\/strong><\/strong><\/strong><\/strong><\/strong><\/strong><\/strong><\/strong><\/strong><\/strong><\/strong><\/strong><\/strong><\/strong><\/strong><\/strong><\/strong><\/strong><\/strong><\/strong><\/strong><\/strong><\/strong><\/strong><\/strong><\/strong><\/strong><\/strong><\/strong><\/strong><\/strong><\/strong><\/strong><\/strong><\/strong><\/strong><\/strong><\/strong><\/strong><\/strong><\/strong><\/strong><\/strong><\/strong><\/strong><\/h5>\n\n\n\n<p>Die j\u00fcngsten US-Daten der vergangenen Woche best\u00e4tigten erneut, dass der Arbeitsmarkt weiterhin robust ist. \u00c4usserungen von Hassett und Navarro in den Tagen vor der Ver\u00f6ffentlichung der Non-Farm-Payrolls hatten die Markterwartungen an den Besch\u00e4ftigungsaufbau ged\u00e4mpft; die tats\u00e4chlichen Zahlen \u00fcberraschten jedoch positiv. Die Indikatoren deuten weiterhin auf eine solide, zugrunde liegende Nachfrage nach Arbeitskr\u00e4ften hin. Gleichzeitig stellten die Inflationsdaten die anhaltende Disinflations-These nicht wesentlich infrage: Der Verbraucherpreisindex lag bei 2,4 % im Jahresvergleich, der Kernindex bei 2,5 %. Diese Kombination h\u00e4lt die H\u00fcrde f\u00fcr Zinssenkungen relativ niedrig, da Kevin Warsh in den kommenden Monaten voraussichtlich sein Amt antreten wird. Sollte jedoch die St\u00e4rke der Wirtschaft weiterhin das Hauptanliegen im Gremium sein, muss der neue Vorsitzende m\u00f6glicherweise eine \u00fcberzeugende Begr\u00fcndung liefern, um innerhalb des FOMC einen Konsens zu erreichen.<\/p>\n\n\n\n<div style=\"height:28px\" aria-hidden=\"true\" class=\"wp-block-spacer\"><\/div>\n\n\n\n<h5 class=\"wp-block-heading\"><strong><strong><strong><strong><strong><strong><strong><strong><strong><strong><strong><strong><strong><strong><strong><strong><strong><strong><strong><strong><strong><strong><strong><strong><strong><strong><strong><strong><strong><strong><strong><strong>USA \u2013 Wenn \u00fcberf\u00fcllte Trades aufgel\u00f6st werden<\/strong><\/strong><\/strong><\/strong><\/strong><\/strong><\/strong><\/strong><\/strong><\/strong><\/strong><\/strong><\/strong><\/strong><\/strong><\/strong><\/strong><\/strong><\/strong><\/strong><\/strong><\/strong><\/strong><\/strong><\/strong><\/strong><\/strong><\/strong><\/strong><\/strong><\/strong><\/strong><\/h5>\n\n\n\n<p>Technologieaktien gerieten im Wochenverlauf unter Druck, da Anleger die Bewertungen in Teilen des KI-nahen Segments neu einsch\u00e4tzten. Nach einer l\u00e4ngeren Phase starker Performance und zunehmend \u00fcberf\u00fcllter Positionierung f\u00fchrten Sorgen \u00fcber das Tempo der Monetarisierung, den Investitionszyklus (Capex) und die l\u00e4ngerfristigen Auswirkungen der KI-Substitution zu Gewinnmitnahmen bei mehreren Titeln mit hohem Beta. Die Bewegung wirkte eher technisch als fundamental getrieben: Der S&amp;P 500 gab auf Wochensicht um weniger als 2 % nach, w\u00e4hrend einige KI- und technologiebezogene K\u00f6rbe um mehr als 20 % fielen \u2013 was die Streuung der Aktienperformance erh\u00f6hte. In diesem Umfeld entwickelte sich die Duration gut; die Rendite 30-j\u00e4hriger US-Staatsanleihen sank um rund 15 Basispunkte.<\/p>\n\n\n\n<div style=\"height:28px\" aria-hidden=\"true\" class=\"wp-block-spacer\"><\/div>\n\n\n\n<h5 class=\"wp-block-heading\">Algebris Investments&#8217; <em>Global Credit Team<\/em><\/h5>\n","protected":false},"excerpt":{"rendered":"<p>USA \u2013 Starker Arbeitsmarkt, moderate Inflation: der Sweet Spot Die j\u00fcngsten US-Daten der vergangenen Woche best\u00e4tigten erneut, dass der Arbeitsmarkt weiterhin robust ist. \u00c4usserungen von Hassett und Navarro in den Tagen vor der Ver\u00f6ffentlichung der Non-Farm-Payrolls hatten die Markterwartungen an den Besch\u00e4ftigungsaufbau ged\u00e4mpft; die tats\u00e4chlichen Zahlen \u00fcberraschten jedoch positiv. Die Indikatoren deuten weiterhin auf eine [&hellip;]<\/p>\n","protected":false},"author":22,"featured_media":29349,"comment_status":"closed","ping_status":"closed","sticky":false,"template":"","format":"standard","meta":{"_acf_changed":false,"footnotes":""},"categories":[212],"tags":[],"asset-class":[228],"algebris-themes":[278],"class_list":["post-29353","post","type-post","status-publish","format-standard","has-post-thumbnail","hentry","category-market-views-de","asset-class-credit-de","algebris-themes-global-credit-theme-de"],"acf":[],"yoast_head":"<!-- This site is optimized with the Yoast SEO plugin v27.1.1 - https:\/\/yoast.com\/product\/yoast-seo-wordpress\/ -->\n<title>GLOBAL CREDIT BULLETS | Montag, 16. Februar 2026 - Algebris Investments<\/title>\n<meta name=\"robots\" content=\"index, follow, max-snippet:-1, max-image-preview:large, max-video-preview:-1\" \/>\n<link rel=\"canonical\" href=\"https:\/\/www.algebris.com\/de\/market-views-de\/global-credit-bullets-montag-16-februar-2026\/\" \/>\n<meta property=\"og:locale\" content=\"de_DE\" \/>\n<meta property=\"og:type\" content=\"article\" \/>\n<meta property=\"og:title\" content=\"GLOBAL CREDIT BULLETS | Montag, 16. Februar 2026 - Algebris Investments\" \/>\n<meta property=\"og:description\" content=\"USA \u2013 Starker Arbeitsmarkt, moderate Inflation: der Sweet Spot Die j\u00fcngsten US-Daten der vergangenen Woche best\u00e4tigten erneut, dass der Arbeitsmarkt weiterhin robust ist. \u00c4usserungen von Hassett und Navarro in den Tagen vor der Ver\u00f6ffentlichung der Non-Farm-Payrolls hatten die Markterwartungen an den Besch\u00e4ftigungsaufbau ged\u00e4mpft; die tats\u00e4chlichen Zahlen \u00fcberraschten jedoch positiv. Die Indikatoren deuten weiterhin auf eine [&hellip;]\" \/>\n<meta property=\"og:url\" content=\"https:\/\/www.algebris.com\/de\/market-views-de\/global-credit-bullets-montag-16-februar-2026\/\" \/>\n<meta property=\"og:site_name\" content=\"Algebris Investments\" \/>\n<meta property=\"article:published_time\" content=\"2026-02-16T10:57:28+00:00\" \/>\n<meta property=\"article:modified_time\" content=\"2026-02-16T10:59:18+00:00\" \/>\n<meta property=\"og:image\" content=\"https:\/\/media.algebris.com\/content\/AdobeStock_426408743_web.jpg\" \/>\n\t<meta property=\"og:image:width\" content=\"1400\" \/>\n\t<meta property=\"og:image:height\" content=\"933\" \/>\n\t<meta property=\"og:image:type\" content=\"image\/jpeg\" \/>\n<meta name=\"author\" content=\"Daniela Spataro\" \/>\n<meta name=\"twitter:card\" content=\"summary_large_image\" \/>\n<meta name=\"twitter:label1\" content=\"Written by\" \/>\n\t<meta name=\"twitter:data1\" content=\"Daniela Spataro\" \/>\n\t<meta name=\"twitter:label2\" content=\"Est. reading time\" \/>\n\t<meta name=\"twitter:data2\" content=\"2 minutes\" \/>\n<script type=\"application\/ld+json\" class=\"yoast-schema-graph\">{\"@context\":\"https:\/\/schema.org\",\"@graph\":[{\"@type\":\"Article\",\"@id\":\"https:\/\/www.algebris.com\/de\/market-views-de\/global-credit-bullets-montag-16-februar-2026\/#article\",\"isPartOf\":{\"@id\":\"https:\/\/www.algebris.com\/de\/market-views-de\/global-credit-bullets-montag-16-februar-2026\/\"},\"author\":{\"name\":\"Daniela Spataro\",\"@id\":\"https:\/\/www.algebris.com\/de\/#\/schema\/person\/4f8a812e06adf5a47c5d4a2029e3be59\"},\"headline\":\"GLOBAL CREDIT BULLETS | Montag, 16. Februar 2026\",\"datePublished\":\"2026-02-16T10:57:28+00:00\",\"dateModified\":\"2026-02-16T10:59:18+00:00\",\"mainEntityOfPage\":{\"@id\":\"https:\/\/www.algebris.com\/de\/market-views-de\/global-credit-bullets-montag-16-februar-2026\/\"},\"wordCount\":272,\"publisher\":{\"@id\":\"https:\/\/www.algebris.com\/de\/#organization\"},\"image\":{\"@id\":\"https:\/\/www.algebris.com\/de\/market-views-de\/global-credit-bullets-montag-16-februar-2026\/#primaryimage\"},\"thumbnailUrl\":\"https:\/\/media.algebris.com\/content\/AdobeStock_426408743_web.jpg\",\"articleSection\":[\"Marktmeinungen\"],\"inLanguage\":\"de-DE\"},{\"@type\":\"WebPage\",\"@id\":\"https:\/\/www.algebris.com\/de\/market-views-de\/global-credit-bullets-montag-16-februar-2026\/\",\"url\":\"https:\/\/www.algebris.com\/de\/market-views-de\/global-credit-bullets-montag-16-februar-2026\/\",\"name\":\"GLOBAL CREDIT BULLETS | Montag, 16. Februar 2026 - Algebris Investments\",\"isPartOf\":{\"@id\":\"https:\/\/www.algebris.com\/de\/#website\"},\"primaryImageOfPage\":{\"@id\":\"https:\/\/www.algebris.com\/de\/market-views-de\/global-credit-bullets-montag-16-februar-2026\/#primaryimage\"},\"image\":{\"@id\":\"https:\/\/www.algebris.com\/de\/market-views-de\/global-credit-bullets-montag-16-februar-2026\/#primaryimage\"},\"thumbnailUrl\":\"https:\/\/media.algebris.com\/content\/AdobeStock_426408743_web.jpg\",\"datePublished\":\"2026-02-16T10:57:28+00:00\",\"dateModified\":\"2026-02-16T10:59:18+00:00\",\"breadcrumb\":{\"@id\":\"https:\/\/www.algebris.com\/de\/market-views-de\/global-credit-bullets-montag-16-februar-2026\/#breadcrumb\"},\"inLanguage\":\"de-DE\",\"potentialAction\":[{\"@type\":\"ReadAction\",\"target\":[\"https:\/\/www.algebris.com\/de\/market-views-de\/global-credit-bullets-montag-16-februar-2026\/\"]}]},{\"@type\":\"ImageObject\",\"inLanguage\":\"de-DE\",\"@id\":\"https:\/\/www.algebris.com\/de\/market-views-de\/global-credit-bullets-montag-16-februar-2026\/#primaryimage\",\"url\":\"https:\/\/media.algebris.com\/content\/AdobeStock_426408743_web.jpg\",\"contentUrl\":\"https:\/\/media.algebris.com\/content\/AdobeStock_426408743_web.jpg\",\"width\":1400,\"height\":933},{\"@type\":\"BreadcrumbList\",\"@id\":\"https:\/\/www.algebris.com\/de\/market-views-de\/global-credit-bullets-montag-16-februar-2026\/#breadcrumb\",\"itemListElement\":[{\"@type\":\"ListItem\",\"position\":1,\"name\":\"Home\",\"item\":\"https:\/\/www.algebris.com\/de\/\"},{\"@type\":\"ListItem\",\"position\":2,\"name\":\"Marktmeinungen\",\"item\":\"https:\/\/www.algebris.com\/de\/category\/market-views-de\/\"},{\"@type\":\"ListItem\",\"position\":3,\"name\":\"GLOBAL CREDIT BULLETS | Montag, 16. Februar 2026\"}]},{\"@type\":\"WebSite\",\"@id\":\"https:\/\/www.algebris.com\/de\/#website\",\"url\":\"https:\/\/www.algebris.com\/de\/\",\"name\":\"Algebris Investments\",\"description\":\"\",\"publisher\":{\"@id\":\"https:\/\/www.algebris.com\/de\/#organization\"},\"potentialAction\":[{\"@type\":\"SearchAction\",\"target\":{\"@type\":\"EntryPoint\",\"urlTemplate\":\"https:\/\/www.algebris.com\/de\/?s={search_term_string}\"},\"query-input\":{\"@type\":\"PropertyValueSpecification\",\"valueRequired\":true,\"valueName\":\"search_term_string\"}}],\"inLanguage\":\"de-DE\"},{\"@type\":\"Organization\",\"@id\":\"https:\/\/www.algebris.com\/de\/#organization\",\"name\":\"Algebris Investments\",\"url\":\"https:\/\/www.algebris.com\/de\/\",\"logo\":{\"@type\":\"ImageObject\",\"inLanguage\":\"de-DE\",\"@id\":\"https:\/\/www.algebris.com\/de\/#\/schema\/logo\/image\/\",\"url\":\"https:\/\/media.algebris.com\/content\/cropped-logo1.png\",\"contentUrl\":\"https:\/\/media.algebris.com\/content\/cropped-logo1.png\",\"width\":250,\"height\":78,\"caption\":\"Algebris Investments\"},\"image\":{\"@id\":\"https:\/\/www.algebris.com\/de\/#\/schema\/logo\/image\/\"},\"sameAs\":[\"https:\/\/www.linkedin.com\/company\/algebris-investments\/about\/\",\"https:\/\/www.youtube.com\/channel\/UC_MiRdysidJhtSWRVxtH-3g\/featured\"]},{\"@type\":\"Person\",\"@id\":\"https:\/\/www.algebris.com\/de\/#\/schema\/person\/4f8a812e06adf5a47c5d4a2029e3be59\",\"name\":\"Daniela Spataro\",\"image\":{\"@type\":\"ImageObject\",\"inLanguage\":\"de-DE\",\"@id\":\"https:\/\/www.algebris.com\/de\/#\/schema\/person\/image\/\",\"url\":\"https:\/\/secure.gravatar.com\/avatar\/821ec53dd4d41d0030f366b23cf0332fd516cc4478032551a9affa216c6c8fed?s=96&d=mm&r=g\",\"contentUrl\":\"https:\/\/secure.gravatar.com\/avatar\/821ec53dd4d41d0030f366b23cf0332fd516cc4478032551a9affa216c6c8fed?s=96&d=mm&r=g\",\"caption\":\"Daniela Spataro\"}}]}<\/script>\n<!-- \/ Yoast SEO plugin. -->","yoast_head_json":{"title":"GLOBAL CREDIT BULLETS | Montag, 16. Februar 2026 - Algebris Investments","robots":{"index":"index","follow":"follow","max-snippet":"max-snippet:-1","max-image-preview":"max-image-preview:large","max-video-preview":"max-video-preview:-1"},"canonical":"https:\/\/www.algebris.com\/de\/market-views-de\/global-credit-bullets-montag-16-februar-2026\/","og_locale":"de_DE","og_type":"article","og_title":"GLOBAL CREDIT BULLETS | Montag, 16. Februar 2026 - Algebris Investments","og_description":"USA \u2013 Starker Arbeitsmarkt, moderate Inflation: der Sweet Spot Die j\u00fcngsten US-Daten der vergangenen Woche best\u00e4tigten erneut, dass der Arbeitsmarkt weiterhin robust ist. \u00c4usserungen von Hassett und Navarro in den Tagen vor der Ver\u00f6ffentlichung der Non-Farm-Payrolls hatten die Markterwartungen an den Besch\u00e4ftigungsaufbau ged\u00e4mpft; die tats\u00e4chlichen Zahlen \u00fcberraschten jedoch positiv. Die Indikatoren deuten weiterhin auf eine [&hellip;]","og_url":"https:\/\/www.algebris.com\/de\/market-views-de\/global-credit-bullets-montag-16-februar-2026\/","og_site_name":"Algebris Investments","article_published_time":"2026-02-16T10:57:28+00:00","article_modified_time":"2026-02-16T10:59:18+00:00","og_image":[{"width":1400,"height":933,"url":"https:\/\/media.algebris.com\/content\/AdobeStock_426408743_web.jpg","type":"image\/jpeg"}],"author":"Daniela Spataro","twitter_card":"summary_large_image","twitter_misc":{"Written by":"Daniela Spataro","Est. reading time":"2 minutes"},"schema":{"@context":"https:\/\/schema.org","@graph":[{"@type":"Article","@id":"https:\/\/www.algebris.com\/de\/market-views-de\/global-credit-bullets-montag-16-februar-2026\/#article","isPartOf":{"@id":"https:\/\/www.algebris.com\/de\/market-views-de\/global-credit-bullets-montag-16-februar-2026\/"},"author":{"name":"Daniela Spataro","@id":"https:\/\/www.algebris.com\/de\/#\/schema\/person\/4f8a812e06adf5a47c5d4a2029e3be59"},"headline":"GLOBAL CREDIT BULLETS | Montag, 16. Februar 2026","datePublished":"2026-02-16T10:57:28+00:00","dateModified":"2026-02-16T10:59:18+00:00","mainEntityOfPage":{"@id":"https:\/\/www.algebris.com\/de\/market-views-de\/global-credit-bullets-montag-16-februar-2026\/"},"wordCount":272,"publisher":{"@id":"https:\/\/www.algebris.com\/de\/#organization"},"image":{"@id":"https:\/\/www.algebris.com\/de\/market-views-de\/global-credit-bullets-montag-16-februar-2026\/#primaryimage"},"thumbnailUrl":"https:\/\/media.algebris.com\/content\/AdobeStock_426408743_web.jpg","articleSection":["Marktmeinungen"],"inLanguage":"de-DE"},{"@type":"WebPage","@id":"https:\/\/www.algebris.com\/de\/market-views-de\/global-credit-bullets-montag-16-februar-2026\/","url":"https:\/\/www.algebris.com\/de\/market-views-de\/global-credit-bullets-montag-16-februar-2026\/","name":"GLOBAL CREDIT BULLETS | Montag, 16. Februar 2026 - Algebris Investments","isPartOf":{"@id":"https:\/\/www.algebris.com\/de\/#website"},"primaryImageOfPage":{"@id":"https:\/\/www.algebris.com\/de\/market-views-de\/global-credit-bullets-montag-16-februar-2026\/#primaryimage"},"image":{"@id":"https:\/\/www.algebris.com\/de\/market-views-de\/global-credit-bullets-montag-16-februar-2026\/#primaryimage"},"thumbnailUrl":"https:\/\/media.algebris.com\/content\/AdobeStock_426408743_web.jpg","datePublished":"2026-02-16T10:57:28+00:00","dateModified":"2026-02-16T10:59:18+00:00","breadcrumb":{"@id":"https:\/\/www.algebris.com\/de\/market-views-de\/global-credit-bullets-montag-16-februar-2026\/#breadcrumb"},"inLanguage":"de-DE","potentialAction":[{"@type":"ReadAction","target":["https:\/\/www.algebris.com\/de\/market-views-de\/global-credit-bullets-montag-16-februar-2026\/"]}]},{"@type":"ImageObject","inLanguage":"de-DE","@id":"https:\/\/www.algebris.com\/de\/market-views-de\/global-credit-bullets-montag-16-februar-2026\/#primaryimage","url":"https:\/\/media.algebris.com\/content\/AdobeStock_426408743_web.jpg","contentUrl":"https:\/\/media.algebris.com\/content\/AdobeStock_426408743_web.jpg","width":1400,"height":933},{"@type":"BreadcrumbList","@id":"https:\/\/www.algebris.com\/de\/market-views-de\/global-credit-bullets-montag-16-februar-2026\/#breadcrumb","itemListElement":[{"@type":"ListItem","position":1,"name":"Home","item":"https:\/\/www.algebris.com\/de\/"},{"@type":"ListItem","position":2,"name":"Marktmeinungen","item":"https:\/\/www.algebris.com\/de\/category\/market-views-de\/"},{"@type":"ListItem","position":3,"name":"GLOBAL CREDIT BULLETS | Montag, 16. Februar 2026"}]},{"@type":"WebSite","@id":"https:\/\/www.algebris.com\/de\/#website","url":"https:\/\/www.algebris.com\/de\/","name":"Algebris Investments","description":"","publisher":{"@id":"https:\/\/www.algebris.com\/de\/#organization"},"potentialAction":[{"@type":"SearchAction","target":{"@type":"EntryPoint","urlTemplate":"https:\/\/www.algebris.com\/de\/?s={search_term_string}"},"query-input":{"@type":"PropertyValueSpecification","valueRequired":true,"valueName":"search_term_string"}}],"inLanguage":"de-DE"},{"@type":"Organization","@id":"https:\/\/www.algebris.com\/de\/#organization","name":"Algebris Investments","url":"https:\/\/www.algebris.com\/de\/","logo":{"@type":"ImageObject","inLanguage":"de-DE","@id":"https:\/\/www.algebris.com\/de\/#\/schema\/logo\/image\/","url":"https:\/\/media.algebris.com\/content\/cropped-logo1.png","contentUrl":"https:\/\/media.algebris.com\/content\/cropped-logo1.png","width":250,"height":78,"caption":"Algebris Investments"},"image":{"@id":"https:\/\/www.algebris.com\/de\/#\/schema\/logo\/image\/"},"sameAs":["https:\/\/www.linkedin.com\/company\/algebris-investments\/about\/","https:\/\/www.youtube.com\/channel\/UC_MiRdysidJhtSWRVxtH-3g\/featured"]},{"@type":"Person","@id":"https:\/\/www.algebris.com\/de\/#\/schema\/person\/4f8a812e06adf5a47c5d4a2029e3be59","name":"Daniela Spataro","image":{"@type":"ImageObject","inLanguage":"de-DE","@id":"https:\/\/www.algebris.com\/de\/#\/schema\/person\/image\/","url":"https:\/\/secure.gravatar.com\/avatar\/821ec53dd4d41d0030f366b23cf0332fd516cc4478032551a9affa216c6c8fed?s=96&d=mm&r=g","contentUrl":"https:\/\/secure.gravatar.com\/avatar\/821ec53dd4d41d0030f366b23cf0332fd516cc4478032551a9affa216c6c8fed?s=96&d=mm&r=g","caption":"Daniela Spataro"}}]}},"_links":{"self":[{"href":"https:\/\/www.algebris.com\/de\/wp-json\/wp\/v2\/posts\/29353","targetHints":{"allow":["GET"]}}],"collection":[{"href":"https:\/\/www.algebris.com\/de\/wp-json\/wp\/v2\/posts"}],"about":[{"href":"https:\/\/www.algebris.com\/de\/wp-json\/wp\/v2\/types\/post"}],"author":[{"embeddable":true,"href":"https:\/\/www.algebris.com\/de\/wp-json\/wp\/v2\/users\/22"}],"replies":[{"embeddable":true,"href":"https:\/\/www.algebris.com\/de\/wp-json\/wp\/v2\/comments?post=29353"}],"version-history":[{"count":1,"href":"https:\/\/www.algebris.com\/de\/wp-json\/wp\/v2\/posts\/29353\/revisions"}],"predecessor-version":[{"id":29354,"href":"https:\/\/www.algebris.com\/de\/wp-json\/wp\/v2\/posts\/29353\/revisions\/29354"}],"wp:featuredmedia":[{"embeddable":true,"href":"https:\/\/www.algebris.com\/de\/wp-json\/wp\/v2\/media\/29349"}],"wp:attachment":[{"href":"https:\/\/www.algebris.com\/de\/wp-json\/wp\/v2\/media?parent=29353"}],"wp:term":[{"taxonomy":"category","embeddable":true,"href":"https:\/\/www.algebris.com\/de\/wp-json\/wp\/v2\/categories?post=29353"},{"taxonomy":"post_tag","embeddable":true,"href":"https:\/\/www.algebris.com\/de\/wp-json\/wp\/v2\/tags?post=29353"},{"taxonomy":"asset-class","embeddable":true,"href":"https:\/\/www.algebris.com\/de\/wp-json\/wp\/v2\/asset-class?post=29353"},{"taxonomy":"algebris-themes","embeddable":true,"href":"https:\/\/www.algebris.com\/de\/wp-json\/wp\/v2\/algebris-themes?post=29353"}],"curies":[{"name":"wp","href":"https:\/\/api.w.org\/{rel}","templated":true}]}}