{"id":29405,"date":"2026-02-23T10:29:43","date_gmt":"2026-02-23T10:29:43","guid":{"rendered":"https:\/\/www.algebris.com\/?p=29405"},"modified":"2026-02-25T14:16:01","modified_gmt":"2026-02-25T14:16:01","slug":"global-credit-bullets-montag-23-februar-2026","status":"publish","type":"post","link":"https:\/\/www.algebris.com\/de\/market-views-de\/global-credit-bullets-montag-23-februar-2026\/","title":{"rendered":"GLOBAL CREDIT BULLETS | Montag, 23. Februar 2026"},"content":{"rendered":"\n<h5 class=\"wp-block-heading\"><strong><strong><strong><strong><strong><strong><strong><strong><strong><strong><strong><strong><strong><strong><strong><strong><strong><strong><strong><strong><strong><strong><strong><strong><strong><strong><strong><strong><strong><strong><strong><strong><strong><strong><strong><strong><strong><strong><strong><strong><strong><strong><strong><strong><strong><strong><strong><strong><strong><strong><strong><strong><strong><strong><strong><strong><strong><strong>USA \u2013 IEEPA ausser Kraft gesetzt, fiskalische Auswirkungen<\/strong><\/strong><\/strong><\/strong><\/strong><\/strong><\/strong><\/strong><\/strong><\/strong><\/strong><\/strong><\/strong><\/strong><\/strong><\/strong><\/strong><\/strong><\/strong><\/strong><\/strong><\/strong><\/strong><\/strong><\/strong><\/strong><\/strong><\/strong><\/strong><\/strong><\/strong><\/strong><\/strong><\/strong><\/strong><\/strong><\/strong><\/strong><\/strong><\/strong><\/strong><\/strong><\/strong><\/strong><\/strong><\/strong><\/strong><\/strong><\/strong><\/strong><\/strong><\/strong><\/strong><\/strong><\/strong><\/strong><\/strong><\/strong><\/h5>\n\n\n\n<p>Letzte Woche entschied der Oberste Gerichtshof mit 6:3 Stimmen gegen die Anwendung des IEEPA durch die Regierung zur Erhebung von Z\u00f6llen und erkl\u00e4rte diese f\u00fcr die Zukunft f\u00fcr rechtswidrig. Zugleich verzichtete das Gericht auf eine Entscheidung zu R\u00fcckerstattungen, obwohl Sch\u00e4tzungen zufolge letztlich Anspr\u00fcche von mehr als 100 Mrd. USD auf bereits vereinnahmte Zolleinnahmen geltend gemacht werden k\u00f6nnten. Trump deutete zun\u00e4chst an, die Regierung werde auf andere Rechtsgrundlagen wie Section 232 und Section 301 ausweichen, um einen globalen Mindestzollsatz von 10 % beizubehalten, erh\u00f6hte den Vorschlag am Wochenende jedoch auf 15 % f\u00fcr 150 Tage.<\/p>\n\n\n\n<p>Das Urteil schw\u00e4cht die Verhandlungsposition der Regierung, da viele unter dem IEEPA geschlossene Handelsabkommen nun de facto hinf\u00e4llig sind. Praktisch bedeutet dies einen niedrigeren effektiven Durchschnittszollsatz und geringere Zolleinnahmen kurzfristig \u2013 was das Haushaltsdefizit tendenziell am Rand vergr\u00f6ssert und gleichzeitig die politische Unsicherheit erh\u00f6ht. Die Marktreaktion blieb verhalten und war weitgehend eingepreist: Der USD gab um rund 0,4 % nach, die Renditen 30-j\u00e4hriger US-Staatsanleihen stiegen um 4 Basispunkte, Swap-Spreads verengten sich und Aktien legten zu \u2013 im Einklang mit Erwartungen eines milderen Zollpfads kurzfristig, aber gr\u00f6sserer Unsicherheit mittelfristig.<\/p>\n\n\n\n<div style=\"height:28px\" aria-hidden=\"true\" class=\"wp-block-spacer\"><\/div>\n\n\n\n<h5 class=\"wp-block-heading\"><strong><strong><strong><strong><strong><strong><strong><strong><strong><strong><strong><strong><strong><strong><strong><strong><strong><strong><strong><strong><strong><strong><strong><strong><strong><strong><strong><strong><strong><strong><strong><strong>Iran \u2013 Deal oder Angriff<\/strong><\/strong><\/strong><\/strong><\/strong><\/strong><\/strong><\/strong><\/strong><\/strong><\/strong><\/strong><\/strong><\/strong><\/strong><\/strong><\/strong><\/strong><\/strong><\/strong><\/strong><\/strong><\/strong><\/strong><\/strong><\/strong><\/strong><\/strong><\/strong><\/strong><\/strong><\/strong><\/h5>\n\n\n\n<p>Die US-Milit\u00e4rpr\u00e4senz rund um den Iran nimmt weiter zu, w\u00e4hrend die Verhandlungen offenbar ins Stocken geraten sind \u2013 was die vom Markt implizierten Wahrscheinlichkeiten eines m\u00f6glichen Angriffs erh\u00f6ht. Die zentrale Ungewissheit bleibt der Umfang: ein gezielter \u201eEnthauptungsschlag\u201c gegen die F\u00fchrungsspitze oder ein breiteres Vorgehen einschliesslich nuklearer Anlagen.<\/p>\n\n\n\n<p>Teheran ist weiterhin nicht bereit, Beschr\u00e4nkungen seines Raketenprogramms oder seiner Unterst\u00fctzung f\u00fcr regionale Stellvertreter zu akzeptieren, was den diplomatischen Spielraum einengt. Ein US-Vorgehen d\u00fcrfte darauf abzielen, schnell und begrenzt zu bleiben, um eine anhaltende St\u00f6rung der \u00d6lpreise zu vermeiden. Eine rasche, entschlossene Operation k\u00f6nnte die geopolitische Risikopr\u00e4mie verringern; eine breitere Eskalation w\u00fcrde hingegen das Risiko einer anhaltenderen Neubewertung bei Energie- und Risikoanlagen erh\u00f6hen.<\/p>\n\n\n\n<div style=\"height:28px\" aria-hidden=\"true\" class=\"wp-block-spacer\"><\/div>\n\n\n\n<h5 class=\"wp-block-heading\"><strong><strong><strong><strong><strong><strong><strong><strong><strong><strong><strong><strong><strong><strong><strong><strong><strong><strong><strong><strong><strong><strong><strong><strong><strong><strong><strong><strong><strong><strong><strong><strong><strong>Grossbritannien \u2013 Abk\u00fchlender Arbeitsmarkt, hartn\u00e4ckige Preise<\/strong><\/strong><\/strong><\/strong><\/strong><\/strong><\/strong><\/strong><\/strong><\/strong><\/strong><\/strong><\/strong><\/strong><\/strong><\/strong><\/strong><\/strong><\/strong><\/strong><\/strong><\/strong><\/strong><\/strong><\/strong><\/strong><\/strong><\/strong><\/strong><\/strong><\/strong><\/strong><\/strong><\/h5>\n\n\n\n<p>Die j\u00fcngsten Daten aus Grossbritannien deuten auf eine graduelle Abschw\u00e4chung des Arbeitsmarkts hin. Die Arbeitslosenquote stieg auf 5,2 % und lag damit 10 Basispunkte \u00fcber den Prognosen der BoE, w\u00e4hrend das regul\u00e4re Lohnwachstum im privaten Sektor auf 3,4 % (3M\/J\/J) zur\u00fcckging \u2013 weitgehend im Rahmen der Erwartungen. Die Inflation bleibt jedoch weniger kooperativ. Zwar gab der Gesamt-VPI nach, die Dienstleistungsinflation lag jedoch 30 Basispunkte \u00fcber der Prognose der Bank und unterstreicht anhaltenden binnenwirtschaftlichen Preisdruck.<\/p>\n\n\n\n<p>Da f\u00fcr dieses Jahr zwei Zinssenkungen eingepreist sind und dem M\u00e4rz eine Wahrscheinlichkeit von rund 80 % zugeschrieben wird, r\u00fcckt die Kommunikation in den Fokus. Catherine Mann hat sich taubenhafter positioniert und betont die Arbeitsmarktschw\u00e4che. Sollte Bailey nachziehen, wird eine Zinssenkung im M\u00e4rz zum Basisszenario. Entscheidend bleiben jedoch die kommenden Daten f\u00fcr die n\u00e4chste Entscheidung.<\/p>\n\n\n\n<div style=\"height:28px\" aria-hidden=\"true\" class=\"wp-block-spacer\"><\/div>\n\n\n\n<h5 class=\"wp-block-heading\">Algebris Investments&#8217; <em>Global Credit Team<\/em><\/h5>\n","protected":false},"excerpt":{"rendered":"<p>USA \u2013 IEEPA ausser Kraft gesetzt, fiskalische Auswirkungen Letzte Woche entschied der Oberste Gerichtshof mit 6:3 Stimmen gegen die Anwendung des IEEPA durch die Regierung zur Erhebung von Z\u00f6llen und erkl\u00e4rte diese f\u00fcr die Zukunft f\u00fcr rechtswidrig. Zugleich verzichtete das Gericht auf eine Entscheidung zu R\u00fcckerstattungen, obwohl Sch\u00e4tzungen zufolge letztlich Anspr\u00fcche von mehr als 100 [&hellip;]<\/p>\n","protected":false},"author":22,"featured_media":29401,"comment_status":"closed","ping_status":"closed","sticky":false,"template":"","format":"standard","meta":{"_acf_changed":false,"footnotes":""},"categories":[212],"tags":[],"asset-class":[228],"algebris-themes":[278],"class_list":["post-29405","post","type-post","status-publish","format-standard","has-post-thumbnail","hentry","category-market-views-de","asset-class-credit-de","algebris-themes-global-credit-theme-de"],"acf":[],"yoast_head":"<!-- This site is optimized with the Yoast SEO plugin v27.1.1 - https:\/\/yoast.com\/product\/yoast-seo-wordpress\/ -->\n<title>GLOBAL CREDIT BULLETS | Montag, 23. Februar 2026 - Algebris Investments<\/title>\n<meta name=\"robots\" content=\"index, follow, max-snippet:-1, max-image-preview:large, max-video-preview:-1\" \/>\n<link rel=\"canonical\" href=\"https:\/\/www.algebris.com\/de\/market-views-de\/global-credit-bullets-montag-23-februar-2026\/\" \/>\n<meta property=\"og:locale\" content=\"de_DE\" \/>\n<meta property=\"og:type\" content=\"article\" \/>\n<meta property=\"og:title\" content=\"GLOBAL CREDIT BULLETS | Montag, 23. Februar 2026 - Algebris Investments\" \/>\n<meta property=\"og:description\" content=\"USA \u2013 IEEPA ausser Kraft gesetzt, fiskalische Auswirkungen Letzte Woche entschied der Oberste Gerichtshof mit 6:3 Stimmen gegen die Anwendung des IEEPA durch die Regierung zur Erhebung von Z\u00f6llen und erkl\u00e4rte diese f\u00fcr die Zukunft f\u00fcr rechtswidrig. Zugleich verzichtete das Gericht auf eine Entscheidung zu R\u00fcckerstattungen, obwohl Sch\u00e4tzungen zufolge letztlich Anspr\u00fcche von mehr als 100 [&hellip;]\" \/>\n<meta property=\"og:url\" content=\"https:\/\/www.algebris.com\/de\/market-views-de\/global-credit-bullets-montag-23-februar-2026\/\" \/>\n<meta property=\"og:site_name\" content=\"Algebris Investments\" \/>\n<meta property=\"article:published_time\" content=\"2026-02-23T10:29:43+00:00\" \/>\n<meta property=\"article:modified_time\" content=\"2026-02-25T14:16:01+00:00\" \/>\n<meta property=\"og:image\" content=\"https:\/\/media.algebris.com\/content\/AdobeStock_467692270_web.jpg\" \/>\n\t<meta property=\"og:image:width\" content=\"1400\" \/>\n\t<meta property=\"og:image:height\" content=\"933\" \/>\n\t<meta property=\"og:image:type\" content=\"image\/jpeg\" \/>\n<meta name=\"author\" content=\"Daniela Spataro\" \/>\n<meta name=\"twitter:card\" content=\"summary_large_image\" \/>\n<meta name=\"twitter:label1\" content=\"Written by\" \/>\n\t<meta name=\"twitter:data1\" content=\"Daniela Spataro\" \/>\n\t<meta name=\"twitter:label2\" content=\"Est. reading time\" \/>\n\t<meta name=\"twitter:data2\" content=\"3 minutes\" \/>\n<script type=\"application\/ld+json\" class=\"yoast-schema-graph\">{\"@context\":\"https:\/\/schema.org\",\"@graph\":[{\"@type\":\"Article\",\"@id\":\"https:\/\/www.algebris.com\/de\/market-views-de\/global-credit-bullets-montag-23-februar-2026\/#article\",\"isPartOf\":{\"@id\":\"https:\/\/www.algebris.com\/de\/market-views-de\/global-credit-bullets-montag-23-februar-2026\/\"},\"author\":{\"name\":\"Daniela Spataro\",\"@id\":\"https:\/\/www.algebris.com\/de\/#\/schema\/person\/4f8a812e06adf5a47c5d4a2029e3be59\"},\"headline\":\"GLOBAL CREDIT BULLETS | Montag, 23. Februar 2026\",\"datePublished\":\"2026-02-23T10:29:43+00:00\",\"dateModified\":\"2026-02-25T14:16:01+00:00\",\"mainEntityOfPage\":{\"@id\":\"https:\/\/www.algebris.com\/de\/market-views-de\/global-credit-bullets-montag-23-februar-2026\/\"},\"wordCount\":471,\"publisher\":{\"@id\":\"https:\/\/www.algebris.com\/de\/#organization\"},\"image\":{\"@id\":\"https:\/\/www.algebris.com\/de\/market-views-de\/global-credit-bullets-montag-23-februar-2026\/#primaryimage\"},\"thumbnailUrl\":\"https:\/\/media.algebris.com\/content\/AdobeStock_467692270_web.jpg\",\"articleSection\":[\"Marktmeinungen\"],\"inLanguage\":\"de-DE\"},{\"@type\":\"WebPage\",\"@id\":\"https:\/\/www.algebris.com\/de\/market-views-de\/global-credit-bullets-montag-23-februar-2026\/\",\"url\":\"https:\/\/www.algebris.com\/de\/market-views-de\/global-credit-bullets-montag-23-februar-2026\/\",\"name\":\"GLOBAL CREDIT BULLETS | Montag, 23. Februar 2026 - Algebris Investments\",\"isPartOf\":{\"@id\":\"https:\/\/www.algebris.com\/de\/#website\"},\"primaryImageOfPage\":{\"@id\":\"https:\/\/www.algebris.com\/de\/market-views-de\/global-credit-bullets-montag-23-februar-2026\/#primaryimage\"},\"image\":{\"@id\":\"https:\/\/www.algebris.com\/de\/market-views-de\/global-credit-bullets-montag-23-februar-2026\/#primaryimage\"},\"thumbnailUrl\":\"https:\/\/media.algebris.com\/content\/AdobeStock_467692270_web.jpg\",\"datePublished\":\"2026-02-23T10:29:43+00:00\",\"dateModified\":\"2026-02-25T14:16:01+00:00\",\"breadcrumb\":{\"@id\":\"https:\/\/www.algebris.com\/de\/market-views-de\/global-credit-bullets-montag-23-februar-2026\/#breadcrumb\"},\"inLanguage\":\"de-DE\",\"potentialAction\":[{\"@type\":\"ReadAction\",\"target\":[\"https:\/\/www.algebris.com\/de\/market-views-de\/global-credit-bullets-montag-23-februar-2026\/\"]}]},{\"@type\":\"ImageObject\",\"inLanguage\":\"de-DE\",\"@id\":\"https:\/\/www.algebris.com\/de\/market-views-de\/global-credit-bullets-montag-23-februar-2026\/#primaryimage\",\"url\":\"https:\/\/media.algebris.com\/content\/AdobeStock_467692270_web.jpg\",\"contentUrl\":\"https:\/\/media.algebris.com\/content\/AdobeStock_467692270_web.jpg\",\"width\":1400,\"height\":933},{\"@type\":\"BreadcrumbList\",\"@id\":\"https:\/\/www.algebris.com\/de\/market-views-de\/global-credit-bullets-montag-23-februar-2026\/#breadcrumb\",\"itemListElement\":[{\"@type\":\"ListItem\",\"position\":1,\"name\":\"Home\",\"item\":\"https:\/\/www.algebris.com\/de\/\"},{\"@type\":\"ListItem\",\"position\":2,\"name\":\"Marktmeinungen\",\"item\":\"https:\/\/www.algebris.com\/de\/category\/market-views-de\/\"},{\"@type\":\"ListItem\",\"position\":3,\"name\":\"GLOBAL CREDIT BULLETS | Montag, 23. Februar 2026\"}]},{\"@type\":\"WebSite\",\"@id\":\"https:\/\/www.algebris.com\/de\/#website\",\"url\":\"https:\/\/www.algebris.com\/de\/\",\"name\":\"Algebris Investments\",\"description\":\"\",\"publisher\":{\"@id\":\"https:\/\/www.algebris.com\/de\/#organization\"},\"potentialAction\":[{\"@type\":\"SearchAction\",\"target\":{\"@type\":\"EntryPoint\",\"urlTemplate\":\"https:\/\/www.algebris.com\/de\/?s={search_term_string}\"},\"query-input\":{\"@type\":\"PropertyValueSpecification\",\"valueRequired\":true,\"valueName\":\"search_term_string\"}}],\"inLanguage\":\"de-DE\"},{\"@type\":\"Organization\",\"@id\":\"https:\/\/www.algebris.com\/de\/#organization\",\"name\":\"Algebris Investments\",\"url\":\"https:\/\/www.algebris.com\/de\/\",\"logo\":{\"@type\":\"ImageObject\",\"inLanguage\":\"de-DE\",\"@id\":\"https:\/\/www.algebris.com\/de\/#\/schema\/logo\/image\/\",\"url\":\"https:\/\/media.algebris.com\/content\/cropped-logo1.png\",\"contentUrl\":\"https:\/\/media.algebris.com\/content\/cropped-logo1.png\",\"width\":250,\"height\":78,\"caption\":\"Algebris Investments\"},\"image\":{\"@id\":\"https:\/\/www.algebris.com\/de\/#\/schema\/logo\/image\/\"},\"sameAs\":[\"https:\/\/www.linkedin.com\/company\/algebris-investments\/about\/\",\"https:\/\/www.youtube.com\/channel\/UC_MiRdysidJhtSWRVxtH-3g\/featured\"]},{\"@type\":\"Person\",\"@id\":\"https:\/\/www.algebris.com\/de\/#\/schema\/person\/4f8a812e06adf5a47c5d4a2029e3be59\",\"name\":\"Daniela Spataro\",\"image\":{\"@type\":\"ImageObject\",\"inLanguage\":\"de-DE\",\"@id\":\"https:\/\/www.algebris.com\/de\/#\/schema\/person\/image\/\",\"url\":\"https:\/\/secure.gravatar.com\/avatar\/821ec53dd4d41d0030f366b23cf0332fd516cc4478032551a9affa216c6c8fed?s=96&d=mm&r=g\",\"contentUrl\":\"https:\/\/secure.gravatar.com\/avatar\/821ec53dd4d41d0030f366b23cf0332fd516cc4478032551a9affa216c6c8fed?s=96&d=mm&r=g\",\"caption\":\"Daniela Spataro\"}}]}<\/script>\n<!-- \/ Yoast SEO plugin. -->","yoast_head_json":{"title":"GLOBAL CREDIT BULLETS | Montag, 23. Februar 2026 - Algebris Investments","robots":{"index":"index","follow":"follow","max-snippet":"max-snippet:-1","max-image-preview":"max-image-preview:large","max-video-preview":"max-video-preview:-1"},"canonical":"https:\/\/www.algebris.com\/de\/market-views-de\/global-credit-bullets-montag-23-februar-2026\/","og_locale":"de_DE","og_type":"article","og_title":"GLOBAL CREDIT BULLETS | Montag, 23. Februar 2026 - Algebris Investments","og_description":"USA \u2013 IEEPA ausser Kraft gesetzt, fiskalische Auswirkungen Letzte Woche entschied der Oberste Gerichtshof mit 6:3 Stimmen gegen die Anwendung des IEEPA durch die Regierung zur Erhebung von Z\u00f6llen und erkl\u00e4rte diese f\u00fcr die Zukunft f\u00fcr rechtswidrig. Zugleich verzichtete das Gericht auf eine Entscheidung zu R\u00fcckerstattungen, obwohl Sch\u00e4tzungen zufolge letztlich Anspr\u00fcche von mehr als 100 [&hellip;]","og_url":"https:\/\/www.algebris.com\/de\/market-views-de\/global-credit-bullets-montag-23-februar-2026\/","og_site_name":"Algebris Investments","article_published_time":"2026-02-23T10:29:43+00:00","article_modified_time":"2026-02-25T14:16:01+00:00","og_image":[{"width":1400,"height":933,"url":"https:\/\/media.algebris.com\/content\/AdobeStock_467692270_web.jpg","type":"image\/jpeg"}],"author":"Daniela Spataro","twitter_card":"summary_large_image","twitter_misc":{"Written by":"Daniela Spataro","Est. reading time":"3 minutes"},"schema":{"@context":"https:\/\/schema.org","@graph":[{"@type":"Article","@id":"https:\/\/www.algebris.com\/de\/market-views-de\/global-credit-bullets-montag-23-februar-2026\/#article","isPartOf":{"@id":"https:\/\/www.algebris.com\/de\/market-views-de\/global-credit-bullets-montag-23-februar-2026\/"},"author":{"name":"Daniela Spataro","@id":"https:\/\/www.algebris.com\/de\/#\/schema\/person\/4f8a812e06adf5a47c5d4a2029e3be59"},"headline":"GLOBAL CREDIT BULLETS | Montag, 23. Februar 2026","datePublished":"2026-02-23T10:29:43+00:00","dateModified":"2026-02-25T14:16:01+00:00","mainEntityOfPage":{"@id":"https:\/\/www.algebris.com\/de\/market-views-de\/global-credit-bullets-montag-23-februar-2026\/"},"wordCount":471,"publisher":{"@id":"https:\/\/www.algebris.com\/de\/#organization"},"image":{"@id":"https:\/\/www.algebris.com\/de\/market-views-de\/global-credit-bullets-montag-23-februar-2026\/#primaryimage"},"thumbnailUrl":"https:\/\/media.algebris.com\/content\/AdobeStock_467692270_web.jpg","articleSection":["Marktmeinungen"],"inLanguage":"de-DE"},{"@type":"WebPage","@id":"https:\/\/www.algebris.com\/de\/market-views-de\/global-credit-bullets-montag-23-februar-2026\/","url":"https:\/\/www.algebris.com\/de\/market-views-de\/global-credit-bullets-montag-23-februar-2026\/","name":"GLOBAL CREDIT BULLETS | Montag, 23. Februar 2026 - Algebris Investments","isPartOf":{"@id":"https:\/\/www.algebris.com\/de\/#website"},"primaryImageOfPage":{"@id":"https:\/\/www.algebris.com\/de\/market-views-de\/global-credit-bullets-montag-23-februar-2026\/#primaryimage"},"image":{"@id":"https:\/\/www.algebris.com\/de\/market-views-de\/global-credit-bullets-montag-23-februar-2026\/#primaryimage"},"thumbnailUrl":"https:\/\/media.algebris.com\/content\/AdobeStock_467692270_web.jpg","datePublished":"2026-02-23T10:29:43+00:00","dateModified":"2026-02-25T14:16:01+00:00","breadcrumb":{"@id":"https:\/\/www.algebris.com\/de\/market-views-de\/global-credit-bullets-montag-23-februar-2026\/#breadcrumb"},"inLanguage":"de-DE","potentialAction":[{"@type":"ReadAction","target":["https:\/\/www.algebris.com\/de\/market-views-de\/global-credit-bullets-montag-23-februar-2026\/"]}]},{"@type":"ImageObject","inLanguage":"de-DE","@id":"https:\/\/www.algebris.com\/de\/market-views-de\/global-credit-bullets-montag-23-februar-2026\/#primaryimage","url":"https:\/\/media.algebris.com\/content\/AdobeStock_467692270_web.jpg","contentUrl":"https:\/\/media.algebris.com\/content\/AdobeStock_467692270_web.jpg","width":1400,"height":933},{"@type":"BreadcrumbList","@id":"https:\/\/www.algebris.com\/de\/market-views-de\/global-credit-bullets-montag-23-februar-2026\/#breadcrumb","itemListElement":[{"@type":"ListItem","position":1,"name":"Home","item":"https:\/\/www.algebris.com\/de\/"},{"@type":"ListItem","position":2,"name":"Marktmeinungen","item":"https:\/\/www.algebris.com\/de\/category\/market-views-de\/"},{"@type":"ListItem","position":3,"name":"GLOBAL CREDIT BULLETS | Montag, 23. Februar 2026"}]},{"@type":"WebSite","@id":"https:\/\/www.algebris.com\/de\/#website","url":"https:\/\/www.algebris.com\/de\/","name":"Algebris Investments","description":"","publisher":{"@id":"https:\/\/www.algebris.com\/de\/#organization"},"potentialAction":[{"@type":"SearchAction","target":{"@type":"EntryPoint","urlTemplate":"https:\/\/www.algebris.com\/de\/?s={search_term_string}"},"query-input":{"@type":"PropertyValueSpecification","valueRequired":true,"valueName":"search_term_string"}}],"inLanguage":"de-DE"},{"@type":"Organization","@id":"https:\/\/www.algebris.com\/de\/#organization","name":"Algebris Investments","url":"https:\/\/www.algebris.com\/de\/","logo":{"@type":"ImageObject","inLanguage":"de-DE","@id":"https:\/\/www.algebris.com\/de\/#\/schema\/logo\/image\/","url":"https:\/\/media.algebris.com\/content\/cropped-logo1.png","contentUrl":"https:\/\/media.algebris.com\/content\/cropped-logo1.png","width":250,"height":78,"caption":"Algebris Investments"},"image":{"@id":"https:\/\/www.algebris.com\/de\/#\/schema\/logo\/image\/"},"sameAs":["https:\/\/www.linkedin.com\/company\/algebris-investments\/about\/","https:\/\/www.youtube.com\/channel\/UC_MiRdysidJhtSWRVxtH-3g\/featured"]},{"@type":"Person","@id":"https:\/\/www.algebris.com\/de\/#\/schema\/person\/4f8a812e06adf5a47c5d4a2029e3be59","name":"Daniela Spataro","image":{"@type":"ImageObject","inLanguage":"de-DE","@id":"https:\/\/www.algebris.com\/de\/#\/schema\/person\/image\/","url":"https:\/\/secure.gravatar.com\/avatar\/821ec53dd4d41d0030f366b23cf0332fd516cc4478032551a9affa216c6c8fed?s=96&d=mm&r=g","contentUrl":"https:\/\/secure.gravatar.com\/avatar\/821ec53dd4d41d0030f366b23cf0332fd516cc4478032551a9affa216c6c8fed?s=96&d=mm&r=g","caption":"Daniela Spataro"}}]}},"_links":{"self":[{"href":"https:\/\/www.algebris.com\/de\/wp-json\/wp\/v2\/posts\/29405","targetHints":{"allow":["GET"]}}],"collection":[{"href":"https:\/\/www.algebris.com\/de\/wp-json\/wp\/v2\/posts"}],"about":[{"href":"https:\/\/www.algebris.com\/de\/wp-json\/wp\/v2\/types\/post"}],"author":[{"embeddable":true,"href":"https:\/\/www.algebris.com\/de\/wp-json\/wp\/v2\/users\/22"}],"replies":[{"embeddable":true,"href":"https:\/\/www.algebris.com\/de\/wp-json\/wp\/v2\/comments?post=29405"}],"version-history":[{"count":2,"href":"https:\/\/www.algebris.com\/de\/wp-json\/wp\/v2\/posts\/29405\/revisions"}],"predecessor-version":[{"id":29435,"href":"https:\/\/www.algebris.com\/de\/wp-json\/wp\/v2\/posts\/29405\/revisions\/29435"}],"wp:featuredmedia":[{"embeddable":true,"href":"https:\/\/www.algebris.com\/de\/wp-json\/wp\/v2\/media\/29401"}],"wp:attachment":[{"href":"https:\/\/www.algebris.com\/de\/wp-json\/wp\/v2\/media?parent=29405"}],"wp:term":[{"taxonomy":"category","embeddable":true,"href":"https:\/\/www.algebris.com\/de\/wp-json\/wp\/v2\/categories?post=29405"},{"taxonomy":"post_tag","embeddable":true,"href":"https:\/\/www.algebris.com\/de\/wp-json\/wp\/v2\/tags?post=29405"},{"taxonomy":"asset-class","embeddable":true,"href":"https:\/\/www.algebris.com\/de\/wp-json\/wp\/v2\/asset-class?post=29405"},{"taxonomy":"algebris-themes","embeddable":true,"href":"https:\/\/www.algebris.com\/de\/wp-json\/wp\/v2\/algebris-themes?post=29405"}],"curies":[{"name":"wp","href":"https:\/\/api.w.org\/{rel}","templated":true}]}}