{"id":29441,"date":"2026-02-25T11:29:48","date_gmt":"2026-02-25T11:29:48","guid":{"rendered":"https:\/\/www.algebris.com\/?p=29441"},"modified":"2026-02-27T16:57:26","modified_gmt":"2026-02-27T16:57:26","slug":"global-equity-bullets-mittwoch-25-februar-2026","status":"publish","type":"post","link":"https:\/\/www.algebris.com\/de\/market-views-de\/global-equity-bullets-mittwoch-25-februar-2026\/","title":{"rendered":"GLOBAL EQUITY BULLETS | Mittwoch, 25. Februar 2026"},"content":{"rendered":"\n<h5 class=\"wp-block-heading\"><strong><strong><strong><strong><strong><strong><strong><strong><strong><strong><strong><strong>Ein positiver Start ins Jahr 2026<\/strong><\/strong><\/strong><\/strong><\/strong><\/strong><\/strong><\/strong><\/strong><\/strong><\/strong><\/strong><br><\/h5>\n\n\n\n<p>Die globalen Aktienm\u00e4rkte starteten optimistisch ins Jahr 2026<del> <\/del>: Der MSCI World Index stieg seit Jahresbeginn um 2,3<del> <\/del>% in US-Dollar. Diese Performance war in erster Linie von einer weltweiten Erholung der Unternehmensgewinne getrieben, die nur teilweise durch einen R\u00fcckgang der Bewertungen ausgeglichen wurde. In Anlehnung an den Trend aus 2025 blieb<ins>en<\/ins> die USA zur\u00fcck, da die globale Kapitalumschichtung anhielt. Wir beobachten Abfl\u00fcsse aus US-M\u00e4rkten zugunsten kr\u00e4ftiger Zufl\u00fcsse nach Europa, Lateinamerika und in ausgew\u00e4hlte asiatische L\u00e4nder \u2013 obwohl das zugrunde liegende Gewinnwachstum in den USA in der laufenden Berichtssaison weiterhin robust ist. Europ\u00e4ische Aktien, die 2025 um \u00fcber 20<del> <\/del>% stiegen, nachdem sich die Bewertungen von historischen Tiefst\u00e4nden erholt hatten, verzeichnen nun eine fundamentale Gewinn-Erholung \u2013 ein Trend, der sich auch am italienischen Markt widerspiegelt<ins>.<\/ins> In Asien haben sich Japan und Korea als herausragende Performer herausgestellt. \u00a0Der japanische Index erhielt R\u00fcckenwind durch die j\u00fcngste Wiederwahl von Premierministerin Sanae Takaichi und das Bekenntnis ihrer Regierung zu einem aggressiven fiskalischen Expansionsplan. Der stark <ins>Tt<\/ins>echnologie<ins> <\/ins>orientierte Index in Korea profitiert derweil weiterhin vom laufenden Ausbau von US-Rechenzentren und der globalen Nachfrage nach KI-Infrastruktur.<\/p>\n\n\n<div class=\"wp-block-image\">\n<figure class=\"aligncenter size-full is-resized\"><img loading=\"lazy\" decoding=\"async\" width=\"1442\" height=\"920\" src=\"https:\/\/media.algebris.com\/content\/2026-02-25-equity-bullets-graph-1-Drivers-of-2026-YTD-equity-returns-in-local-currency.png\" alt=\"\" class=\"wp-image-29418\" style=\"width:641px;height:auto\" srcset=\"https:\/\/media.algebris.com\/content\/2026-02-25-equity-bullets-graph-1-Drivers-of-2026-YTD-equity-returns-in-local-currency.png 1442w, https:\/\/media.algebris.com\/content\/2026-02-25-equity-bullets-graph-1-Drivers-of-2026-YTD-equity-returns-in-local-currency-500x319.png 500w, https:\/\/media.algebris.com\/content\/2026-02-25-equity-bullets-graph-1-Drivers-of-2026-YTD-equity-returns-in-local-currency-1024x653.png 1024w, https:\/\/media.algebris.com\/content\/2026-02-25-equity-bullets-graph-1-Drivers-of-2026-YTD-equity-returns-in-local-currency-768x490.png 768w\" sizes=\"auto, (max-width: 1442px) 100vw, 1442px\" \/><figcaption class=\"wp-element-caption\"><strong>Drivers of 2026 YTD equity returns in local currency<\/strong>. <br>Quelle: Algebris Investments, Bloomberg Finance L.P., Daten zum 31.12.2025. Wertentwicklungen in lokalen W\u00e4hrungen.<\/figcaption><\/figure>\n<\/div>\n\n\n<div style=\"height:30px\" aria-hidden=\"true\" class=\"wp-block-spacer\"><\/div>\n\n\n\n<h5 class=\"wp-block-heading\"><strong><strong><strong><strong><strong><strong><strong><strong><strong><strong><br><\/strong><\/strong><\/strong><\/strong><\/strong><\/strong><\/strong>Eine strukturelle Ver\u00e4nderung der italienischen Energiepreise?<\/strong><\/strong><\/strong><\/h5>\n\n\n\n<p>Das neu verabschiedete Energie-Dekret sieht eine vor\u00fcbergehende Steuererh\u00f6hung von 2% f\u00fcr Energieunternehmen vor (2026 &#8211; 2027) und deutet auf eine m\u00f6gliche Strukturreform des Stromgrosshandelsmarktes hin, einschliesslich der m\u00f6glichen Streichung der CO2-Kosten (ETS) aus den Stromrechnungen und Ausgleichsmechanismen f\u00fcr Gaskraftwerke (vorbehaltlich der Genehmigung durch die EU). Die italienischen Strompreise f\u00fcr das kommende Jahr sind in den letzten Handelstagen stark gefallen, da die M\u00e4rkte das regulatorische Risiko und die Aussicht auf eine teilweise Entkopplung der CO2-Kosten von den Grenzpreisen neu bewerten. Die Massnahmen zielen zwar auf eine sp\u00fcrbare Entlastung der Verbraucher ab, k\u00f6nnten jedoch zu einer strukturellen Senkung der Clearingpreise und einer Verringerung der Margen f\u00fcr Versorgungsunternehmen und Erzeuger erneuerbarer Energien f\u00fchren \u2013 darunter regulierte Akteure (z. B. Terna, Snam), integrierte Versorgungsunternehmen (z. B. Enel, A2A, Edison) und Betreiber erneuerbarer Energien (z. B. ERG) \u2013 wodurch die Ertragssensitivit\u00e4t gegen\u00fcber politischen Entscheidungen zunimmt und die regulatorische Komplexit\u00e4t im gesamten italienischen Stromsektor steigt.\u00a0<\/p>\n\n\n<div class=\"wp-block-image\">\n<figure class=\"aligncenter size-full is-resized\"><img loading=\"lazy\" decoding=\"async\" width=\"1816\" height=\"951\" src=\"https:\/\/media.algebris.com\/content\/2026-02-25-equity-bullets-graph-2-Italian-Electricity-Forward-Curve-Drop-After-Decree-Leak.png\" alt=\"\" class=\"wp-image-29419\" style=\"width:641px;height:auto\" srcset=\"https:\/\/media.algebris.com\/content\/2026-02-25-equity-bullets-graph-2-Italian-Electricity-Forward-Curve-Drop-After-Decree-Leak.png 1816w, https:\/\/media.algebris.com\/content\/2026-02-25-equity-bullets-graph-2-Italian-Electricity-Forward-Curve-Drop-After-Decree-Leak-500x262.png 500w, https:\/\/media.algebris.com\/content\/2026-02-25-equity-bullets-graph-2-Italian-Electricity-Forward-Curve-Drop-After-Decree-Leak-1024x536.png 1024w, https:\/\/media.algebris.com\/content\/2026-02-25-equity-bullets-graph-2-Italian-Electricity-Forward-Curve-Drop-After-Decree-Leak-768x402.png 768w, https:\/\/media.algebris.com\/content\/2026-02-25-equity-bullets-graph-2-Italian-Electricity-Forward-Curve-Drop-After-Decree-Leak-1536x804.png 1536w\" sizes=\"auto, (max-width: 1816px) 100vw, 1816px\" \/><figcaption class=\"wp-element-caption\">Italian Electricity Forward Curve Drop After Decree Leak\u00a0<br>\u00a0Quelle: EEE, European Energy Exchange, Bloomberg. Daten vom 23.02.2026<\/figcaption><\/figure>\n<\/div>\n\n\n<div style=\"height:30px\" aria-hidden=\"true\" class=\"wp-block-spacer\"><\/div>\n\n\n\n<h5 class=\"wp-block-heading\"><strong><strong>Machen wir den Stahl der EU wieder grossartig!<\/strong><\/strong><\/h5>\n\n\n\n<p>In den letzten Jahren sah sich die europ\u00e4ische Stahlindustrie mit schwacher Nachfrage, hohen Energiekosten und steigenden Importanteilen konfrontiert. Eine k\u00fcrzlich erfolgte \u00c4nderung der EU-Politik k\u00f6nnte sich jedoch positiv auf die Aussichten des Sektors auswirken. So schlug die Europ\u00e4ische Kommission im Oktober 2025 ein deutlich strengeres Handelsregime vor, das die Importquoten um etwa die H\u00e4lfte reduziert und die Z\u00f6lle ausserhalb der Quoten auf 50%verdoppelt. Gleichzeitig d\u00fcrfte die Einf\u00fchrung des CBAM die effektiven Kosten f\u00fcr Stahl aus Nicht-EU-L\u00e4ndern erh\u00f6hen, was die lokale Beschaffung f\u00f6rdert und h\u00f6here europ\u00e4ische Referenzpreise unterst\u00fctzt. Dies geschieht zu einer Zeit, in der auch die USA unter der zweiten Amtszeit von Pr\u00e4sident Trump protektionistische Massnahmen zur Unterst\u00fctzung ihrer heimischen Stahlindustrie ergreifen und Z\u00f6lle auf Stahlimporte von bis zu 50% erheben. Der neue europ\u00e4ische Rahmen soll Mitte 2026 in Kraft treten und k\u00f6nnte die Stahlimportquote in Europa,die 2025 bei fast 30% lag, deutlich senken und gleichzeitig die Preise erh\u00f6hen. Die M\u00e4rkte haben bereits begonnen, dieses Szenario widerzuspiegeln. So sind die Preise f\u00fcr warmgewalzte Coils in Europa seit Jahresbeginn um rund 11% und die Aktienkurse der grossen europ\u00e4ischen Stahlhersteller allesamt um mehr als 10% gestiegen. Damit \u00fcbertreffen sie den Euro Stoxx 50 Index.<\/p>\n\n\n<div class=\"wp-block-image\">\n<figure class=\"aligncenter size-full is-resized\"><img loading=\"lazy\" decoding=\"async\" width=\"1168\" height=\"637\" src=\"https:\/\/media.algebris.com\/content\/2026-02-25-equity-bullets-graph-3-Hot-Rolled-Coil-Steel-prices-1.png\" alt=\"\" class=\"wp-image-29429\" style=\"width:641px;height:auto\" srcset=\"https:\/\/media.algebris.com\/content\/2026-02-25-equity-bullets-graph-3-Hot-Rolled-Coil-Steel-prices-1.png 1168w, https:\/\/media.algebris.com\/content\/2026-02-25-equity-bullets-graph-3-Hot-Rolled-Coil-Steel-prices-1-500x273.png 500w, https:\/\/media.algebris.com\/content\/2026-02-25-equity-bullets-graph-3-Hot-Rolled-Coil-Steel-prices-1-1024x558.png 1024w, https:\/\/media.algebris.com\/content\/2026-02-25-equity-bullets-graph-3-Hot-Rolled-Coil-Steel-prices-1-768x419.png 768w\" sizes=\"auto, (max-width: 1168px) 100vw, 1168px\" \/><figcaption class=\"wp-element-caption\"><strong>Hot Rolled Coil Steel prices ($\/t)<\/strong><br>Quelle: Bloomberg Finance L.P., Daten vom 24.02.2026. Wertentwicklungen in lokalen W\u00e4hrungen.<\/figcaption><\/figure>\n<\/div>\n\n<div class=\"wp-block-image\">\n<figure class=\"aligncenter size-full is-resized\"><img loading=\"lazy\" decoding=\"async\" width=\"1531\" height=\"934\" src=\"https:\/\/media.algebris.com\/content\/2026-02-15-equity-bullets-graph-4-EU-Steel-Makers-YTD-Price-Change.png\" alt=\"\" class=\"wp-image-29421\" style=\"width:641px;height:auto\" srcset=\"https:\/\/media.algebris.com\/content\/2026-02-15-equity-bullets-graph-4-EU-Steel-Makers-YTD-Price-Change.png 1531w, https:\/\/media.algebris.com\/content\/2026-02-15-equity-bullets-graph-4-EU-Steel-Makers-YTD-Price-Change-500x305.png 500w, https:\/\/media.algebris.com\/content\/2026-02-15-equity-bullets-graph-4-EU-Steel-Makers-YTD-Price-Change-1024x625.png 1024w, https:\/\/media.algebris.com\/content\/2026-02-15-equity-bullets-graph-4-EU-Steel-Makers-YTD-Price-Change-768x469.png 768w\" sizes=\"auto, (max-width: 1531px) 100vw, 1531px\" \/><figcaption class=\"wp-element-caption\"><strong>EU Steel Makers YTD Price Changes<\/strong><br>Quelle: Bloomberg Finance L.P., Daten vom 24.02.2026. Wertentwicklungen in lokalen W\u00e4hrungen.<\/figcaption><\/figure>\n<\/div>\n\n\n<div style=\"height:30px\" aria-hidden=\"true\" class=\"wp-block-spacer\"><\/div>\n\n\n\n<div style=\"height:20px\" aria-hidden=\"true\" class=\"wp-block-spacer\"><\/div>\n\n\n\n<p>Algebris Investments&#8217; <em>Global Equity Team<\/em><\/p>\n","protected":false},"excerpt":{"rendered":"<p>Ein positiver Start ins Jahr 2026 Die globalen Aktienm\u00e4rkte starteten optimistisch ins Jahr 2026 : Der MSCI World Index stieg seit Jahresbeginn um 2,3 % in US-Dollar. Diese Performance war in erster Linie von einer weltweiten Erholung der Unternehmensgewinne getrieben, die nur teilweise durch einen R\u00fcckgang der Bewertungen ausgeglichen wurde. In Anlehnung an den Trend [&hellip;]<\/p>\n","protected":false},"author":22,"featured_media":29416,"comment_status":"closed","ping_status":"closed","sticky":false,"template":"","format":"standard","meta":{"_acf_changed":false,"footnotes":""},"categories":[212],"tags":[],"asset-class":[227],"algebris-themes":[279],"class_list":["post-29441","post","type-post","status-publish","format-standard","has-post-thumbnail","hentry","category-market-views-de","asset-class-equity-de","algebris-themes-global-equity-theme-de"],"acf":[],"yoast_head":"<!-- This site is optimized with the Yoast SEO plugin v27.1.1 - https:\/\/yoast.com\/product\/yoast-seo-wordpress\/ -->\n<title>GLOBAL EQUITY BULLETS | Mittwoch, 25. Februar 2026 - Algebris Investments<\/title>\n<meta name=\"robots\" content=\"index, follow, max-snippet:-1, max-image-preview:large, max-video-preview:-1\" \/>\n<link rel=\"canonical\" href=\"https:\/\/www.algebris.com\/de\/market-views-de\/global-equity-bullets-mittwoch-25-februar-2026\/\" \/>\n<meta property=\"og:locale\" content=\"de_DE\" \/>\n<meta property=\"og:type\" content=\"article\" \/>\n<meta property=\"og:title\" content=\"GLOBAL EQUITY BULLETS | Mittwoch, 25. Februar 2026 - Algebris Investments\" \/>\n<meta property=\"og:description\" content=\"Ein positiver Start ins Jahr 2026 Die globalen Aktienm\u00e4rkte starteten optimistisch ins Jahr 2026 : Der MSCI World Index stieg seit Jahresbeginn um 2,3 % in US-Dollar. Diese Performance war in erster Linie von einer weltweiten Erholung der Unternehmensgewinne getrieben, die nur teilweise durch einen R\u00fcckgang der Bewertungen ausgeglichen wurde. In Anlehnung an den Trend [&hellip;]\" \/>\n<meta property=\"og:url\" content=\"https:\/\/www.algebris.com\/de\/market-views-de\/global-equity-bullets-mittwoch-25-februar-2026\/\" \/>\n<meta property=\"og:site_name\" content=\"Algebris Investments\" \/>\n<meta property=\"article:published_time\" content=\"2026-02-25T11:29:48+00:00\" \/>\n<meta property=\"article:modified_time\" content=\"2026-02-27T16:57:26+00:00\" \/>\n<meta property=\"og:image\" content=\"https:\/\/media.algebris.com\/content\/AdobeStock_126072096_web.jpg\" \/>\n\t<meta property=\"og:image:width\" content=\"1400\" \/>\n\t<meta property=\"og:image:height\" content=\"933\" \/>\n\t<meta property=\"og:image:type\" content=\"image\/jpeg\" \/>\n<meta name=\"author\" content=\"Daniela Spataro\" \/>\n<meta name=\"twitter:card\" content=\"summary_large_image\" \/>\n<meta name=\"twitter:label1\" content=\"Written by\" \/>\n\t<meta name=\"twitter:data1\" content=\"Daniela Spataro\" \/>\n\t<meta name=\"twitter:label2\" content=\"Est. reading time\" \/>\n\t<meta name=\"twitter:data2\" content=\"4 minutes\" \/>\n<script type=\"application\/ld+json\" class=\"yoast-schema-graph\">{\"@context\":\"https:\/\/schema.org\",\"@graph\":[{\"@type\":\"Article\",\"@id\":\"https:\/\/www.algebris.com\/de\/market-views-de\/global-equity-bullets-mittwoch-25-februar-2026\/#article\",\"isPartOf\":{\"@id\":\"https:\/\/www.algebris.com\/de\/market-views-de\/global-equity-bullets-mittwoch-25-februar-2026\/\"},\"author\":{\"name\":\"Daniela Spataro\",\"@id\":\"https:\/\/www.algebris.com\/de\/#\/schema\/person\/4f8a812e06adf5a47c5d4a2029e3be59\"},\"headline\":\"GLOBAL EQUITY BULLETS | Mittwoch, 25. Februar 2026\",\"datePublished\":\"2026-02-25T11:29:48+00:00\",\"dateModified\":\"2026-02-27T16:57:26+00:00\",\"mainEntityOfPage\":{\"@id\":\"https:\/\/www.algebris.com\/de\/market-views-de\/global-equity-bullets-mittwoch-25-februar-2026\/\"},\"wordCount\":658,\"publisher\":{\"@id\":\"https:\/\/www.algebris.com\/de\/#organization\"},\"image\":{\"@id\":\"https:\/\/www.algebris.com\/de\/market-views-de\/global-equity-bullets-mittwoch-25-februar-2026\/#primaryimage\"},\"thumbnailUrl\":\"https:\/\/media.algebris.com\/content\/AdobeStock_126072096_web.jpg\",\"articleSection\":[\"Marktmeinungen\"],\"inLanguage\":\"de-DE\"},{\"@type\":\"WebPage\",\"@id\":\"https:\/\/www.algebris.com\/de\/market-views-de\/global-equity-bullets-mittwoch-25-februar-2026\/\",\"url\":\"https:\/\/www.algebris.com\/de\/market-views-de\/global-equity-bullets-mittwoch-25-februar-2026\/\",\"name\":\"GLOBAL EQUITY BULLETS | Mittwoch, 25. Februar 2026 - Algebris Investments\",\"isPartOf\":{\"@id\":\"https:\/\/www.algebris.com\/de\/#website\"},\"primaryImageOfPage\":{\"@id\":\"https:\/\/www.algebris.com\/de\/market-views-de\/global-equity-bullets-mittwoch-25-februar-2026\/#primaryimage\"},\"image\":{\"@id\":\"https:\/\/www.algebris.com\/de\/market-views-de\/global-equity-bullets-mittwoch-25-februar-2026\/#primaryimage\"},\"thumbnailUrl\":\"https:\/\/media.algebris.com\/content\/AdobeStock_126072096_web.jpg\",\"datePublished\":\"2026-02-25T11:29:48+00:00\",\"dateModified\":\"2026-02-27T16:57:26+00:00\",\"breadcrumb\":{\"@id\":\"https:\/\/www.algebris.com\/de\/market-views-de\/global-equity-bullets-mittwoch-25-februar-2026\/#breadcrumb\"},\"inLanguage\":\"de-DE\",\"potentialAction\":[{\"@type\":\"ReadAction\",\"target\":[\"https:\/\/www.algebris.com\/de\/market-views-de\/global-equity-bullets-mittwoch-25-februar-2026\/\"]}]},{\"@type\":\"ImageObject\",\"inLanguage\":\"de-DE\",\"@id\":\"https:\/\/www.algebris.com\/de\/market-views-de\/global-equity-bullets-mittwoch-25-februar-2026\/#primaryimage\",\"url\":\"https:\/\/media.algebris.com\/content\/AdobeStock_126072096_web.jpg\",\"contentUrl\":\"https:\/\/media.algebris.com\/content\/AdobeStock_126072096_web.jpg\",\"width\":1400,\"height\":933},{\"@type\":\"BreadcrumbList\",\"@id\":\"https:\/\/www.algebris.com\/de\/market-views-de\/global-equity-bullets-mittwoch-25-februar-2026\/#breadcrumb\",\"itemListElement\":[{\"@type\":\"ListItem\",\"position\":1,\"name\":\"Home\",\"item\":\"https:\/\/www.algebris.com\/de\/\"},{\"@type\":\"ListItem\",\"position\":2,\"name\":\"Marktmeinungen\",\"item\":\"https:\/\/www.algebris.com\/de\/category\/market-views-de\/\"},{\"@type\":\"ListItem\",\"position\":3,\"name\":\"GLOBAL EQUITY BULLETS | Mittwoch, 25. Februar 2026\"}]},{\"@type\":\"WebSite\",\"@id\":\"https:\/\/www.algebris.com\/de\/#website\",\"url\":\"https:\/\/www.algebris.com\/de\/\",\"name\":\"Algebris Investments\",\"description\":\"\",\"publisher\":{\"@id\":\"https:\/\/www.algebris.com\/de\/#organization\"},\"potentialAction\":[{\"@type\":\"SearchAction\",\"target\":{\"@type\":\"EntryPoint\",\"urlTemplate\":\"https:\/\/www.algebris.com\/de\/?s={search_term_string}\"},\"query-input\":{\"@type\":\"PropertyValueSpecification\",\"valueRequired\":true,\"valueName\":\"search_term_string\"}}],\"inLanguage\":\"de-DE\"},{\"@type\":\"Organization\",\"@id\":\"https:\/\/www.algebris.com\/de\/#organization\",\"name\":\"Algebris Investments\",\"url\":\"https:\/\/www.algebris.com\/de\/\",\"logo\":{\"@type\":\"ImageObject\",\"inLanguage\":\"de-DE\",\"@id\":\"https:\/\/www.algebris.com\/de\/#\/schema\/logo\/image\/\",\"url\":\"https:\/\/media.algebris.com\/content\/cropped-logo1.png\",\"contentUrl\":\"https:\/\/media.algebris.com\/content\/cropped-logo1.png\",\"width\":250,\"height\":78,\"caption\":\"Algebris Investments\"},\"image\":{\"@id\":\"https:\/\/www.algebris.com\/de\/#\/schema\/logo\/image\/\"},\"sameAs\":[\"https:\/\/www.linkedin.com\/company\/algebris-investments\/about\/\",\"https:\/\/www.youtube.com\/channel\/UC_MiRdysidJhtSWRVxtH-3g\/featured\"]},{\"@type\":\"Person\",\"@id\":\"https:\/\/www.algebris.com\/de\/#\/schema\/person\/4f8a812e06adf5a47c5d4a2029e3be59\",\"name\":\"Daniela Spataro\",\"image\":{\"@type\":\"ImageObject\",\"inLanguage\":\"de-DE\",\"@id\":\"https:\/\/www.algebris.com\/de\/#\/schema\/person\/image\/\",\"url\":\"https:\/\/secure.gravatar.com\/avatar\/821ec53dd4d41d0030f366b23cf0332fd516cc4478032551a9affa216c6c8fed?s=96&d=mm&r=g\",\"contentUrl\":\"https:\/\/secure.gravatar.com\/avatar\/821ec53dd4d41d0030f366b23cf0332fd516cc4478032551a9affa216c6c8fed?s=96&d=mm&r=g\",\"caption\":\"Daniela Spataro\"}}]}<\/script>\n<!-- \/ Yoast SEO plugin. -->","yoast_head_json":{"title":"GLOBAL EQUITY BULLETS | Mittwoch, 25. Februar 2026 - Algebris Investments","robots":{"index":"index","follow":"follow","max-snippet":"max-snippet:-1","max-image-preview":"max-image-preview:large","max-video-preview":"max-video-preview:-1"},"canonical":"https:\/\/www.algebris.com\/de\/market-views-de\/global-equity-bullets-mittwoch-25-februar-2026\/","og_locale":"de_DE","og_type":"article","og_title":"GLOBAL EQUITY BULLETS | Mittwoch, 25. Februar 2026 - Algebris Investments","og_description":"Ein positiver Start ins Jahr 2026 Die globalen Aktienm\u00e4rkte starteten optimistisch ins Jahr 2026 : Der MSCI World Index stieg seit Jahresbeginn um 2,3 % in US-Dollar. Diese Performance war in erster Linie von einer weltweiten Erholung der Unternehmensgewinne getrieben, die nur teilweise durch einen R\u00fcckgang der Bewertungen ausgeglichen wurde. In Anlehnung an den Trend [&hellip;]","og_url":"https:\/\/www.algebris.com\/de\/market-views-de\/global-equity-bullets-mittwoch-25-februar-2026\/","og_site_name":"Algebris Investments","article_published_time":"2026-02-25T11:29:48+00:00","article_modified_time":"2026-02-27T16:57:26+00:00","og_image":[{"width":1400,"height":933,"url":"https:\/\/media.algebris.com\/content\/AdobeStock_126072096_web.jpg","type":"image\/jpeg"}],"author":"Daniela Spataro","twitter_card":"summary_large_image","twitter_misc":{"Written by":"Daniela Spataro","Est. reading time":"4 minutes"},"schema":{"@context":"https:\/\/schema.org","@graph":[{"@type":"Article","@id":"https:\/\/www.algebris.com\/de\/market-views-de\/global-equity-bullets-mittwoch-25-februar-2026\/#article","isPartOf":{"@id":"https:\/\/www.algebris.com\/de\/market-views-de\/global-equity-bullets-mittwoch-25-februar-2026\/"},"author":{"name":"Daniela Spataro","@id":"https:\/\/www.algebris.com\/de\/#\/schema\/person\/4f8a812e06adf5a47c5d4a2029e3be59"},"headline":"GLOBAL EQUITY BULLETS | Mittwoch, 25. Februar 2026","datePublished":"2026-02-25T11:29:48+00:00","dateModified":"2026-02-27T16:57:26+00:00","mainEntityOfPage":{"@id":"https:\/\/www.algebris.com\/de\/market-views-de\/global-equity-bullets-mittwoch-25-februar-2026\/"},"wordCount":658,"publisher":{"@id":"https:\/\/www.algebris.com\/de\/#organization"},"image":{"@id":"https:\/\/www.algebris.com\/de\/market-views-de\/global-equity-bullets-mittwoch-25-februar-2026\/#primaryimage"},"thumbnailUrl":"https:\/\/media.algebris.com\/content\/AdobeStock_126072096_web.jpg","articleSection":["Marktmeinungen"],"inLanguage":"de-DE"},{"@type":"WebPage","@id":"https:\/\/www.algebris.com\/de\/market-views-de\/global-equity-bullets-mittwoch-25-februar-2026\/","url":"https:\/\/www.algebris.com\/de\/market-views-de\/global-equity-bullets-mittwoch-25-februar-2026\/","name":"GLOBAL EQUITY BULLETS | Mittwoch, 25. Februar 2026 - Algebris Investments","isPartOf":{"@id":"https:\/\/www.algebris.com\/de\/#website"},"primaryImageOfPage":{"@id":"https:\/\/www.algebris.com\/de\/market-views-de\/global-equity-bullets-mittwoch-25-februar-2026\/#primaryimage"},"image":{"@id":"https:\/\/www.algebris.com\/de\/market-views-de\/global-equity-bullets-mittwoch-25-februar-2026\/#primaryimage"},"thumbnailUrl":"https:\/\/media.algebris.com\/content\/AdobeStock_126072096_web.jpg","datePublished":"2026-02-25T11:29:48+00:00","dateModified":"2026-02-27T16:57:26+00:00","breadcrumb":{"@id":"https:\/\/www.algebris.com\/de\/market-views-de\/global-equity-bullets-mittwoch-25-februar-2026\/#breadcrumb"},"inLanguage":"de-DE","potentialAction":[{"@type":"ReadAction","target":["https:\/\/www.algebris.com\/de\/market-views-de\/global-equity-bullets-mittwoch-25-februar-2026\/"]}]},{"@type":"ImageObject","inLanguage":"de-DE","@id":"https:\/\/www.algebris.com\/de\/market-views-de\/global-equity-bullets-mittwoch-25-februar-2026\/#primaryimage","url":"https:\/\/media.algebris.com\/content\/AdobeStock_126072096_web.jpg","contentUrl":"https:\/\/media.algebris.com\/content\/AdobeStock_126072096_web.jpg","width":1400,"height":933},{"@type":"BreadcrumbList","@id":"https:\/\/www.algebris.com\/de\/market-views-de\/global-equity-bullets-mittwoch-25-februar-2026\/#breadcrumb","itemListElement":[{"@type":"ListItem","position":1,"name":"Home","item":"https:\/\/www.algebris.com\/de\/"},{"@type":"ListItem","position":2,"name":"Marktmeinungen","item":"https:\/\/www.algebris.com\/de\/category\/market-views-de\/"},{"@type":"ListItem","position":3,"name":"GLOBAL EQUITY BULLETS | Mittwoch, 25. Februar 2026"}]},{"@type":"WebSite","@id":"https:\/\/www.algebris.com\/de\/#website","url":"https:\/\/www.algebris.com\/de\/","name":"Algebris Investments","description":"","publisher":{"@id":"https:\/\/www.algebris.com\/de\/#organization"},"potentialAction":[{"@type":"SearchAction","target":{"@type":"EntryPoint","urlTemplate":"https:\/\/www.algebris.com\/de\/?s={search_term_string}"},"query-input":{"@type":"PropertyValueSpecification","valueRequired":true,"valueName":"search_term_string"}}],"inLanguage":"de-DE"},{"@type":"Organization","@id":"https:\/\/www.algebris.com\/de\/#organization","name":"Algebris Investments","url":"https:\/\/www.algebris.com\/de\/","logo":{"@type":"ImageObject","inLanguage":"de-DE","@id":"https:\/\/www.algebris.com\/de\/#\/schema\/logo\/image\/","url":"https:\/\/media.algebris.com\/content\/cropped-logo1.png","contentUrl":"https:\/\/media.algebris.com\/content\/cropped-logo1.png","width":250,"height":78,"caption":"Algebris Investments"},"image":{"@id":"https:\/\/www.algebris.com\/de\/#\/schema\/logo\/image\/"},"sameAs":["https:\/\/www.linkedin.com\/company\/algebris-investments\/about\/","https:\/\/www.youtube.com\/channel\/UC_MiRdysidJhtSWRVxtH-3g\/featured"]},{"@type":"Person","@id":"https:\/\/www.algebris.com\/de\/#\/schema\/person\/4f8a812e06adf5a47c5d4a2029e3be59","name":"Daniela Spataro","image":{"@type":"ImageObject","inLanguage":"de-DE","@id":"https:\/\/www.algebris.com\/de\/#\/schema\/person\/image\/","url":"https:\/\/secure.gravatar.com\/avatar\/821ec53dd4d41d0030f366b23cf0332fd516cc4478032551a9affa216c6c8fed?s=96&d=mm&r=g","contentUrl":"https:\/\/secure.gravatar.com\/avatar\/821ec53dd4d41d0030f366b23cf0332fd516cc4478032551a9affa216c6c8fed?s=96&d=mm&r=g","caption":"Daniela Spataro"}}]}},"_links":{"self":[{"href":"https:\/\/www.algebris.com\/de\/wp-json\/wp\/v2\/posts\/29441","targetHints":{"allow":["GET"]}}],"collection":[{"href":"https:\/\/www.algebris.com\/de\/wp-json\/wp\/v2\/posts"}],"about":[{"href":"https:\/\/www.algebris.com\/de\/wp-json\/wp\/v2\/types\/post"}],"author":[{"embeddable":true,"href":"https:\/\/www.algebris.com\/de\/wp-json\/wp\/v2\/users\/22"}],"replies":[{"embeddable":true,"href":"https:\/\/www.algebris.com\/de\/wp-json\/wp\/v2\/comments?post=29441"}],"version-history":[{"count":2,"href":"https:\/\/www.algebris.com\/de\/wp-json\/wp\/v2\/posts\/29441\/revisions"}],"predecessor-version":[{"id":29444,"href":"https:\/\/www.algebris.com\/de\/wp-json\/wp\/v2\/posts\/29441\/revisions\/29444"}],"wp:featuredmedia":[{"embeddable":true,"href":"https:\/\/www.algebris.com\/de\/wp-json\/wp\/v2\/media\/29416"}],"wp:attachment":[{"href":"https:\/\/www.algebris.com\/de\/wp-json\/wp\/v2\/media?parent=29441"}],"wp:term":[{"taxonomy":"category","embeddable":true,"href":"https:\/\/www.algebris.com\/de\/wp-json\/wp\/v2\/categories?post=29441"},{"taxonomy":"post_tag","embeddable":true,"href":"https:\/\/www.algebris.com\/de\/wp-json\/wp\/v2\/tags?post=29441"},{"taxonomy":"asset-class","embeddable":true,"href":"https:\/\/www.algebris.com\/de\/wp-json\/wp\/v2\/asset-class?post=29441"},{"taxonomy":"algebris-themes","embeddable":true,"href":"https:\/\/www.algebris.com\/de\/wp-json\/wp\/v2\/algebris-themes?post=29441"}],"curies":[{"name":"wp","href":"https:\/\/api.w.org\/{rel}","templated":true}]}}