{"id":29514,"date":"2026-03-09T10:32:37","date_gmt":"2026-03-09T10:32:37","guid":{"rendered":"https:\/\/www.algebris.com\/?p=29514"},"modified":"2026-03-09T10:31:25","modified_gmt":"2026-03-09T10:31:25","slug":"global-credit-bullets-montag-9-maerz-2026","status":"publish","type":"post","link":"https:\/\/www.algebris.com\/de\/market-views-de\/global-credit-bullets-montag-9-maerz-2026\/","title":{"rendered":"GLOBAL CREDIT BULLETS | Montag, 9. M\u00e4rz 2026"},"content":{"rendered":"\n<h5 class=\"wp-block-heading\"><strong><strong><strong><strong><strong><strong><strong><strong><strong><strong><strong><strong><strong><strong><strong><strong><strong><strong><strong><strong><strong><strong><strong><strong><strong><strong><strong><strong><strong><strong><strong><strong><strong><strong><strong><strong><strong>Iran \u2013 Steigende Tail-Risiken, Zins-Sell-off<\/strong><\/strong><\/strong><\/strong><\/strong><\/strong><\/strong><\/strong><\/strong><\/strong><\/strong><\/strong><\/strong><\/strong><\/strong><\/strong><\/strong><\/strong><\/strong><\/strong><\/strong><\/strong><\/strong><\/strong><\/strong><\/strong><\/strong><\/strong><\/strong><\/strong><\/strong><\/strong><\/strong><\/strong><\/strong><\/strong><\/strong><\/h5>\n\n\n\n<p>Die erste Woche des Konflikts im Nahen Osten ist nun vergangen, doch die Lage bleibt \u00e4usserst unsicher. Nach einer zun\u00e4chst verhaltenen Reaktion am Montag kam es im Verlauf der vergangenen Woche zu einem deutlichen Ausverkauf an den M\u00e4rkten. Die Bewegung war insbesondere bei Zinsen sowie bei stark positionierten Risikoanlagen ausgepr\u00e4gt. Zu beobachten bleibt insbesondere Irans operative F\u00e4higkeit, insbesondere seine Raketenkapazit\u00e4ten, da j\u00fcngste Entwicklungen darauf hindeuten, dass Teile der milit\u00e4rischen Infrastruktur des Regimes beeintr\u00e4chtigt worden sein k\u00f6nnten. F\u00fcr die \u00d6lm\u00e4rkte werden kurzfristig drei zentrale Faktoren ausschlaggebend sein.<\/p>\n\n\n\n<p>Erstens bleibt die Offenheit der Strasse von Hormus von zentraler Bedeutung. Satellitenbilder deuten darauf hin, dass die Aktivit\u00e4t von Roh\u00f6ltankern bereits deutlich zur\u00fcckgegangen ist, mit derzeit sehr begrenztem Schiffsverkehr durch die Meerenge.<\/p>\n\n\n\n<p>Zweitens wird entscheidend sein, ob Produzenten im Golf gezwungen sein werden, ihre \u00d6l- und Gasproduktion zu stoppen. Die Lagerkapazit\u00e4ten sind bereits hoch, und jede Unterbrechung der Exportstr\u00f6me w\u00fcrde die Produzenten rasch dazu zwingen, ihre Produktion zu reduzieren.<\/p>\n\n\n\n<p>Drittens w\u00fcrde ein direkter Angriff auf Raffinerien oder Produktionsanlagen eine deutliche Eskalation darstellen, mit potenziell starkem Aufw\u00e4rtsdruck auf die \u00d6lpreise.<\/p>\n\n\n\n<p>\u00dcber die unmittelbaren Auswirkungen auf den \u00d6lmarkt hinaus w\u00e4ren solche Entwicklungen auch eine erhebliche Herausforderung f\u00fcr die wirtschaftliche Perspektive der GCC-L\u00e4nder. Zwar w\u00fcrden h\u00f6here \u00d6lpreise die Staatseinnahmen kurzfristig st\u00fctzen, doch k\u00f6nnten sich die allgemeinen wirtschaftlichen Bedingungen verschlechtern. Der Tourismus, eine zentrale S\u00e4ule der wirtschaftlichen Diversifizierung in der Region, ist bereits mit Abw\u00e4rtsrisiken konfrontiert, da die regionale Sicherheit als zunehmend gef\u00e4hrdet wahrgenommen wird. Mittelfristig k\u00f6nnten die Regierungen einem komplexeren fiskalischen Zielkonflikt gegen\u00fcberstehen: H\u00f6here Verteidigungsausgaben und geringere Tourismuseinnahmen k\u00f6nnten einen Teil der Gewinne aus h\u00f6heren \u00d6lpreisen wieder aufzehren. Dar\u00fcber hinaus wird derzeit auch der wahrgenommene Stabilit\u00e4ts- und Sicherheitsvorteil der Golfregion auf die Probe gestellt. Die Wiederherstellung dieses Vertrauens k\u00f6nnte Zeit und erhebliche politische Anstrengungen erfordern.<\/p>\n\n\n\n<p>Wir glauben, dass am Markt weiterhin eine gewisse Selbstzufriedenheit besteht, insbesondere bei den Credit Spreads. Bislang hat sich die Anpassung vor allem auf die Duration und die kurzfristigen europ\u00e4ischen Zinss\u00e4tze konzentriert. Anleihem\u00e4rkte beginnen allm\u00e4hlich, eine Inflationsrisikopr\u00e4mie einzupreisen. Der H\u00f6hepunkt der Inflation im Euroraum wird derzeit f\u00fcr den Mai erwartet. In diesem Umfeld erscheinen Risikoanlagen weniger attraktiv. Die Marktreaktion war bislang relativ begrenzt, sodass bei einem dauerhaft hohen \u00d6lpreis oder einer Ausweitung des Konflikts auf weitere Akteure im Nahen Osten \u2013 einschliesslich der GCC-Staaten \u2013 noch Spielraum f\u00fcr weitere Abw\u00e4rtsbewegungen besteht.<\/p>\n\n\n\n<div style=\"height:28px\" aria-hidden=\"true\" class=\"wp-block-spacer\"><\/div>\n\n\n\n<h5 class=\"wp-block-heading\"><strong><strong><strong><strong><strong><strong><strong><strong><strong><strong><strong><strong><strong><strong><strong><strong><strong><strong><strong><strong><strong><strong><strong><strong><strong><strong><strong><strong><strong><strong><strong><strong><strong><strong><strong><strong><strong><strong><strong><strong><strong><strong><strong><strong><strong><strong><strong><strong><strong><strong><strong><strong><strong><strong><strong><strong><strong><strong><strong><strong><strong>USA \u2013 Schwache Daten, schwieriger Zinspfad<\/strong><\/strong><\/strong><\/strong><\/strong><\/strong><\/strong><\/strong><\/strong><\/strong><\/strong><\/strong><\/strong><\/strong><\/strong><\/strong><\/strong><\/strong><\/strong><\/strong><\/strong><\/strong><\/strong><\/strong><\/strong><\/strong><\/strong><\/strong><\/strong><\/strong><\/strong><\/strong><\/strong><\/strong><\/strong><\/strong><\/strong><\/strong><\/strong><\/strong><\/strong><\/strong><\/strong><\/strong><\/strong><\/strong><\/strong><\/strong><\/strong><\/strong><\/strong><\/strong><\/strong><\/strong><\/strong><\/strong><\/strong><\/strong><\/strong><\/strong><\/strong><\/h5>\n\n\n\n<p>Die am vergangenen Freitag ver\u00f6ffentlichten US-Nonfarm Payrolls \u00fcberraschten negativ: Die Besch\u00e4ftigung sank im Februar um 92K und lag damit deutlich unter den Erwartungen. Die Arbeitslosenquote stieg auf 4,4 % und lag ebenfalls \u00fcber dem Konsens, w\u00e4hrend die Daten der beiden Vormonate nach unten revidiert wurden \u2013 ein weiteres Zeichen f\u00fcr eine Abschw\u00e4chung des US-Arbeitsmarktes. Auch die Einzelhandelsums\u00e4tze fielen schwach aus. Vor der Ver\u00f6ffentlichung hatten die M\u00e4rkte kaum eine Zinssenkung der Fed vor September eingepreist. Nach den Daten wurden die kurzfristigen Zinsen nach unten angepasst, und die M\u00e4rkte rechnen nun mit etwa zwei Zinssenkungen, bevor die Fed ihren Lockerungszyklus beendet. Gleichzeitig stiegen die Renditen l\u00e4nger laufender Staatsanleihen: Sowohl die Renditen der 10-j\u00e4hrigen als auch der 30-j\u00e4hrigen US-Treasuries legten an diesem Tag um etwa 3 Basispunkte zu.<\/p>\n\n\n\n<p>Geopolitische Spannungen stellen jedoch ein Aufw\u00e4rtsrisiko f\u00fcr die Zinsen dar. Ein anhaltender Anstieg der \u00d6lpreise k\u00f6nnte zus\u00e4tzlichen Inflationsdruck erzeugen und den Lockerungspfad der Fed komplizieren, was erneut Aufw\u00e4rtsdruck auf die US-Renditen aus\u00fcben k\u00f6nnte.<\/p>\n\n\n\n<div style=\"height:28px\" aria-hidden=\"true\" class=\"wp-block-spacer\"><\/div>\n\n\n\n<h5 class=\"wp-block-heading\">Algebris Investments&#8217; <em>Global Credit Team<\/em><\/h5>\n","protected":false},"excerpt":{"rendered":"<p>Iran \u2013 Steigende Tail-Risiken, Zins-Sell-off Die erste Woche des Konflikts im Nahen Osten ist nun vergangen, doch die Lage bleibt \u00e4usserst unsicher. Nach einer zun\u00e4chst verhaltenen Reaktion am Montag kam es im Verlauf der vergangenen Woche zu einem deutlichen Ausverkauf an den M\u00e4rkten. Die Bewegung war insbesondere bei Zinsen sowie bei stark positionierten Risikoanlagen ausgepr\u00e4gt. [&hellip;]<\/p>\n","protected":false},"author":22,"featured_media":29509,"comment_status":"closed","ping_status":"closed","sticky":false,"template":"","format":"standard","meta":{"_acf_changed":false,"footnotes":""},"categories":[212],"tags":[],"asset-class":[228],"algebris-themes":[278],"class_list":["post-29514","post","type-post","status-publish","format-standard","has-post-thumbnail","hentry","category-market-views-de","asset-class-credit-de","algebris-themes-global-credit-theme-de"],"acf":[],"yoast_head":"<!-- This site is optimized with the Yoast SEO plugin v27.1.1 - https:\/\/yoast.com\/product\/yoast-seo-wordpress\/ -->\n<title>GLOBAL CREDIT BULLETS | Montag, 9. M\u00e4rz 2026 - Algebris Investments<\/title>\n<meta name=\"robots\" content=\"index, follow, max-snippet:-1, max-image-preview:large, max-video-preview:-1\" \/>\n<link rel=\"canonical\" href=\"https:\/\/www.algebris.com\/de\/market-views-de\/global-credit-bullets-montag-9-maerz-2026\/\" \/>\n<meta property=\"og:locale\" content=\"de_DE\" \/>\n<meta property=\"og:type\" content=\"article\" \/>\n<meta property=\"og:title\" content=\"GLOBAL CREDIT BULLETS | Montag, 9. M\u00e4rz 2026 - Algebris Investments\" \/>\n<meta property=\"og:description\" content=\"Iran \u2013 Steigende Tail-Risiken, Zins-Sell-off Die erste Woche des Konflikts im Nahen Osten ist nun vergangen, doch die Lage bleibt \u00e4usserst unsicher. Nach einer zun\u00e4chst verhaltenen Reaktion am Montag kam es im Verlauf der vergangenen Woche zu einem deutlichen Ausverkauf an den M\u00e4rkten. Die Bewegung war insbesondere bei Zinsen sowie bei stark positionierten Risikoanlagen ausgepr\u00e4gt. [&hellip;]\" \/>\n<meta property=\"og:url\" content=\"https:\/\/www.algebris.com\/de\/market-views-de\/global-credit-bullets-montag-9-maerz-2026\/\" \/>\n<meta property=\"og:site_name\" content=\"Algebris Investments\" \/>\n<meta property=\"article:published_time\" content=\"2026-03-09T10:32:37+00:00\" \/>\n<meta property=\"og:image\" content=\"https:\/\/media.algebris.com\/content\/AdobeStock_506326948_web.jpg\" \/>\n\t<meta property=\"og:image:width\" content=\"1400\" \/>\n\t<meta property=\"og:image:height\" content=\"933\" \/>\n\t<meta property=\"og:image:type\" content=\"image\/jpeg\" \/>\n<meta name=\"author\" content=\"Daniela Spataro\" \/>\n<meta name=\"twitter:card\" content=\"summary_large_image\" \/>\n<meta name=\"twitter:label1\" content=\"Written by\" \/>\n\t<meta name=\"twitter:data1\" content=\"Daniela Spataro\" \/>\n\t<meta name=\"twitter:label2\" content=\"Est. reading time\" \/>\n\t<meta name=\"twitter:data2\" content=\"3 minutes\" \/>\n<script type=\"application\/ld+json\" class=\"yoast-schema-graph\">{\"@context\":\"https:\/\/schema.org\",\"@graph\":[{\"@type\":\"Article\",\"@id\":\"https:\/\/www.algebris.com\/de\/market-views-de\/global-credit-bullets-montag-9-maerz-2026\/#article\",\"isPartOf\":{\"@id\":\"https:\/\/www.algebris.com\/de\/market-views-de\/global-credit-bullets-montag-9-maerz-2026\/\"},\"author\":{\"name\":\"Daniela Spataro\",\"@id\":\"https:\/\/www.algebris.com\/de\/#\/schema\/person\/4f8a812e06adf5a47c5d4a2029e3be59\"},\"headline\":\"GLOBAL CREDIT BULLETS | Montag, 9. M\u00e4rz 2026\",\"datePublished\":\"2026-03-09T10:32:37+00:00\",\"mainEntityOfPage\":{\"@id\":\"https:\/\/www.algebris.com\/de\/market-views-de\/global-credit-bullets-montag-9-maerz-2026\/\"},\"wordCount\":615,\"publisher\":{\"@id\":\"https:\/\/www.algebris.com\/de\/#organization\"},\"image\":{\"@id\":\"https:\/\/www.algebris.com\/de\/market-views-de\/global-credit-bullets-montag-9-maerz-2026\/#primaryimage\"},\"thumbnailUrl\":\"https:\/\/media.algebris.com\/content\/AdobeStock_506326948_web.jpg\",\"articleSection\":[\"Marktmeinungen\"],\"inLanguage\":\"de-DE\"},{\"@type\":\"WebPage\",\"@id\":\"https:\/\/www.algebris.com\/de\/market-views-de\/global-credit-bullets-montag-9-maerz-2026\/\",\"url\":\"https:\/\/www.algebris.com\/de\/market-views-de\/global-credit-bullets-montag-9-maerz-2026\/\",\"name\":\"GLOBAL CREDIT BULLETS | Montag, 9. M\u00e4rz 2026 - Algebris Investments\",\"isPartOf\":{\"@id\":\"https:\/\/www.algebris.com\/de\/#website\"},\"primaryImageOfPage\":{\"@id\":\"https:\/\/www.algebris.com\/de\/market-views-de\/global-credit-bullets-montag-9-maerz-2026\/#primaryimage\"},\"image\":{\"@id\":\"https:\/\/www.algebris.com\/de\/market-views-de\/global-credit-bullets-montag-9-maerz-2026\/#primaryimage\"},\"thumbnailUrl\":\"https:\/\/media.algebris.com\/content\/AdobeStock_506326948_web.jpg\",\"datePublished\":\"2026-03-09T10:32:37+00:00\",\"breadcrumb\":{\"@id\":\"https:\/\/www.algebris.com\/de\/market-views-de\/global-credit-bullets-montag-9-maerz-2026\/#breadcrumb\"},\"inLanguage\":\"de-DE\",\"potentialAction\":[{\"@type\":\"ReadAction\",\"target\":[\"https:\/\/www.algebris.com\/de\/market-views-de\/global-credit-bullets-montag-9-maerz-2026\/\"]}]},{\"@type\":\"ImageObject\",\"inLanguage\":\"de-DE\",\"@id\":\"https:\/\/www.algebris.com\/de\/market-views-de\/global-credit-bullets-montag-9-maerz-2026\/#primaryimage\",\"url\":\"https:\/\/media.algebris.com\/content\/AdobeStock_506326948_web.jpg\",\"contentUrl\":\"https:\/\/media.algebris.com\/content\/AdobeStock_506326948_web.jpg\",\"width\":1400,\"height\":933},{\"@type\":\"BreadcrumbList\",\"@id\":\"https:\/\/www.algebris.com\/de\/market-views-de\/global-credit-bullets-montag-9-maerz-2026\/#breadcrumb\",\"itemListElement\":[{\"@type\":\"ListItem\",\"position\":1,\"name\":\"Home\",\"item\":\"https:\/\/www.algebris.com\/de\/\"},{\"@type\":\"ListItem\",\"position\":2,\"name\":\"Marktmeinungen\",\"item\":\"https:\/\/www.algebris.com\/de\/category\/market-views-de\/\"},{\"@type\":\"ListItem\",\"position\":3,\"name\":\"GLOBAL CREDIT BULLETS | Montag, 9. M\u00e4rz 2026\"}]},{\"@type\":\"WebSite\",\"@id\":\"https:\/\/www.algebris.com\/de\/#website\",\"url\":\"https:\/\/www.algebris.com\/de\/\",\"name\":\"Algebris Investments\",\"description\":\"\",\"publisher\":{\"@id\":\"https:\/\/www.algebris.com\/de\/#organization\"},\"potentialAction\":[{\"@type\":\"SearchAction\",\"target\":{\"@type\":\"EntryPoint\",\"urlTemplate\":\"https:\/\/www.algebris.com\/de\/?s={search_term_string}\"},\"query-input\":{\"@type\":\"PropertyValueSpecification\",\"valueRequired\":true,\"valueName\":\"search_term_string\"}}],\"inLanguage\":\"de-DE\"},{\"@type\":\"Organization\",\"@id\":\"https:\/\/www.algebris.com\/de\/#organization\",\"name\":\"Algebris Investments\",\"url\":\"https:\/\/www.algebris.com\/de\/\",\"logo\":{\"@type\":\"ImageObject\",\"inLanguage\":\"de-DE\",\"@id\":\"https:\/\/www.algebris.com\/de\/#\/schema\/logo\/image\/\",\"url\":\"https:\/\/media.algebris.com\/content\/cropped-logo1.png\",\"contentUrl\":\"https:\/\/media.algebris.com\/content\/cropped-logo1.png\",\"width\":250,\"height\":78,\"caption\":\"Algebris Investments\"},\"image\":{\"@id\":\"https:\/\/www.algebris.com\/de\/#\/schema\/logo\/image\/\"},\"sameAs\":[\"https:\/\/www.linkedin.com\/company\/algebris-investments\/about\/\",\"https:\/\/www.youtube.com\/channel\/UC_MiRdysidJhtSWRVxtH-3g\/featured\"]},{\"@type\":\"Person\",\"@id\":\"https:\/\/www.algebris.com\/de\/#\/schema\/person\/4f8a812e06adf5a47c5d4a2029e3be59\",\"name\":\"Daniela Spataro\",\"image\":{\"@type\":\"ImageObject\",\"inLanguage\":\"de-DE\",\"@id\":\"https:\/\/www.algebris.com\/de\/#\/schema\/person\/image\/\",\"url\":\"https:\/\/secure.gravatar.com\/avatar\/821ec53dd4d41d0030f366b23cf0332fd516cc4478032551a9affa216c6c8fed?s=96&d=mm&r=g\",\"contentUrl\":\"https:\/\/secure.gravatar.com\/avatar\/821ec53dd4d41d0030f366b23cf0332fd516cc4478032551a9affa216c6c8fed?s=96&d=mm&r=g\",\"caption\":\"Daniela Spataro\"}}]}<\/script>\n<!-- \/ Yoast SEO plugin. -->","yoast_head_json":{"title":"GLOBAL CREDIT BULLETS | Montag, 9. M\u00e4rz 2026 - Algebris Investments","robots":{"index":"index","follow":"follow","max-snippet":"max-snippet:-1","max-image-preview":"max-image-preview:large","max-video-preview":"max-video-preview:-1"},"canonical":"https:\/\/www.algebris.com\/de\/market-views-de\/global-credit-bullets-montag-9-maerz-2026\/","og_locale":"de_DE","og_type":"article","og_title":"GLOBAL CREDIT BULLETS | Montag, 9. M\u00e4rz 2026 - Algebris Investments","og_description":"Iran \u2013 Steigende Tail-Risiken, Zins-Sell-off Die erste Woche des Konflikts im Nahen Osten ist nun vergangen, doch die Lage bleibt \u00e4usserst unsicher. Nach einer zun\u00e4chst verhaltenen Reaktion am Montag kam es im Verlauf der vergangenen Woche zu einem deutlichen Ausverkauf an den M\u00e4rkten. Die Bewegung war insbesondere bei Zinsen sowie bei stark positionierten Risikoanlagen ausgepr\u00e4gt. [&hellip;]","og_url":"https:\/\/www.algebris.com\/de\/market-views-de\/global-credit-bullets-montag-9-maerz-2026\/","og_site_name":"Algebris Investments","article_published_time":"2026-03-09T10:32:37+00:00","og_image":[{"width":1400,"height":933,"url":"https:\/\/media.algebris.com\/content\/AdobeStock_506326948_web.jpg","type":"image\/jpeg"}],"author":"Daniela Spataro","twitter_card":"summary_large_image","twitter_misc":{"Written by":"Daniela Spataro","Est. reading time":"3 minutes"},"schema":{"@context":"https:\/\/schema.org","@graph":[{"@type":"Article","@id":"https:\/\/www.algebris.com\/de\/market-views-de\/global-credit-bullets-montag-9-maerz-2026\/#article","isPartOf":{"@id":"https:\/\/www.algebris.com\/de\/market-views-de\/global-credit-bullets-montag-9-maerz-2026\/"},"author":{"name":"Daniela Spataro","@id":"https:\/\/www.algebris.com\/de\/#\/schema\/person\/4f8a812e06adf5a47c5d4a2029e3be59"},"headline":"GLOBAL CREDIT BULLETS | Montag, 9. M\u00e4rz 2026","datePublished":"2026-03-09T10:32:37+00:00","mainEntityOfPage":{"@id":"https:\/\/www.algebris.com\/de\/market-views-de\/global-credit-bullets-montag-9-maerz-2026\/"},"wordCount":615,"publisher":{"@id":"https:\/\/www.algebris.com\/de\/#organization"},"image":{"@id":"https:\/\/www.algebris.com\/de\/market-views-de\/global-credit-bullets-montag-9-maerz-2026\/#primaryimage"},"thumbnailUrl":"https:\/\/media.algebris.com\/content\/AdobeStock_506326948_web.jpg","articleSection":["Marktmeinungen"],"inLanguage":"de-DE"},{"@type":"WebPage","@id":"https:\/\/www.algebris.com\/de\/market-views-de\/global-credit-bullets-montag-9-maerz-2026\/","url":"https:\/\/www.algebris.com\/de\/market-views-de\/global-credit-bullets-montag-9-maerz-2026\/","name":"GLOBAL CREDIT BULLETS | Montag, 9. M\u00e4rz 2026 - Algebris Investments","isPartOf":{"@id":"https:\/\/www.algebris.com\/de\/#website"},"primaryImageOfPage":{"@id":"https:\/\/www.algebris.com\/de\/market-views-de\/global-credit-bullets-montag-9-maerz-2026\/#primaryimage"},"image":{"@id":"https:\/\/www.algebris.com\/de\/market-views-de\/global-credit-bullets-montag-9-maerz-2026\/#primaryimage"},"thumbnailUrl":"https:\/\/media.algebris.com\/content\/AdobeStock_506326948_web.jpg","datePublished":"2026-03-09T10:32:37+00:00","breadcrumb":{"@id":"https:\/\/www.algebris.com\/de\/market-views-de\/global-credit-bullets-montag-9-maerz-2026\/#breadcrumb"},"inLanguage":"de-DE","potentialAction":[{"@type":"ReadAction","target":["https:\/\/www.algebris.com\/de\/market-views-de\/global-credit-bullets-montag-9-maerz-2026\/"]}]},{"@type":"ImageObject","inLanguage":"de-DE","@id":"https:\/\/www.algebris.com\/de\/market-views-de\/global-credit-bullets-montag-9-maerz-2026\/#primaryimage","url":"https:\/\/media.algebris.com\/content\/AdobeStock_506326948_web.jpg","contentUrl":"https:\/\/media.algebris.com\/content\/AdobeStock_506326948_web.jpg","width":1400,"height":933},{"@type":"BreadcrumbList","@id":"https:\/\/www.algebris.com\/de\/market-views-de\/global-credit-bullets-montag-9-maerz-2026\/#breadcrumb","itemListElement":[{"@type":"ListItem","position":1,"name":"Home","item":"https:\/\/www.algebris.com\/de\/"},{"@type":"ListItem","position":2,"name":"Marktmeinungen","item":"https:\/\/www.algebris.com\/de\/category\/market-views-de\/"},{"@type":"ListItem","position":3,"name":"GLOBAL CREDIT BULLETS | Montag, 9. M\u00e4rz 2026"}]},{"@type":"WebSite","@id":"https:\/\/www.algebris.com\/de\/#website","url":"https:\/\/www.algebris.com\/de\/","name":"Algebris Investments","description":"","publisher":{"@id":"https:\/\/www.algebris.com\/de\/#organization"},"potentialAction":[{"@type":"SearchAction","target":{"@type":"EntryPoint","urlTemplate":"https:\/\/www.algebris.com\/de\/?s={search_term_string}"},"query-input":{"@type":"PropertyValueSpecification","valueRequired":true,"valueName":"search_term_string"}}],"inLanguage":"de-DE"},{"@type":"Organization","@id":"https:\/\/www.algebris.com\/de\/#organization","name":"Algebris Investments","url":"https:\/\/www.algebris.com\/de\/","logo":{"@type":"ImageObject","inLanguage":"de-DE","@id":"https:\/\/www.algebris.com\/de\/#\/schema\/logo\/image\/","url":"https:\/\/media.algebris.com\/content\/cropped-logo1.png","contentUrl":"https:\/\/media.algebris.com\/content\/cropped-logo1.png","width":250,"height":78,"caption":"Algebris Investments"},"image":{"@id":"https:\/\/www.algebris.com\/de\/#\/schema\/logo\/image\/"},"sameAs":["https:\/\/www.linkedin.com\/company\/algebris-investments\/about\/","https:\/\/www.youtube.com\/channel\/UC_MiRdysidJhtSWRVxtH-3g\/featured"]},{"@type":"Person","@id":"https:\/\/www.algebris.com\/de\/#\/schema\/person\/4f8a812e06adf5a47c5d4a2029e3be59","name":"Daniela Spataro","image":{"@type":"ImageObject","inLanguage":"de-DE","@id":"https:\/\/www.algebris.com\/de\/#\/schema\/person\/image\/","url":"https:\/\/secure.gravatar.com\/avatar\/821ec53dd4d41d0030f366b23cf0332fd516cc4478032551a9affa216c6c8fed?s=96&d=mm&r=g","contentUrl":"https:\/\/secure.gravatar.com\/avatar\/821ec53dd4d41d0030f366b23cf0332fd516cc4478032551a9affa216c6c8fed?s=96&d=mm&r=g","caption":"Daniela Spataro"}}]}},"_links":{"self":[{"href":"https:\/\/www.algebris.com\/de\/wp-json\/wp\/v2\/posts\/29514","targetHints":{"allow":["GET"]}}],"collection":[{"href":"https:\/\/www.algebris.com\/de\/wp-json\/wp\/v2\/posts"}],"about":[{"href":"https:\/\/www.algebris.com\/de\/wp-json\/wp\/v2\/types\/post"}],"author":[{"embeddable":true,"href":"https:\/\/www.algebris.com\/de\/wp-json\/wp\/v2\/users\/22"}],"replies":[{"embeddable":true,"href":"https:\/\/www.algebris.com\/de\/wp-json\/wp\/v2\/comments?post=29514"}],"version-history":[{"count":1,"href":"https:\/\/www.algebris.com\/de\/wp-json\/wp\/v2\/posts\/29514\/revisions"}],"predecessor-version":[{"id":29515,"href":"https:\/\/www.algebris.com\/de\/wp-json\/wp\/v2\/posts\/29514\/revisions\/29515"}],"wp:featuredmedia":[{"embeddable":true,"href":"https:\/\/www.algebris.com\/de\/wp-json\/wp\/v2\/media\/29509"}],"wp:attachment":[{"href":"https:\/\/www.algebris.com\/de\/wp-json\/wp\/v2\/media?parent=29514"}],"wp:term":[{"taxonomy":"category","embeddable":true,"href":"https:\/\/www.algebris.com\/de\/wp-json\/wp\/v2\/categories?post=29514"},{"taxonomy":"post_tag","embeddable":true,"href":"https:\/\/www.algebris.com\/de\/wp-json\/wp\/v2\/tags?post=29514"},{"taxonomy":"asset-class","embeddable":true,"href":"https:\/\/www.algebris.com\/de\/wp-json\/wp\/v2\/asset-class?post=29514"},{"taxonomy":"algebris-themes","embeddable":true,"href":"https:\/\/www.algebris.com\/de\/wp-json\/wp\/v2\/algebris-themes?post=29514"}],"curies":[{"name":"wp","href":"https:\/\/api.w.org\/{rel}","templated":true}]}}