{"id":29999,"date":"2026-04-27T09:35:23","date_gmt":"2026-04-27T09:35:23","guid":{"rendered":"https:\/\/www.algebris.com\/?p=29999"},"modified":"2026-04-27T13:21:26","modified_gmt":"2026-04-27T13:21:26","slug":"global-credit-bullets-montag-27-april-2026","status":"publish","type":"post","link":"https:\/\/www.algebris.com\/de\/market-views-de\/global-credit-bullets-montag-27-april-2026\/","title":{"rendered":"GLOBAL CREDIT BULLETS | Montag, 27. April 2026"},"content":{"rendered":"\n<h5 class=\"wp-block-heading\"><strong><strong><strong><strong><strong><strong><strong><strong><strong><strong><strong><strong><strong><strong><strong><strong><strong><strong><strong><strong><strong><strong><strong><strong><strong><strong><strong><strong><strong><strong><strong><strong><strong><strong><strong><strong><strong><strong><strong><strong><strong><strong><strong><strong><strong><strong><strong><strong><strong><strong><strong><strong><strong><strong><strong><strong><strong><strong><strong><strong><strong><strong><strong><strong><strong><strong>Iran \u2013 Waffenstillstand verschoben, \u00d6lpreis gestiegen<\/strong><\/strong><\/strong><\/strong><\/strong><\/strong><\/strong><\/strong><\/strong><\/strong><\/strong><\/strong><\/strong><\/strong><\/strong><\/strong><\/strong><\/strong><\/strong><\/strong><\/strong><\/strong><\/strong><\/strong><\/strong><\/strong><\/strong><\/strong><\/strong><\/strong><\/strong><\/strong><\/strong><\/strong><\/strong><\/strong><\/strong><\/strong><\/strong><\/strong><\/strong><\/strong><\/strong><\/strong><\/strong><\/strong><\/strong><\/strong><\/strong><\/strong><\/strong><\/strong><\/strong><\/strong><\/strong><\/strong><\/strong><\/strong><\/strong><\/strong><\/strong><\/strong><\/strong><\/strong><\/strong><\/strong><\/h5>\n\n\n\n<p>Eine weitere Woche, eine weitere Runde schlagzeilengetriebener Volatilit\u00e4t, da sich die Verhandlungen erneut verz\u00f6gert haben. Anfang letzter Woche fanden die geplanten Gespr\u00e4che zwischen den USA und dem Iran nicht statt, was die Fragilit\u00e4t des diplomatischen Prozesses noch deutlicher machte. Berichten vom vergangenen Donnerstag zufolge soll sich Mohammad Ghalibaf aus den Verhandlungen zur\u00fcckgezogen haben, was darauf hindeutet, dass die Islamische Revolutionsgarde nun die volle Kontrolle \u00fcber die iranische Seite hat. Die Raketen- und Drohnenaktivit\u00e4ten des Iran in Richtung der Golfstaaten haben praktisch aufgeh\u00f6rt, doch der Schiffsverkehr durch die Strasse von Hormus ist nach wie vor deutlich eingeschr\u00e4nkt und liegt immer noch weit unter dem Vorkriegsniveau. Da sich die M\u00e4rkte wieder in der N\u00e4he der H\u00f6chstst\u00e4nde befinden, die bei der urspr\u00fcnglichen \u00d6ffnung von Hormus erreicht wurden, scheint Trump nicht bereit zu sein, eine Entt\u00e4uschung der M\u00e4rkte zu riskieren oder einen weiteren Anstieg der \u00d6lpreise auszul\u00f6sen. Infolgedessen werden die Verhandlungsfristen weiter verschoben, obwohl die \u00d6lpreise letzte Woche erneut \u00fcber 100 US-Dollar pro Barrel gestiegen sind. Die M\u00e4rkte befinden sich daher in einem zunehmend fragilen Gleichgewicht: Hohe Bewertungen prallen auf schw\u00e4chere Fundamentaldaten, insbesondere bei Risikoanlagen, was die M\u00e4rkte verst\u00e4ndlicherweise nerv\u00f6s macht.<\/p>\n\n\n\n<div style=\"height:28px\" aria-hidden=\"true\" class=\"wp-block-spacer\"><\/div>\n\n\n\n<h5 class=\"wp-block-heading\"><strong><strong><strong><strong><strong><strong><strong><strong><strong><strong><strong><strong><strong><strong><strong><strong><strong><strong><strong><strong><strong><strong><strong><strong><strong><strong><strong><strong><strong><strong><strong><strong><strong><strong><strong><strong><strong><strong><strong><strong><strong>FED \u2013 Warsh schreibt das Drehbuch neu<\/strong><\/strong><\/strong><\/strong><\/strong><\/strong><\/strong><\/strong><\/strong><\/strong><\/strong><\/strong><\/strong><\/strong><\/strong><\/strong><\/strong><\/strong><\/strong><\/strong><\/strong><\/strong><\/strong><\/strong><\/strong><\/strong><\/strong><\/strong><\/strong><\/strong><\/strong><\/strong><\/strong><\/strong><\/strong><\/strong><\/strong><\/strong><\/strong><\/strong><\/strong><\/h5>\n\n\n\n<p>Bei seiner Anh\u00f6rung vor dem Senat schlug der designierte FED-Vorsitzende Kevin Warsh einen weitgehend zur\u00fcckhaltenden Ton an, hob die potenziellen Produktivit\u00e4tsgewinne durch KI hervor und verteidigte gleichzeitig entschieden die Unabh\u00e4ngigkeit der Zentralbank. Er \u00e4usserte sich besonders kritisch gegen\u00fcber der Forward Guidance und dem Dot Plot und argumentierte, dass beide die Flexibilit\u00e4t der Geldpolitik einschr\u00e4nken k\u00f6nnten. Gleichzeitig bekr\u00e4ftigte und verteidigte er seine restriktive Haltung w\u00e4hrend der Krise von 2008. Warsh vermied es, neue Einzelheiten zur Bilanzverk\u00fcrzung zu nennen, obwohl er sich zuvor f\u00fcr einen aktiveren Ansatz ausgesprochen hatte. Sein Rahmenkonzept deutet jedoch auf eine zur\u00fcckhaltendere Einsch\u00e4tzung der aktuellen Inflationsdynamik hin. Unter Verwendung einer Trimm-Mittelwert-Methode w\u00fcrde ein 12-Monats-Inflationsindikator auf einem deutlich niedrigeren Niveau liegen als der tats\u00e4chliche Kern-PCE. Er bezeichnete den Inflationstrend ab dem aktuellen Zeitpunkt zudem als \u201eziemlich g\u00fcnstig\u201c. Auf politischer Ebene blockiert Senator Thom Tillis derzeit das Best\u00e4tigungsverfahren, bis die Untersuchungen gegen Jerome Powell abgeschlossen sind. Unterdessen preisen die M\u00e4rkte zunehmend eine anhaltende Zur\u00fcckhaltung der Fed ein, da die \u00c4usserungen der Vertreter recht ausgewogen wirkten.<\/p>\n\n\n\n<div style=\"height:28px\" aria-hidden=\"true\" class=\"wp-block-spacer\"><\/div>\n\n\n\n<h5 class=\"wp-block-heading\"><strong><strong><strong><strong><strong><strong><strong><strong><strong><strong><strong><strong><strong><strong><strong><strong><strong><strong><strong><strong><strong><strong><strong><strong><strong><strong><strong><strong><strong><strong><strong><strong><strong><strong><strong><strong><strong><strong><strong><strong><strong><strong><strong><strong><strong><strong><strong><strong><strong><strong><strong><strong><strong><strong><strong><strong><strong><strong><strong><strong><strong><strong><strong><strong><strong><strong>EZB \u2013 Zwischen zwei Fronten<\/strong><\/strong><\/strong><\/strong><\/strong><\/strong><\/strong><\/strong><\/strong><\/strong><\/strong><\/strong><\/strong><\/strong><\/strong><\/strong><\/strong><\/strong><\/strong><\/strong><\/strong><\/strong><\/strong><\/strong><\/strong><\/strong><\/strong><\/strong><\/strong><\/strong><\/strong><\/strong><\/strong><\/strong><\/strong><\/strong><\/strong><\/strong><\/strong><\/strong><\/strong><\/strong><\/strong><\/strong><\/strong><\/strong><\/strong><\/strong><\/strong><\/strong><\/strong><\/strong><\/strong><\/strong><\/strong><\/strong><\/strong><\/strong><\/strong><\/strong><\/strong><\/strong><\/strong><\/strong><\/strong><\/strong><\/h5>\n\n\n\n<p>Es wird allgemein erwartet, dass die Europ\u00e4ische Zentralbank die Zinsen bei ihrer Sitzung am kommenden Donnerstag unver\u00e4ndert l\u00e4sst. Da die Inflation im Euroraum weiterhin ged\u00e4mpft ist, deuten die j\u00fcngsten \u00c4usserungen darauf hin, dass es noch zu fr\u00fch ist, um den Beginn eines neuen Straffungszyklus in Betracht zu ziehen. Das Wachstumsumfeld bleibt jedoch schwach. Die Konjunkturdaten in ganz Europa entt\u00e4uschen weiterhin, im Gegensatz zu der widerstandsf\u00e4higeren Dynamik in den USA und Grossbritannien. Diese Divergenz verst\u00e4rkt einen anderen politischen Zielkonflikt, da die europ\u00e4ischen Entscheidungstr\u00e4ger den Wachstumsrisiken m\u00f6glicherweise relativ mehr Gewicht beimessen als den Inflationssorgen.<\/p>\n\n\n\n<p>Trotzdem preisen die M\u00e4rkte weiterhin eine weitere Straffung ein, wobei bis zum Jahresende mehr als zwei Zinserh\u00f6hungen erwartet werden. Gleichzeitig werden die Wachstumsprognosen nach unten korrigiert, wenn auch nur moderat im Vergleich zum Ausmass der potenziellen Abw\u00e4rtsrisiken. Dies erscheint selbstgef\u00e4llig, insbesondere angesichts des im Vergleich zu fr\u00fcheren Schocks wie 2022 deutlich engeren fiskalischen Spielraums. Gleichzeitig ist es unwahrscheinlich, dass die M\u00e4rkte zus\u00e4tzliche Haushaltsabweichungen tolerieren, ohne am langen Ende der Kurve eine h\u00f6here Verg\u00fctung zu verlangen.<\/p>\n\n\n\n<div style=\"height:28px\" aria-hidden=\"true\" class=\"wp-block-spacer\"><\/div>\n\n\n\n<h5 class=\"wp-block-heading\">Algebris Investments&#8217; <em>Global Credit Team<\/em><\/h5>\n\n\n\n<p><\/p>\n","protected":false},"excerpt":{"rendered":"<p>Iran \u2013 Waffenstillstand verschoben, \u00d6lpreis gestiegen Eine weitere Woche, eine weitere Runde schlagzeilengetriebener Volatilit\u00e4t, da sich die Verhandlungen erneut verz\u00f6gert haben. Anfang letzter Woche fanden die geplanten Gespr\u00e4che zwischen den USA und dem Iran nicht statt, was die Fragilit\u00e4t des diplomatischen Prozesses noch deutlicher machte. Berichten vom vergangenen Donnerstag zufolge soll sich Mohammad Ghalibaf aus [&hellip;]<\/p>\n","protected":false},"author":22,"featured_media":29984,"comment_status":"closed","ping_status":"closed","sticky":false,"template":"","format":"standard","meta":{"_acf_changed":false,"footnotes":""},"categories":[212],"tags":[],"asset-class":[228],"algebris-themes":[278],"class_list":["post-29999","post","type-post","status-publish","format-standard","has-post-thumbnail","hentry","category-market-views-de","asset-class-credit-de","algebris-themes-global-credit-theme-de"],"acf":[],"yoast_head":"<!-- This site is optimized with the Yoast SEO plugin v27.1.1 - https:\/\/yoast.com\/product\/yoast-seo-wordpress\/ -->\n<title>GLOBAL CREDIT BULLETS | Montag, 27. April 2026 - Algebris Investments<\/title>\n<meta name=\"robots\" content=\"index, follow, max-snippet:-1, max-image-preview:large, max-video-preview:-1\" \/>\n<link rel=\"canonical\" href=\"https:\/\/www.algebris.com\/de\/market-views-de\/global-credit-bullets-montag-27-april-2026\/\" \/>\n<meta property=\"og:locale\" content=\"de_DE\" \/>\n<meta property=\"og:type\" content=\"article\" \/>\n<meta property=\"og:title\" content=\"GLOBAL CREDIT BULLETS | Montag, 27. April 2026 - Algebris Investments\" \/>\n<meta property=\"og:description\" content=\"Iran \u2013 Waffenstillstand verschoben, \u00d6lpreis gestiegen Eine weitere Woche, eine weitere Runde schlagzeilengetriebener Volatilit\u00e4t, da sich die Verhandlungen erneut verz\u00f6gert haben. Anfang letzter Woche fanden die geplanten Gespr\u00e4che zwischen den USA und dem Iran nicht statt, was die Fragilit\u00e4t des diplomatischen Prozesses noch deutlicher machte. Berichten vom vergangenen Donnerstag zufolge soll sich Mohammad Ghalibaf aus [&hellip;]\" \/>\n<meta property=\"og:url\" content=\"https:\/\/www.algebris.com\/de\/market-views-de\/global-credit-bullets-montag-27-april-2026\/\" \/>\n<meta property=\"og:site_name\" content=\"Algebris Investments\" \/>\n<meta property=\"article:published_time\" content=\"2026-04-27T09:35:23+00:00\" \/>\n<meta property=\"article:modified_time\" content=\"2026-04-27T13:21:26+00:00\" \/>\n<meta property=\"og:image\" content=\"https:\/\/media.algebris.com\/content\/AdobeStock_494349254_web.jpg\" \/>\n\t<meta property=\"og:image:width\" content=\"1920\" \/>\n\t<meta property=\"og:image:height\" content=\"1280\" \/>\n\t<meta property=\"og:image:type\" content=\"image\/jpeg\" \/>\n<meta name=\"author\" content=\"Daniela Spataro\" \/>\n<meta name=\"twitter:card\" content=\"summary_large_image\" \/>\n<meta name=\"twitter:label1\" content=\"Written by\" \/>\n\t<meta name=\"twitter:data1\" content=\"Daniela Spataro\" \/>\n\t<meta name=\"twitter:label2\" content=\"Est. reading time\" \/>\n\t<meta name=\"twitter:data2\" content=\"3 minutes\" \/>\n<script type=\"application\/ld+json\" class=\"yoast-schema-graph\">{\"@context\":\"https:\/\/schema.org\",\"@graph\":[{\"@type\":\"Article\",\"@id\":\"https:\/\/www.algebris.com\/de\/market-views-de\/global-credit-bullets-montag-27-april-2026\/#article\",\"isPartOf\":{\"@id\":\"https:\/\/www.algebris.com\/de\/market-views-de\/global-credit-bullets-montag-27-april-2026\/\"},\"author\":{\"name\":\"Daniela Spataro\",\"@id\":\"https:\/\/www.algebris.com\/de\/#\/schema\/person\/4f8a812e06adf5a47c5d4a2029e3be59\"},\"headline\":\"GLOBAL CREDIT BULLETS | Montag, 27. April 2026\",\"datePublished\":\"2026-04-27T09:35:23+00:00\",\"dateModified\":\"2026-04-27T13:21:26+00:00\",\"mainEntityOfPage\":{\"@id\":\"https:\/\/www.algebris.com\/de\/market-views-de\/global-credit-bullets-montag-27-april-2026\/\"},\"wordCount\":603,\"publisher\":{\"@id\":\"https:\/\/www.algebris.com\/de\/#organization\"},\"image\":{\"@id\":\"https:\/\/www.algebris.com\/de\/market-views-de\/global-credit-bullets-montag-27-april-2026\/#primaryimage\"},\"thumbnailUrl\":\"https:\/\/media.algebris.com\/content\/AdobeStock_494349254_web.jpg\",\"articleSection\":[\"Marktmeinungen\"],\"inLanguage\":\"de-DE\"},{\"@type\":\"WebPage\",\"@id\":\"https:\/\/www.algebris.com\/de\/market-views-de\/global-credit-bullets-montag-27-april-2026\/\",\"url\":\"https:\/\/www.algebris.com\/de\/market-views-de\/global-credit-bullets-montag-27-april-2026\/\",\"name\":\"GLOBAL CREDIT BULLETS | Montag, 27. April 2026 - Algebris Investments\",\"isPartOf\":{\"@id\":\"https:\/\/www.algebris.com\/de\/#website\"},\"primaryImageOfPage\":{\"@id\":\"https:\/\/www.algebris.com\/de\/market-views-de\/global-credit-bullets-montag-27-april-2026\/#primaryimage\"},\"image\":{\"@id\":\"https:\/\/www.algebris.com\/de\/market-views-de\/global-credit-bullets-montag-27-april-2026\/#primaryimage\"},\"thumbnailUrl\":\"https:\/\/media.algebris.com\/content\/AdobeStock_494349254_web.jpg\",\"datePublished\":\"2026-04-27T09:35:23+00:00\",\"dateModified\":\"2026-04-27T13:21:26+00:00\",\"breadcrumb\":{\"@id\":\"https:\/\/www.algebris.com\/de\/market-views-de\/global-credit-bullets-montag-27-april-2026\/#breadcrumb\"},\"inLanguage\":\"de-DE\",\"potentialAction\":[{\"@type\":\"ReadAction\",\"target\":[\"https:\/\/www.algebris.com\/de\/market-views-de\/global-credit-bullets-montag-27-april-2026\/\"]}]},{\"@type\":\"ImageObject\",\"inLanguage\":\"de-DE\",\"@id\":\"https:\/\/www.algebris.com\/de\/market-views-de\/global-credit-bullets-montag-27-april-2026\/#primaryimage\",\"url\":\"https:\/\/media.algebris.com\/content\/AdobeStock_494349254_web.jpg\",\"contentUrl\":\"https:\/\/media.algebris.com\/content\/AdobeStock_494349254_web.jpg\",\"width\":1920,\"height\":1280},{\"@type\":\"BreadcrumbList\",\"@id\":\"https:\/\/www.algebris.com\/de\/market-views-de\/global-credit-bullets-montag-27-april-2026\/#breadcrumb\",\"itemListElement\":[{\"@type\":\"ListItem\",\"position\":1,\"name\":\"Home\",\"item\":\"https:\/\/www.algebris.com\/de\/\"},{\"@type\":\"ListItem\",\"position\":2,\"name\":\"Marktmeinungen\",\"item\":\"https:\/\/www.algebris.com\/de\/category\/market-views-de\/\"},{\"@type\":\"ListItem\",\"position\":3,\"name\":\"GLOBAL CREDIT BULLETS | Montag, 27. April 2026\"}]},{\"@type\":\"WebSite\",\"@id\":\"https:\/\/www.algebris.com\/de\/#website\",\"url\":\"https:\/\/www.algebris.com\/de\/\",\"name\":\"Algebris Investments\",\"description\":\"\",\"publisher\":{\"@id\":\"https:\/\/www.algebris.com\/de\/#organization\"},\"potentialAction\":[{\"@type\":\"SearchAction\",\"target\":{\"@type\":\"EntryPoint\",\"urlTemplate\":\"https:\/\/www.algebris.com\/de\/?s={search_term_string}\"},\"query-input\":{\"@type\":\"PropertyValueSpecification\",\"valueRequired\":true,\"valueName\":\"search_term_string\"}}],\"inLanguage\":\"de-DE\"},{\"@type\":\"Organization\",\"@id\":\"https:\/\/www.algebris.com\/de\/#organization\",\"name\":\"Algebris Investments\",\"url\":\"https:\/\/www.algebris.com\/de\/\",\"logo\":{\"@type\":\"ImageObject\",\"inLanguage\":\"de-DE\",\"@id\":\"https:\/\/www.algebris.com\/de\/#\/schema\/logo\/image\/\",\"url\":\"https:\/\/media.algebris.com\/content\/cropped-logo1.png\",\"contentUrl\":\"https:\/\/media.algebris.com\/content\/cropped-logo1.png\",\"width\":250,\"height\":78,\"caption\":\"Algebris Investments\"},\"image\":{\"@id\":\"https:\/\/www.algebris.com\/de\/#\/schema\/logo\/image\/\"},\"sameAs\":[\"https:\/\/www.linkedin.com\/company\/algebris-investments\/about\/\",\"https:\/\/www.youtube.com\/channel\/UC_MiRdysidJhtSWRVxtH-3g\/featured\"]},{\"@type\":\"Person\",\"@id\":\"https:\/\/www.algebris.com\/de\/#\/schema\/person\/4f8a812e06adf5a47c5d4a2029e3be59\",\"name\":\"Daniela Spataro\",\"image\":{\"@type\":\"ImageObject\",\"inLanguage\":\"de-DE\",\"@id\":\"https:\/\/www.algebris.com\/de\/#\/schema\/person\/image\/\",\"url\":\"https:\/\/secure.gravatar.com\/avatar\/821ec53dd4d41d0030f366b23cf0332fd516cc4478032551a9affa216c6c8fed?s=96&d=mm&r=g\",\"contentUrl\":\"https:\/\/secure.gravatar.com\/avatar\/821ec53dd4d41d0030f366b23cf0332fd516cc4478032551a9affa216c6c8fed?s=96&d=mm&r=g\",\"caption\":\"Daniela Spataro\"}}]}<\/script>\n<!-- \/ Yoast SEO plugin. -->","yoast_head_json":{"title":"GLOBAL CREDIT BULLETS | Montag, 27. April 2026 - Algebris Investments","robots":{"index":"index","follow":"follow","max-snippet":"max-snippet:-1","max-image-preview":"max-image-preview:large","max-video-preview":"max-video-preview:-1"},"canonical":"https:\/\/www.algebris.com\/de\/market-views-de\/global-credit-bullets-montag-27-april-2026\/","og_locale":"de_DE","og_type":"article","og_title":"GLOBAL CREDIT BULLETS | Montag, 27. April 2026 - Algebris Investments","og_description":"Iran \u2013 Waffenstillstand verschoben, \u00d6lpreis gestiegen Eine weitere Woche, eine weitere Runde schlagzeilengetriebener Volatilit\u00e4t, da sich die Verhandlungen erneut verz\u00f6gert haben. Anfang letzter Woche fanden die geplanten Gespr\u00e4che zwischen den USA und dem Iran nicht statt, was die Fragilit\u00e4t des diplomatischen Prozesses noch deutlicher machte. Berichten vom vergangenen Donnerstag zufolge soll sich Mohammad Ghalibaf aus [&hellip;]","og_url":"https:\/\/www.algebris.com\/de\/market-views-de\/global-credit-bullets-montag-27-april-2026\/","og_site_name":"Algebris Investments","article_published_time":"2026-04-27T09:35:23+00:00","article_modified_time":"2026-04-27T13:21:26+00:00","og_image":[{"width":1920,"height":1280,"url":"https:\/\/media.algebris.com\/content\/AdobeStock_494349254_web.jpg","type":"image\/jpeg"}],"author":"Daniela Spataro","twitter_card":"summary_large_image","twitter_misc":{"Written by":"Daniela Spataro","Est. reading time":"3 minutes"},"schema":{"@context":"https:\/\/schema.org","@graph":[{"@type":"Article","@id":"https:\/\/www.algebris.com\/de\/market-views-de\/global-credit-bullets-montag-27-april-2026\/#article","isPartOf":{"@id":"https:\/\/www.algebris.com\/de\/market-views-de\/global-credit-bullets-montag-27-april-2026\/"},"author":{"name":"Daniela Spataro","@id":"https:\/\/www.algebris.com\/de\/#\/schema\/person\/4f8a812e06adf5a47c5d4a2029e3be59"},"headline":"GLOBAL CREDIT BULLETS | Montag, 27. April 2026","datePublished":"2026-04-27T09:35:23+00:00","dateModified":"2026-04-27T13:21:26+00:00","mainEntityOfPage":{"@id":"https:\/\/www.algebris.com\/de\/market-views-de\/global-credit-bullets-montag-27-april-2026\/"},"wordCount":603,"publisher":{"@id":"https:\/\/www.algebris.com\/de\/#organization"},"image":{"@id":"https:\/\/www.algebris.com\/de\/market-views-de\/global-credit-bullets-montag-27-april-2026\/#primaryimage"},"thumbnailUrl":"https:\/\/media.algebris.com\/content\/AdobeStock_494349254_web.jpg","articleSection":["Marktmeinungen"],"inLanguage":"de-DE"},{"@type":"WebPage","@id":"https:\/\/www.algebris.com\/de\/market-views-de\/global-credit-bullets-montag-27-april-2026\/","url":"https:\/\/www.algebris.com\/de\/market-views-de\/global-credit-bullets-montag-27-april-2026\/","name":"GLOBAL CREDIT BULLETS | Montag, 27. April 2026 - Algebris Investments","isPartOf":{"@id":"https:\/\/www.algebris.com\/de\/#website"},"primaryImageOfPage":{"@id":"https:\/\/www.algebris.com\/de\/market-views-de\/global-credit-bullets-montag-27-april-2026\/#primaryimage"},"image":{"@id":"https:\/\/www.algebris.com\/de\/market-views-de\/global-credit-bullets-montag-27-april-2026\/#primaryimage"},"thumbnailUrl":"https:\/\/media.algebris.com\/content\/AdobeStock_494349254_web.jpg","datePublished":"2026-04-27T09:35:23+00:00","dateModified":"2026-04-27T13:21:26+00:00","breadcrumb":{"@id":"https:\/\/www.algebris.com\/de\/market-views-de\/global-credit-bullets-montag-27-april-2026\/#breadcrumb"},"inLanguage":"de-DE","potentialAction":[{"@type":"ReadAction","target":["https:\/\/www.algebris.com\/de\/market-views-de\/global-credit-bullets-montag-27-april-2026\/"]}]},{"@type":"ImageObject","inLanguage":"de-DE","@id":"https:\/\/www.algebris.com\/de\/market-views-de\/global-credit-bullets-montag-27-april-2026\/#primaryimage","url":"https:\/\/media.algebris.com\/content\/AdobeStock_494349254_web.jpg","contentUrl":"https:\/\/media.algebris.com\/content\/AdobeStock_494349254_web.jpg","width":1920,"height":1280},{"@type":"BreadcrumbList","@id":"https:\/\/www.algebris.com\/de\/market-views-de\/global-credit-bullets-montag-27-april-2026\/#breadcrumb","itemListElement":[{"@type":"ListItem","position":1,"name":"Home","item":"https:\/\/www.algebris.com\/de\/"},{"@type":"ListItem","position":2,"name":"Marktmeinungen","item":"https:\/\/www.algebris.com\/de\/category\/market-views-de\/"},{"@type":"ListItem","position":3,"name":"GLOBAL CREDIT BULLETS | Montag, 27. April 2026"}]},{"@type":"WebSite","@id":"https:\/\/www.algebris.com\/de\/#website","url":"https:\/\/www.algebris.com\/de\/","name":"Algebris Investments","description":"","publisher":{"@id":"https:\/\/www.algebris.com\/de\/#organization"},"potentialAction":[{"@type":"SearchAction","target":{"@type":"EntryPoint","urlTemplate":"https:\/\/www.algebris.com\/de\/?s={search_term_string}"},"query-input":{"@type":"PropertyValueSpecification","valueRequired":true,"valueName":"search_term_string"}}],"inLanguage":"de-DE"},{"@type":"Organization","@id":"https:\/\/www.algebris.com\/de\/#organization","name":"Algebris Investments","url":"https:\/\/www.algebris.com\/de\/","logo":{"@type":"ImageObject","inLanguage":"de-DE","@id":"https:\/\/www.algebris.com\/de\/#\/schema\/logo\/image\/","url":"https:\/\/media.algebris.com\/content\/cropped-logo1.png","contentUrl":"https:\/\/media.algebris.com\/content\/cropped-logo1.png","width":250,"height":78,"caption":"Algebris Investments"},"image":{"@id":"https:\/\/www.algebris.com\/de\/#\/schema\/logo\/image\/"},"sameAs":["https:\/\/www.linkedin.com\/company\/algebris-investments\/about\/","https:\/\/www.youtube.com\/channel\/UC_MiRdysidJhtSWRVxtH-3g\/featured"]},{"@type":"Person","@id":"https:\/\/www.algebris.com\/de\/#\/schema\/person\/4f8a812e06adf5a47c5d4a2029e3be59","name":"Daniela Spataro","image":{"@type":"ImageObject","inLanguage":"de-DE","@id":"https:\/\/www.algebris.com\/de\/#\/schema\/person\/image\/","url":"https:\/\/secure.gravatar.com\/avatar\/821ec53dd4d41d0030f366b23cf0332fd516cc4478032551a9affa216c6c8fed?s=96&d=mm&r=g","contentUrl":"https:\/\/secure.gravatar.com\/avatar\/821ec53dd4d41d0030f366b23cf0332fd516cc4478032551a9affa216c6c8fed?s=96&d=mm&r=g","caption":"Daniela Spataro"}}]}},"_links":{"self":[{"href":"https:\/\/www.algebris.com\/de\/wp-json\/wp\/v2\/posts\/29999","targetHints":{"allow":["GET"]}}],"collection":[{"href":"https:\/\/www.algebris.com\/de\/wp-json\/wp\/v2\/posts"}],"about":[{"href":"https:\/\/www.algebris.com\/de\/wp-json\/wp\/v2\/types\/post"}],"author":[{"embeddable":true,"href":"https:\/\/www.algebris.com\/de\/wp-json\/wp\/v2\/users\/22"}],"replies":[{"embeddable":true,"href":"https:\/\/www.algebris.com\/de\/wp-json\/wp\/v2\/comments?post=29999"}],"version-history":[{"count":1,"href":"https:\/\/www.algebris.com\/de\/wp-json\/wp\/v2\/posts\/29999\/revisions"}],"predecessor-version":[{"id":30000,"href":"https:\/\/www.algebris.com\/de\/wp-json\/wp\/v2\/posts\/29999\/revisions\/30000"}],"wp:featuredmedia":[{"embeddable":true,"href":"https:\/\/www.algebris.com\/de\/wp-json\/wp\/v2\/media\/29984"}],"wp:attachment":[{"href":"https:\/\/www.algebris.com\/de\/wp-json\/wp\/v2\/media?parent=29999"}],"wp:term":[{"taxonomy":"category","embeddable":true,"href":"https:\/\/www.algebris.com\/de\/wp-json\/wp\/v2\/categories?post=29999"},{"taxonomy":"post_tag","embeddable":true,"href":"https:\/\/www.algebris.com\/de\/wp-json\/wp\/v2\/tags?post=29999"},{"taxonomy":"asset-class","embeddable":true,"href":"https:\/\/www.algebris.com\/de\/wp-json\/wp\/v2\/asset-class?post=29999"},{"taxonomy":"algebris-themes","embeddable":true,"href":"https:\/\/www.algebris.com\/de\/wp-json\/wp\/v2\/algebris-themes?post=29999"}],"curies":[{"name":"wp","href":"https:\/\/api.w.org\/{rel}","templated":true}]}}