{"id":10525,"date":"2021-10-18T15:51:16","date_gmt":"2021-10-18T15:51:16","guid":{"rendered":"https:\/\/www.algebris.com\/?p=10525"},"modified":"2025-01-03T15:20:54","modified_gmt":"2025-01-03T15:20:54","slug":"the-green-leaf-alba-inflazione-climatica","status":"publish","type":"post","link":"https:\/\/www.algebris.com\/it\/esg-policy-research-it\/the-green-leaf-alba-inflazione-climatica\/","title":{"rendered":"The Green Leaf | L&#8217;Alba dell&#8217;Inflazione Climatica?"},"content":{"rendered":"\n<div class=\"wp-block-buttons is-layout-flex wp-block-buttons-is-layout-flex\"><\/div>\n\n\n\n<div class=\"wp-block-file\"><a href=\"https:\/\/www.algebris.com\/wp-content\/uploads\/The-Green-Leaf-ISSUE0-Inflazione-climatica.pdf\" class=\"wp-block-file__button\" download=\"\">Download<\/a><\/div>\n\n\n\n<div style=\"height:30px\" aria-hidden=\"true\" class=\"wp-block-spacer\"><\/div>\n\n\n\n<figure class=\"wp-block-pullquote\"><blockquote><p><em>Se i prezzi al consumo avessero incluso il costo delle nostre emissioni di CO2 il livello dei prezzi sarebbe del 50% pi\u00f9 alto di quanto stimato.<\/em><\/p><\/blockquote><\/figure>\n\n\n\n<p>Gli esseri umani hanno vissuto al di sopra delle loro possibilit\u00e0 (planetarie). Ogni anno, il Giorno del Superamento Terrestre<sup>i<\/sup> indica la data in cui la nostra domanda di risorse ecologiche eccede la biocapacit\u00e0 della Terra, cio\u00e8 quanto il pianeta pu\u00f2 rigenerare ogni anno. Nel 2021, tale data \u00e8 caduta il 29 luglio \u2013 indicando come la nostra impronta ecologica nei primi sette mesi sia stata sufficiente a esaurire l\u2019intera capacit\u00e0 di rigenerazione annua. Agli umani servirebbero quasi due pianeti per soddisfare la domanda di risorse del 2021. L\u2019ultimo anno in cui abbiamo consumato meno di quanto la terra potesse sostenere \u00e8 stato il 1970. Da allora, l\u2019umanit\u00e0 sta incorrendo in un crescente deficit. Se volessimo abbattere il debito accumulato col nostro pianeta, servirebbero 14.5 anni senza inquinamento. La teoria economica ci dice che deficit persistenti dovrebbero causare inflazione, ma il nostro deficit planetario non si \u00e8 riflesso in prezzi pi\u00f9 alti. Non abbiamo ancora dovuto pagarlo, ma presto dovremo cominciare a farlo. Come sar\u00e0 l\u2019inflazione climatica, dunque?<\/p>\n\n\n\n<div class=\"wp-block-image\"><figure class=\"aligncenter size-large\"><img loading=\"lazy\" decoding=\"async\" width=\"958\" height=\"598\" src=\"https:\/\/www.algebris.com\/wp-content\/uploads\/The-Green-Leaf-ISSUE0-Graph-1-ita.jpg\" alt=\"\" class=\"wp-image-10574\" srcset=\"https:\/\/media.algebris.com\/content\/The-Green-Leaf-ISSUE0-Graph-1-ita.jpg 958w, https:\/\/media.algebris.com\/content\/The-Green-Leaf-ISSUE0-Graph-1-ita-500x312.jpg 500w, https:\/\/media.algebris.com\/content\/The-Green-Leaf-ISSUE0-Graph-1-ita-768x479.jpg 768w\" sizes=\"auto, (max-width: 958px) 100vw, 958px\" \/><\/figure><\/div>\n\n\n\n<p><strong>Come sarebbero stati influenzati i prezzi dal deficit di biocapacit\u00e0, se il bene che stiamo sovra-consumando, la CO2, non fosse stata prezzata a zero? <\/strong><br>Intuitivamente, esiste una quantit\u00e0 limitata di risorse che possiamo consumare senza erodere la biocapacit\u00e0 terrestre. Oltre tale livello, i consumatori dovrebbero pagare, come accade in qualsiasi altro mercato. I policymaker e le imprese globali stanno gi\u00e0 facendo passi in questa direzione, tramite tasse sulle emissioni e politiche di inquinamento net zero. La domanda quindi \u00e8: quanto peser\u00e0 la CO2 sulle spese dei consumatori, mentre continua questo processo di internalizzazione dell\u2019inquinamento?<\/p>\n\n\n\n<p><br>Abbiamo stimato che i consumatori avrebbero dovuto sostenere un costo significativo nel corso degli ultimi 50 anni \u2013 nell\u2019ordine di un 1% annuo in media del consumo pro capite delle famiglie nell\u2019UE \u2013 se avessero dovuto pagare per il crescente deficit di CO2. Se tale effetto fosse stato incorporato nei prezzi, l\u2019indice dei prezzi al consumo UE (CPI) sarebbe stato del 50% circa pi\u00f9 alto di quanto stimato.<\/p>\n\n\n\n<div class=\"wp-block-image\"><figure class=\"aligncenter size-large\"><img loading=\"lazy\" decoding=\"async\" width=\"1024\" height=\"581\" src=\"https:\/\/www.algebris.com\/wp-content\/uploads\/The-Green-Leaf-ISSUE0-Graph-2-ita-1024x581.jpg\" alt=\"\" class=\"wp-image-10575\" srcset=\"https:\/\/media.algebris.com\/content\/The-Green-Leaf-ISSUE0-Graph-2-ita-1024x581.jpg 1024w, https:\/\/media.algebris.com\/content\/The-Green-Leaf-ISSUE0-Graph-2-ita-500x284.jpg 500w, https:\/\/media.algebris.com\/content\/The-Green-Leaf-ISSUE0-Graph-2-ita-768x436.jpg 768w, https:\/\/media.algebris.com\/content\/The-Green-Leaf-ISSUE0-Graph-2-ita.jpg 1416w\" sizes=\"auto, (max-width: 1024px) 100vw, 1024px\" \/><\/figure><\/div>\n\n\n\n<p>Il framework dei Planetary Boundaries (PB) offre un metodo di analisi semplice, definendo un \u2018safe operating space\u2019 globale per l\u2019attivit\u00e0 umana, al di fuori del quale il rischio di un cambiamento ambientale irreversibile cresce. Nel caso della CO2, il planetary boundary \u00e8 un budget limitato del totale delle emissioni di gas serra (GHG) tollerabili. Il budget rimasto \u00e8 all\u2019incirca di 550Gt CO2 per rimanere al di sotto degli 1.5\u00b0C di riscaldamento globale, o 1000 Gt CO2 per tenersi sotto i 2\u00b0C. Per l\u2019UE, il budget \u00e8 40 \u2013 70 Gt CO2<sup>ii<\/sup>.<\/p>\n\n\n\n<p>Nel 1970 \u2013 l\u2019ultimo anno in cui il carbon budget \u00e8 stato in pareggio \u2013 le nostre emissioni di GHG sono state 14 Gt CO2, lo stesso livello che dovremmo raggiungere entro il 2050 per mantenere l\u2019incremento della temperatura entro gli 1.8\u00b0C. Se ogni emissione in eccesso di tale livello sostenibile fosse stata prezzata a 60 EUR\/tCO2, assumendo un pass-through completo ai prezzi dei prodotti<sup>iii<\/sup>, il costo annuale da pagare per il crescente deficit di emissioni sarebbe stato circa lo 0.4% dei consumi per capita delle famiglie nella media OCSE. Per il consumatore UE medio, questo costo sarebbe stato pi\u00f9 che doppio (~1%). In mancanza di cambiamenti nei comportamenti delle persone (quindi assumendo che il pricing delle emissioni non avesse ridotto i consumi) il costo sarebbe cresciuto del 0.7% per i consumi medi OCSE e dell\u20191.7% per il consumatore UE medio. Il costo da pagare per le emissioni sarebbe quindi cresciuto pi\u00f9 velocemente che la spesa per i consumi, che \u00e8 circa raddoppiata negli ultimi 50 anni. Se assumiamo un prezzo pi\u00f9 elevato per i prodotti pi\u00f9 inquinanti, invece che un prezzo uniforme di 60 EUR, l\u2019effetto in proporzione della spesa per consumi sarebbe maggiore<sup>iv<\/sup>.<\/p>\n\n\n\n<p><br><strong>Un altro metodo per ottenere un risultato analogo consiste nel calcolare lo \u201cshadow price\u201d del consumo non sostenibile. <\/strong>Questo prezzo ha tre componenti: (i) scarsit\u00e0; (ii) rischio; e (iii) policy.<\/p>\n\n\n\n<figure class=\"wp-block-image size-large\"><img loading=\"lazy\" decoding=\"async\" width=\"1024\" height=\"484\" src=\"https:\/\/www.algebris.com\/wp-content\/uploads\/The-Green-Leaf-ISSUE0-Graph-3-ita-1024x484.jpg\" alt=\"\" class=\"wp-image-10576\" srcset=\"https:\/\/media.algebris.com\/content\/The-Green-Leaf-ISSUE0-Graph-3-ita-1024x484.jpg 1024w, https:\/\/media.algebris.com\/content\/The-Green-Leaf-ISSUE0-Graph-3-ita-500x237.jpg 500w, https:\/\/media.algebris.com\/content\/The-Green-Leaf-ISSUE0-Graph-3-ita-768x363.jpg 768w, https:\/\/media.algebris.com\/content\/The-Green-Leaf-ISSUE0-Graph-3-ita.jpg 1152w\" sizes=\"auto, (max-width: 1024px) 100vw, 1024px\" \/><\/figure>\n\n\n\n<p>Negli ultimi 50 anni abbiamo consumato senza considerare il costo dello <strong>sfruttamento delle risorse scarse<\/strong>. L\u2019ONU si aspetta che l\u2019estrazione di risorse scarse cresca a 190 miliardi di tonnellate entro il 2060. Per rimanere in uno scenario sostenibile, tale quantit\u00e0 deve essere ridotta del 25%. Con un elasticit\u00e0 di prezzo di circa 0.35<sup>v<\/sup>, raggiungere un tale calo richiederebbe prezzi pi\u00f9 alti del 70-75% nel lungo periodo. Ci\u00f2 implicherebbe che i prezzi per il consumatore medio europeo dovrebbero crescere dello 0.9% per anno<sup>vi<\/sup>.<\/p>\n\n\n\n<p>Un altro costo nascosto del nostro deficit di biocapacit\u00e0 \u00e8 il <strong>crescente rischio fisico<\/strong>, derivante da fenomeni climatici estremi pi\u00f9 frequenti e disastri naturali (come le recenti inondazioni in Germania o gli incendi in California). Il rischio fisco pu\u00f2 impattare sui prezzi attraverso premi di assicurazione pi\u00f9 alti, mentre interruzioni nelle catene del valore potrebbero diventare pi\u00f9 frequenti per via dei danni al capitale fisico. Come abbiamo visto nel caso del COVID-19, questi shock dal lato dell\u2019offerta tendono ad essere inflativi. Guardando avanti, potremmo doverne affrontare sempre di pi\u00f9 e sempre pi\u00f9 gravi. Complessivamente, le stime della BCE indicano un impatto del crescente rischio fisico sull\u2019inflazione in un range tra lo 0.05% e lo 0.5% annuo, a seconda di come sar\u00e0 gestita la transizione, se in modo ordinato o meno.<\/p>\n\n\n\n<div class=\"wp-block-image\"><figure class=\"aligncenter size-large\"><img loading=\"lazy\" decoding=\"async\" width=\"504\" height=\"812\" src=\"https:\/\/www.algebris.com\/wp-content\/uploads\/The-Green-Leaf-ISSUE0-Graph-4-ita.jpg\" alt=\"\" class=\"wp-image-10577\" srcset=\"https:\/\/media.algebris.com\/content\/The-Green-Leaf-ISSUE0-Graph-4-ita.jpg 504w, https:\/\/media.algebris.com\/content\/The-Green-Leaf-ISSUE0-Graph-4-ita-310x500.jpg 310w\" sizes=\"auto, (max-width: 504px) 100vw, 504px\" \/><\/figure><\/div>\n\n\n\n<p>Stanno venendo introdotte politiche per l\u2019<strong>internalizzazione delle esternalit\u00e0<\/strong> che non venivano finora prezzate, settando piani di riduzione delle emissioni e ambiziosi obiettivi di inquinamento netto zero. Nel breve periodo, le emissioni diventeranno perci\u00f2 pi\u00f9 costose. Per garantire il raggiungimento del target di emissioni GHG per il 2030, la Commissione Europea intende accelerare la graduale riduzione della quantit\u00e0 di emissioni consentite nel suo Emission Trading System (ETS). Assumendo un prezzo per le emissioni tra i 30 e i 60 EUR\/tCO2, pagare per l\u2019eccesso di emissioni compatibile con un riscaldamento di 1.5\u00b0C aggiungerebbe un ulteriore 0.16%-0.32% ai prezzi in Europa.<\/p>\n\n\n\n<p>Allo stesso tempo, il <strong>picchi del costo dell\u2019energia<\/strong> che stiamo osservando nel 2021 potrebbero diventare pi\u00f9 frequenti. Le energie rinnovabili sono volatili \u2013 come l\u2019eolico e le siccit\u00e0 che interferiscono con l\u2019output dell\u2019idroelettrico hanno mostrato di recente \u2013 e gas naturale e carbone compongono ancora il 40% delle fonti energetiche in Europa. La domanda di gas nautrale dovr\u00e0 crescere se pi\u00f9 paesi emergenti inizieranno la transizione dal carbone e, con l\u2019energia nucleare considerata un taboo in molti paesi, ci\u00f2 potrebbe portare a pi\u00f9 frequenti picchi nei prezzi dell\u2019energia. Anche se non abbiamo cercato di stimare la volatilit\u00e0 dei prezzi connessa alla transizione, vale la pena notare che ci vorr\u00e0 del tempo per modificare il mix energetico e dovremo attenderci un impatto crescente delle fluttuazioni di domanda e offerta nelle variazioni dei prezzi dell\u2019energia rispetto al passato.<\/p>\n\n\n\n<p>Le banche centrali hanno faticato per anni a raggiungere il loro target di inflazione del 2%. I nostri risultati suggeriscono che includere nel paniere dei prezzi al consumo il costo delle emissioni avrebbe fatto da solo met\u00e0 del lavoro. L\u2019inflazione da emissioni avrebbe pesato pi\u00f9 del contributo dell\u2019inflazione dell\u2019energia in Europa negli ultimi 20 anni, considerato che la differenza tra inflazione totale ed inflazione core \u00e8 stata in media del 0.75%. Mentre l\u2019economia globale avanza verso una nuova fase di inflazione pi\u00f9 elevata, le policies per internalizzare gradualmente le esternalit\u00e0 che non abbiamo pagato finora implicano una nuova causa di inflazione che le banche centrali devono riconoscere: l\u2019inflazione climatica. Milton Friedman notoriamente disse che l\u2019inflazione \u00e8 un fenomeno monetario. <strong>La transizione verde ci potrebbe mostrare che l\u2019inflazione sta diventando un fenomeno fisico che ne causer\u00e0 uno monetario.<\/strong><\/p>\n\n\n\n<div class=\"wp-block-image\"><figure class=\"aligncenter size-large\"><img loading=\"lazy\" decoding=\"async\" width=\"498\" height=\"767\" src=\"https:\/\/www.algebris.com\/wp-content\/uploads\/The-Green-Leaf-ISSUE0-Graph-5-ita.jpg\" alt=\"\" class=\"wp-image-10573\" srcset=\"https:\/\/media.algebris.com\/content\/The-Green-Leaf-ISSUE0-Graph-5-ita.jpg 498w, https:\/\/media.algebris.com\/content\/The-Green-Leaf-ISSUE0-Graph-5-ita-325x500.jpg 325w\" sizes=\"auto, (max-width: 498px) 100vw, 498px\" \/><\/figure><\/div>\n\n\n\n<div style=\"height:40px\" aria-hidden=\"true\" class=\"wp-block-spacer\"><\/div>\n\n\n\n<hr class=\"wp-block-separator\"\/>\n\n\n\n<p><strong>Additional reading<\/strong><br><a href=\"https:\/\/www.eea.europa.eu\/publications\/is-europe-living-within-the-planets-limits\">EEA (2020) <\/a>\u2013 Is Europe living within the limits of our planet? An assessment of Europe\u2019s environmental footprints in relation to planetary boundaries. Joint EEA\/FOEN Report<br><a href=\"https:\/\/www.ecb.europa.eu\/pub\/pdf\/scpops\/ecb.op271~36775d43c8.en.pdf?8068c39c5c19cd647e471b4ef8f60e5a\">ECB (2021)<\/a> \u2013 Climate Change and Monetary Policy in the Euro Area. Occasional Paper Series No. 27\/2021<br>European Commission (2015) \u2013 Ex-post investigation of cost pass-through in the EU ETS. An analysis for six sectors. CE Delft and Oeko-Institut<br><a href=\"https:\/\/cdn.friendsoftheearth.uk\/sites\/default\/files\/downloads\/overconsumption.pdf?_ga=2.223866969.317402322.1632480210-575155864.1632480210\">SERI et al. (2009)<\/a> \u2013 Overconsumption? Our use of the world\u2019s natural resources<br><a href=\"https:\/\/www.stockholmresilience.org\/publications\/publications\/2018-07-03-operationalizing-the-concept-of-a-safe-operating-space-at-the-eu-level---first-steps-and-explorations.html\">Stockholm Resilience Centre (2018)<\/a> \u2013 Technical Report. Operationalizing the concept of a safe operating space at the EU level \u2013 first steps and explorations.<br>UN (2019) \u2013 Global Resources Outlook 2019<\/p>\n\n\n\n<p><br><strong>Sources<\/strong><br><a href=\"https:\/\/www.overshootday.org\/about-earth-overshoot-day\/\" target=\"_blank\" rel=\"noreferrer noopener\">Earth Overshoot Day<\/a><br><a href=\"https:\/\/ourworldindata.org\/co2-emissions\" target=\"_blank\" rel=\"noreferrer noopener\">GHG emissions<\/a><br><a href=\"https:\/\/www.resourcepanel.org\/global-material-flows-database\" target=\"_blank\" rel=\"noreferrer noopener\">UN Global Material Flows Database<\/a><\/p>\n\n\n\n<hr class=\"wp-block-separator\"\/>\n\n\n\n<p><strong>Notes<\/strong><br><strong>i<\/strong> Earth Overshoot Day is calculated as: (Earth\u2019s Biocapacity \/ Humanity\u2019s Ecological Footprint) * 365. The unit of account for Ecological Footprint and the Biocapacity is Global Hectares Accounting (GHA). One GHA equates a unit of a biologically productive hectare (hence, different kinds of lands are weighted by their biological productivity and converted into common Global Hectares). As an example, in 2017 the total Environmental Footprint was 20,926,093,398 GHA while the planet\u2019s Biocapacity was 12,066,837,591 GHA. The difference can be interpreted as a yearly deficit of resources that humanity consumes in excess of Earth\u2019s biocapacity. For 2017, the ratio was 1.73 \u2013 suggesting that humanity consumed almost two planets-worth of resources to satisfy its 2017 needs. Both Environmental Footprint and Biocapacity are broken down into individual constituents (built-up land, cropland, fishing grounds, grazing land, forest products, and carbon). More information is available at: https:\/\/www.overshootday.org\/about-earth-overshoot-day\/<br><strong>ii <\/strong>Based on an equal-per-capita allocation of the global CO2 emissions budget. See estimates in Stockholm University Resilience Centre (2018)<br><strong>iii <\/strong>Estimates of the optimal price for carbon are subject to a lot of uncertainty, but recent research by several international organizations suggests a rough benchmark of 60 EUR\/tCO2. The European Commission recently estimated that a carbon price of 60 EUR\/tCO2 would be required to achieve its EU emission-reduction target of 55% by 2030, under a scenario that assumes an extension of the EU ETS to cover buildings, road transport and intra-EU maritime navigation sectors. The IMF proposed in 2019 a higher price of 75 USD\/tCO2 globally to ensure meeting the Paris Agreement targets. Pass-through of carbon costs to product prices can be expected to be very high, so we assume 100% for simplicity.<br><strong>iv <\/strong>Using EUROSTAT data on estimated carbon footprint at the product level, we can also adjust this very simple estimate by applying a higher price to those products in the consumption basket that have a higher carbon footprint (such as Food, Beverages and Tobacco, Electricity, Gas, Steam, and Air Conditioning). With a price of 100 EUR\/tCO2 for high-footprint sectors and 60 EUR\/tCO2 for the other sectors and applying weights equal to the monetary weight of different items in the consumption basket, the effect of paying for the carbon deficit on consumer expenditure is even larger.<br><strong>v <\/strong>With estimates ranging between -0.1 and -0.6 (Chang et al, 2019; Duetsch, 1993; Anderson et al. 1997)<br><strong>vi<\/strong> Typical price is 20 euro per 60kg (source: Sustainable Europe Research Institute \u2013 SERI), typical household consumption per capita in Europe is 18.5 kEUR\/year.<\/p>\n\n\n\n<p><\/p>\n\n\n\n<p><strong>Silvia Merler<\/strong>&nbsp;\u2013 Head of ESG &amp; Policy Research<\/p>\n\n\n\n<p><strong>Gabriele Fo\u00e0, PhD<\/strong>&nbsp;\u2013 Portfolio Manager, Global Credit Opportunities Fund<\/p>\n\n\n\n<hr class=\"wp-block-separator\"\/>\n\n\n\n<p><em>This document is issued by Algebris Investments (Ireland) Limited. It is for private circulation only. The information contained in this document is strictly confidential and is only for the use of the person to whom it is sent. The information contained herein may not be reproduced, distributed or published by any recipient for any purpose without the prior written consent of Algebris Investments (Ireland) Limited.<\/em><\/p>\n\n\n\n<p><em>Algebris Investments (Ireland) Limited is authorised and regulated by the Central Bank of Ireland. The information and opinions contained in this document are for background purposes only, do not purport to be full or complete and do not constitute investment advice. Algebris Investments (Ireland) Limited is not hereby arranging or agreeing to arrange any transaction in any investment whatsoever or otherwise undertaking any activity requiring authorisation under the Financial Services and Markets Act 2000. This document does not constitute or form part of any offer to issue or sell, or any solicitation of an offer to subscribe or purchase, any investment nor shall it or the fact of its distribution form the basis of, or be relied on in connection with, any contract therefore.<\/em><\/p>\n\n\n\n<p><em>No reliance may be placed for any purpose on the information and opinions contained in this document or their accuracy or completeness. No representation, warranty or undertaking, express or implied, is given as to the accuracy or completeness of the information or opinions contained in this document by any of Algebris Investments (Ireland) Limited , its members, employees or affiliates and no liability is accepted by such persons for the accuracy or completeness of any such information or opinions.<\/em><\/p>\n\n\n\n<p><em>The distribution of this document may be restricted in certain jurisdictions. The above information is for general guidance only, and it is the responsibility of any person or persons in possession of this document to inform themselves of, and to observe, all applicable laws and regulations of any relevant jurisdiction. <\/em><em>This document is suitable for professional investors only.<\/em><\/p>\n\n\n\n<p><em>\u00a9 2021 Algebris <\/em><em>Investments (Ireland) Limited <\/em><em>. All Rights Reserved.<\/em><\/p>\n","protected":false},"excerpt":{"rendered":"<p>Download Se i prezzi al consumo avessero incluso il costo delle nostre emissioni di CO2 il livello dei prezzi sarebbe del 50% pi\u00f9 alto di quanto stimato. Gli esseri umani hanno vissuto al di sopra delle loro possibilit\u00e0 (planetarie). Ogni anno, il Giorno del Superamento Terrestrei indica la data in cui la nostra domanda di [&hellip;]<\/p>\n","protected":false},"author":7,"featured_media":10491,"comment_status":"closed","ping_status":"closed","sticky":false,"template":"","format":"standard","meta":{"_acf_changed":false,"footnotes":""},"categories":[94],"tags":[],"asset-class":[224],"algebris-themes":[235],"class_list":["post-10525","post","type-post","status-publish","format-standard","has-post-thumbnail","hentry","category-esg-policy-research-it","asset-class-credit-it","algebris-themes-global-credit-it"],"acf":[],"yoast_head":"<!-- This site is optimized with the Yoast SEO plugin v27.1.1 - https:\/\/yoast.com\/product\/yoast-seo-wordpress\/ -->\n<title>The Green Leaf | L&#039;Alba dell&#039;Inflazione Climatica? - Algebris Investments<\/title>\n<meta name=\"robots\" content=\"index, follow, max-snippet:-1, max-image-preview:large, max-video-preview:-1\" \/>\n<link rel=\"canonical\" href=\"https:\/\/www.algebris.com\/it\/esg-policy-research-it\/the-green-leaf-alba-inflazione-climatica\/\" \/>\n<meta property=\"og:locale\" content=\"it_IT\" \/>\n<meta property=\"og:type\" content=\"article\" \/>\n<meta property=\"og:title\" content=\"The Green Leaf | L&#039;Alba dell&#039;Inflazione Climatica? - Algebris Investments\" \/>\n<meta property=\"og:description\" content=\"Download Se i prezzi al consumo avessero incluso il costo delle nostre emissioni di CO2 il livello dei prezzi sarebbe del 50% pi\u00f9 alto di quanto stimato. Gli esseri umani hanno vissuto al di sopra delle loro possibilit\u00e0 (planetarie). Ogni anno, il Giorno del Superamento Terrestrei indica la data in cui la nostra domanda di [&hellip;]\" \/>\n<meta property=\"og:url\" content=\"https:\/\/www.algebris.com\/it\/esg-policy-research-it\/the-green-leaf-alba-inflazione-climatica\/\" \/>\n<meta property=\"og:site_name\" content=\"Algebris Investments\" \/>\n<meta property=\"article:published_time\" content=\"2021-10-18T15:51:16+00:00\" \/>\n<meta property=\"article:modified_time\" content=\"2025-01-03T15:20:54+00:00\" \/>\n<meta property=\"og:image\" content=\"https:\/\/media.algebris.com\/content\/AdobeStock_232977233-header.jpg\" \/>\n\t<meta property=\"og:image:width\" content=\"1000\" \/>\n\t<meta property=\"og:image:height\" content=\"400\" \/>\n\t<meta property=\"og:image:type\" content=\"image\/jpeg\" \/>\n<meta name=\"author\" content=\"Andrea Molteni\" \/>\n<meta name=\"twitter:card\" content=\"summary_large_image\" \/>\n<meta name=\"twitter:label1\" content=\"Written by\" \/>\n\t<meta name=\"twitter:data1\" content=\"Andrea Molteni\" \/>\n\t<meta name=\"twitter:label2\" content=\"Est. reading time\" \/>\n\t<meta name=\"twitter:data2\" content=\"11 minutes\" \/>\n<script type=\"application\/ld+json\" class=\"yoast-schema-graph\">{\"@context\":\"https:\/\/schema.org\",\"@graph\":[{\"@type\":\"Article\",\"@id\":\"https:\/\/www.algebris.com\/it\/esg-policy-research-it\/the-green-leaf-alba-inflazione-climatica\/#article\",\"isPartOf\":{\"@id\":\"https:\/\/www.algebris.com\/it\/esg-policy-research-it\/the-green-leaf-alba-inflazione-climatica\/\"},\"author\":{\"name\":\"Andrea Molteni\",\"@id\":\"https:\/\/www.algebris.com\/it\/#\/schema\/person\/4b3d11dd0f7d6e3130de26cc9436a0bc\"},\"headline\":\"The Green Leaf | L&#8217;Alba dell&#8217;Inflazione Climatica?\",\"datePublished\":\"2021-10-18T15:51:16+00:00\",\"dateModified\":\"2025-01-03T15:20:54+00:00\",\"mainEntityOfPage\":{\"@id\":\"https:\/\/www.algebris.com\/it\/esg-policy-research-it\/the-green-leaf-alba-inflazione-climatica\/\"},\"wordCount\":2109,\"publisher\":{\"@id\":\"https:\/\/www.algebris.com\/it\/#organization\"},\"image\":{\"@id\":\"https:\/\/www.algebris.com\/it\/esg-policy-research-it\/the-green-leaf-alba-inflazione-climatica\/#primaryimage\"},\"thumbnailUrl\":\"https:\/\/media.algebris.com\/content\/AdobeStock_232977233-header.jpg\",\"articleSection\":[\"ESG &amp; Policy Research\"],\"inLanguage\":\"it-IT\"},{\"@type\":\"WebPage\",\"@id\":\"https:\/\/www.algebris.com\/it\/esg-policy-research-it\/the-green-leaf-alba-inflazione-climatica\/\",\"url\":\"https:\/\/www.algebris.com\/it\/esg-policy-research-it\/the-green-leaf-alba-inflazione-climatica\/\",\"name\":\"The Green Leaf | L'Alba dell'Inflazione Climatica? - Algebris Investments\",\"isPartOf\":{\"@id\":\"https:\/\/www.algebris.com\/it\/#website\"},\"primaryImageOfPage\":{\"@id\":\"https:\/\/www.algebris.com\/it\/esg-policy-research-it\/the-green-leaf-alba-inflazione-climatica\/#primaryimage\"},\"image\":{\"@id\":\"https:\/\/www.algebris.com\/it\/esg-policy-research-it\/the-green-leaf-alba-inflazione-climatica\/#primaryimage\"},\"thumbnailUrl\":\"https:\/\/media.algebris.com\/content\/AdobeStock_232977233-header.jpg\",\"datePublished\":\"2021-10-18T15:51:16+00:00\",\"dateModified\":\"2025-01-03T15:20:54+00:00\",\"breadcrumb\":{\"@id\":\"https:\/\/www.algebris.com\/it\/esg-policy-research-it\/the-green-leaf-alba-inflazione-climatica\/#breadcrumb\"},\"inLanguage\":\"it-IT\",\"potentialAction\":[{\"@type\":\"ReadAction\",\"target\":[\"https:\/\/www.algebris.com\/it\/esg-policy-research-it\/the-green-leaf-alba-inflazione-climatica\/\"]}]},{\"@type\":\"ImageObject\",\"inLanguage\":\"it-IT\",\"@id\":\"https:\/\/www.algebris.com\/it\/esg-policy-research-it\/the-green-leaf-alba-inflazione-climatica\/#primaryimage\",\"url\":\"https:\/\/media.algebris.com\/content\/AdobeStock_232977233-header.jpg\",\"contentUrl\":\"https:\/\/media.algebris.com\/content\/AdobeStock_232977233-header.jpg\",\"width\":1000,\"height\":400},{\"@type\":\"BreadcrumbList\",\"@id\":\"https:\/\/www.algebris.com\/it\/esg-policy-research-it\/the-green-leaf-alba-inflazione-climatica\/#breadcrumb\",\"itemListElement\":[{\"@type\":\"ListItem\",\"position\":1,\"name\":\"Home\",\"item\":\"https:\/\/www.algebris.com\/it\/\"},{\"@type\":\"ListItem\",\"position\":2,\"name\":\"ESG &amp; Policy Research\",\"item\":\"https:\/\/www.algebris.com\/it\/category\/esg-policy-research-it\/\"},{\"@type\":\"ListItem\",\"position\":3,\"name\":\"The Green Leaf | L&#8217;Alba dell&#8217;Inflazione Climatica?\"}]},{\"@type\":\"WebSite\",\"@id\":\"https:\/\/www.algebris.com\/it\/#website\",\"url\":\"https:\/\/www.algebris.com\/it\/\",\"name\":\"Algebris Investments\",\"description\":\"\",\"publisher\":{\"@id\":\"https:\/\/www.algebris.com\/it\/#organization\"},\"potentialAction\":[{\"@type\":\"SearchAction\",\"target\":{\"@type\":\"EntryPoint\",\"urlTemplate\":\"https:\/\/www.algebris.com\/it\/?s={search_term_string}\"},\"query-input\":{\"@type\":\"PropertyValueSpecification\",\"valueRequired\":true,\"valueName\":\"search_term_string\"}}],\"inLanguage\":\"it-IT\"},{\"@type\":\"Organization\",\"@id\":\"https:\/\/www.algebris.com\/it\/#organization\",\"name\":\"Algebris Investments\",\"url\":\"https:\/\/www.algebris.com\/it\/\",\"logo\":{\"@type\":\"ImageObject\",\"inLanguage\":\"it-IT\",\"@id\":\"https:\/\/www.algebris.com\/it\/#\/schema\/logo\/image\/\",\"url\":\"https:\/\/media.algebris.com\/content\/cropped-logo1.png\",\"contentUrl\":\"https:\/\/media.algebris.com\/content\/cropped-logo1.png\",\"width\":250,\"height\":78,\"caption\":\"Algebris Investments\"},\"image\":{\"@id\":\"https:\/\/www.algebris.com\/it\/#\/schema\/logo\/image\/\"},\"sameAs\":[\"https:\/\/www.linkedin.com\/company\/algebris-investments\/about\/\",\"https:\/\/www.youtube.com\/channel\/UC_MiRdysidJhtSWRVxtH-3g\/featured\"]},{\"@type\":\"Person\",\"@id\":\"https:\/\/www.algebris.com\/it\/#\/schema\/person\/4b3d11dd0f7d6e3130de26cc9436a0bc\",\"name\":\"Andrea Molteni\",\"image\":{\"@type\":\"ImageObject\",\"inLanguage\":\"it-IT\",\"@id\":\"https:\/\/www.algebris.com\/it\/#\/schema\/person\/image\/\",\"url\":\"https:\/\/secure.gravatar.com\/avatar\/62e54ff4a2115d90cc8d67b085990ae2b90fd1fdc412c647e1d63cd03fde6493?s=96&d=mm&r=g\",\"contentUrl\":\"https:\/\/secure.gravatar.com\/avatar\/62e54ff4a2115d90cc8d67b085990ae2b90fd1fdc412c647e1d63cd03fde6493?s=96&d=mm&r=g\",\"caption\":\"Andrea Molteni\"}}]}<\/script>\n<!-- \/ Yoast SEO plugin. -->","yoast_head_json":{"title":"The Green Leaf | L'Alba dell'Inflazione Climatica? - Algebris Investments","robots":{"index":"index","follow":"follow","max-snippet":"max-snippet:-1","max-image-preview":"max-image-preview:large","max-video-preview":"max-video-preview:-1"},"canonical":"https:\/\/www.algebris.com\/it\/esg-policy-research-it\/the-green-leaf-alba-inflazione-climatica\/","og_locale":"it_IT","og_type":"article","og_title":"The Green Leaf | L'Alba dell'Inflazione Climatica? - Algebris Investments","og_description":"Download Se i prezzi al consumo avessero incluso il costo delle nostre emissioni di CO2 il livello dei prezzi sarebbe del 50% pi\u00f9 alto di quanto stimato. Gli esseri umani hanno vissuto al di sopra delle loro possibilit\u00e0 (planetarie). Ogni anno, il Giorno del Superamento Terrestrei indica la data in cui la nostra domanda di [&hellip;]","og_url":"https:\/\/www.algebris.com\/it\/esg-policy-research-it\/the-green-leaf-alba-inflazione-climatica\/","og_site_name":"Algebris Investments","article_published_time":"2021-10-18T15:51:16+00:00","article_modified_time":"2025-01-03T15:20:54+00:00","og_image":[{"width":1000,"height":400,"url":"https:\/\/media.algebris.com\/content\/AdobeStock_232977233-header.jpg","type":"image\/jpeg"}],"author":"Andrea Molteni","twitter_card":"summary_large_image","twitter_misc":{"Written by":"Andrea Molteni","Est. reading time":"11 minutes"},"schema":{"@context":"https:\/\/schema.org","@graph":[{"@type":"Article","@id":"https:\/\/www.algebris.com\/it\/esg-policy-research-it\/the-green-leaf-alba-inflazione-climatica\/#article","isPartOf":{"@id":"https:\/\/www.algebris.com\/it\/esg-policy-research-it\/the-green-leaf-alba-inflazione-climatica\/"},"author":{"name":"Andrea Molteni","@id":"https:\/\/www.algebris.com\/it\/#\/schema\/person\/4b3d11dd0f7d6e3130de26cc9436a0bc"},"headline":"The Green Leaf | L&#8217;Alba dell&#8217;Inflazione Climatica?","datePublished":"2021-10-18T15:51:16+00:00","dateModified":"2025-01-03T15:20:54+00:00","mainEntityOfPage":{"@id":"https:\/\/www.algebris.com\/it\/esg-policy-research-it\/the-green-leaf-alba-inflazione-climatica\/"},"wordCount":2109,"publisher":{"@id":"https:\/\/www.algebris.com\/it\/#organization"},"image":{"@id":"https:\/\/www.algebris.com\/it\/esg-policy-research-it\/the-green-leaf-alba-inflazione-climatica\/#primaryimage"},"thumbnailUrl":"https:\/\/media.algebris.com\/content\/AdobeStock_232977233-header.jpg","articleSection":["ESG &amp; Policy Research"],"inLanguage":"it-IT"},{"@type":"WebPage","@id":"https:\/\/www.algebris.com\/it\/esg-policy-research-it\/the-green-leaf-alba-inflazione-climatica\/","url":"https:\/\/www.algebris.com\/it\/esg-policy-research-it\/the-green-leaf-alba-inflazione-climatica\/","name":"The Green Leaf | L'Alba dell'Inflazione Climatica? - Algebris Investments","isPartOf":{"@id":"https:\/\/www.algebris.com\/it\/#website"},"primaryImageOfPage":{"@id":"https:\/\/www.algebris.com\/it\/esg-policy-research-it\/the-green-leaf-alba-inflazione-climatica\/#primaryimage"},"image":{"@id":"https:\/\/www.algebris.com\/it\/esg-policy-research-it\/the-green-leaf-alba-inflazione-climatica\/#primaryimage"},"thumbnailUrl":"https:\/\/media.algebris.com\/content\/AdobeStock_232977233-header.jpg","datePublished":"2021-10-18T15:51:16+00:00","dateModified":"2025-01-03T15:20:54+00:00","breadcrumb":{"@id":"https:\/\/www.algebris.com\/it\/esg-policy-research-it\/the-green-leaf-alba-inflazione-climatica\/#breadcrumb"},"inLanguage":"it-IT","potentialAction":[{"@type":"ReadAction","target":["https:\/\/www.algebris.com\/it\/esg-policy-research-it\/the-green-leaf-alba-inflazione-climatica\/"]}]},{"@type":"ImageObject","inLanguage":"it-IT","@id":"https:\/\/www.algebris.com\/it\/esg-policy-research-it\/the-green-leaf-alba-inflazione-climatica\/#primaryimage","url":"https:\/\/media.algebris.com\/content\/AdobeStock_232977233-header.jpg","contentUrl":"https:\/\/media.algebris.com\/content\/AdobeStock_232977233-header.jpg","width":1000,"height":400},{"@type":"BreadcrumbList","@id":"https:\/\/www.algebris.com\/it\/esg-policy-research-it\/the-green-leaf-alba-inflazione-climatica\/#breadcrumb","itemListElement":[{"@type":"ListItem","position":1,"name":"Home","item":"https:\/\/www.algebris.com\/it\/"},{"@type":"ListItem","position":2,"name":"ESG &amp; Policy Research","item":"https:\/\/www.algebris.com\/it\/category\/esg-policy-research-it\/"},{"@type":"ListItem","position":3,"name":"The Green Leaf | L&#8217;Alba dell&#8217;Inflazione Climatica?"}]},{"@type":"WebSite","@id":"https:\/\/www.algebris.com\/it\/#website","url":"https:\/\/www.algebris.com\/it\/","name":"Algebris Investments","description":"","publisher":{"@id":"https:\/\/www.algebris.com\/it\/#organization"},"potentialAction":[{"@type":"SearchAction","target":{"@type":"EntryPoint","urlTemplate":"https:\/\/www.algebris.com\/it\/?s={search_term_string}"},"query-input":{"@type":"PropertyValueSpecification","valueRequired":true,"valueName":"search_term_string"}}],"inLanguage":"it-IT"},{"@type":"Organization","@id":"https:\/\/www.algebris.com\/it\/#organization","name":"Algebris Investments","url":"https:\/\/www.algebris.com\/it\/","logo":{"@type":"ImageObject","inLanguage":"it-IT","@id":"https:\/\/www.algebris.com\/it\/#\/schema\/logo\/image\/","url":"https:\/\/media.algebris.com\/content\/cropped-logo1.png","contentUrl":"https:\/\/media.algebris.com\/content\/cropped-logo1.png","width":250,"height":78,"caption":"Algebris Investments"},"image":{"@id":"https:\/\/www.algebris.com\/it\/#\/schema\/logo\/image\/"},"sameAs":["https:\/\/www.linkedin.com\/company\/algebris-investments\/about\/","https:\/\/www.youtube.com\/channel\/UC_MiRdysidJhtSWRVxtH-3g\/featured"]},{"@type":"Person","@id":"https:\/\/www.algebris.com\/it\/#\/schema\/person\/4b3d11dd0f7d6e3130de26cc9436a0bc","name":"Andrea Molteni","image":{"@type":"ImageObject","inLanguage":"it-IT","@id":"https:\/\/www.algebris.com\/it\/#\/schema\/person\/image\/","url":"https:\/\/secure.gravatar.com\/avatar\/62e54ff4a2115d90cc8d67b085990ae2b90fd1fdc412c647e1d63cd03fde6493?s=96&d=mm&r=g","contentUrl":"https:\/\/secure.gravatar.com\/avatar\/62e54ff4a2115d90cc8d67b085990ae2b90fd1fdc412c647e1d63cd03fde6493?s=96&d=mm&r=g","caption":"Andrea Molteni"}}]}},"_links":{"self":[{"href":"https:\/\/www.algebris.com\/it\/wp-json\/wp\/v2\/posts\/10525","targetHints":{"allow":["GET"]}}],"collection":[{"href":"https:\/\/www.algebris.com\/it\/wp-json\/wp\/v2\/posts"}],"about":[{"href":"https:\/\/www.algebris.com\/it\/wp-json\/wp\/v2\/types\/post"}],"author":[{"embeddable":true,"href":"https:\/\/www.algebris.com\/it\/wp-json\/wp\/v2\/users\/7"}],"replies":[{"embeddable":true,"href":"https:\/\/www.algebris.com\/it\/wp-json\/wp\/v2\/comments?post=10525"}],"version-history":[{"count":3,"href":"https:\/\/www.algebris.com\/it\/wp-json\/wp\/v2\/posts\/10525\/revisions"}],"predecessor-version":[{"id":10578,"href":"https:\/\/www.algebris.com\/it\/wp-json\/wp\/v2\/posts\/10525\/revisions\/10578"}],"wp:featuredmedia":[{"embeddable":true,"href":"https:\/\/www.algebris.com\/it\/wp-json\/wp\/v2\/media\/10491"}],"wp:attachment":[{"href":"https:\/\/www.algebris.com\/it\/wp-json\/wp\/v2\/media?parent=10525"}],"wp:term":[{"taxonomy":"category","embeddable":true,"href":"https:\/\/www.algebris.com\/it\/wp-json\/wp\/v2\/categories?post=10525"},{"taxonomy":"post_tag","embeddable":true,"href":"https:\/\/www.algebris.com\/it\/wp-json\/wp\/v2\/tags?post=10525"},{"taxonomy":"asset-class","embeddable":true,"href":"https:\/\/www.algebris.com\/it\/wp-json\/wp\/v2\/asset-class?post=10525"},{"taxonomy":"algebris-themes","embeddable":true,"href":"https:\/\/www.algebris.com\/it\/wp-json\/wp\/v2\/algebris-themes?post=10525"}],"curies":[{"name":"wp","href":"https:\/\/api.w.org\/{rel}","templated":true}]}}