{"id":11150,"date":"2021-12-21T09:45:55","date_gmt":"2021-12-21T09:45:55","guid":{"rendered":"https:\/\/www.algebris.com\/?p=11150"},"modified":"2022-03-11T15:41:14","modified_gmt":"2022-03-11T15:41:14","slug":"il-bilancio-dellunione-europea-tre-proposte-di-cambiamento-strutturale","status":"publish","type":"post","link":"https:\/\/www.algebris.com\/it\/market-views-it\/il-bilancio-dellunione-europea-tre-proposte-di-cambiamento-strutturale\/","title":{"rendered":"Il bilancio dell&#8217;Unione Europea: tre proposte di cambiamento strutturale"},"content":{"rendered":"\n<p>Poche questioni sono state tanto polarizzanti, in Europa, come quella relativa alla necessit\u00e0 e alle modalit\u00e0 di riforma del troppo complesso quadro di bilancio dell&#8217;Unione Europea. Questo dossier, strettamente connesso a una discussione che dura ormai da un decennio sulla riforma della governance macroeconomica dell&#8217;area dell\u2019euro, ha acquisito maggiore rilevanza dopo lo shock economico senza precedenti che il mondo ha subito a causa della pandemia da Covid-19.<\/p>\n\n\n\n<p>L\u2019attuale quadro di bilancio dell&#8217;Unione Europea si basa su due requisiti \u2013 stabiliti nel Trattato sul funzionamento dell&#8217;Unione europea (TFUE) &#8211; che prescrivono che il deficit di bilancio debba rimanere al di sotto del 3% del PIL e che il debito pubblico non debba salire oltre il 60% del PIL. Il Patto di stabilit\u00e0 e crescita (PSC), stabilisce come le norme presenti nel TFUE debbano essere interpretate nella legislazione secondaria, definendo il braccio \u201cpreventivo\u201d e quello \u201ccorrettivo\u201d della disciplina di bilancio dell&#8217;Unione e fissando una regola di riduzione del debito pubblico pari a 1\/20 dell\u2019eccesso rispetto al limite del 60% ogni anno. L&#8217;attenzione del PSC alla disciplina di bilancio \u00e8 stata ulteriormente rafforzata nel 2011 dai pacchetti legislativi noti come &#8220;six-pack&#8221; e &#8220;two-pack&#8221;. Nel 2012 poi il Trattato sulla stabilit\u00e0, sul coordinamento e sulla governance nell&#8217;Unione economica e monetaria (TSCG) ha posto ulteriore enfasi sul pareggio di bilancio strutturale, che di recente \u00e8 stato oggetto di critiche perch\u00e9 troppo dipendente da stime incerte e discutibili del PIL potenziale. Queste progressive aggiunte hanno portato a un regolamento stratificato, la cui applicazione \u00e8 diventata sempre pi\u00f9 complessa, e in cui ha assunto sempre maggiore rilevanza l\u2019uso di clausole di flessibilit\u00e0 discrezionali.<\/p>\n\n\n\n<p>Questo quadro legislativo non \u00e8 adatto al mondo post-pandemia. \u00c8 stato concepito in un momento \u2013 i primi anni Novanta, quando si preparava il trattato di Maastricht \u2013 in cui i rischi economici maggiori, sulla base dell&#8217;esperienza passata, sembravano essere l&#8217;inflazione e il lassismo nei conti pubblici. Il &#8220;consenso di Bruxelles-Francoforte&#8221; che emerse allora si basava sull\u2019ambito di competenza teorica del monetarismo e sulla convinzione che la flessibilit\u00e0 del quadro normativo del PSC \u2013 combinata a una rigida politica di inflation targeting attuata dalla BCE \u2013 avrebbero reso superflua l\u2019adozione di una politica di bilancio per l\u2019intera Eurozona al fine di stabilizzare il ciclo economico. La crisi dell\u2019area dell\u2019euro ha mostrato chiaramente che quell\u2019assetto, pur garantendo la stabilit\u00e0 del tasso di cambio, era inadeguato a garantire una piena stabilit\u00e0 finanziaria in caso di shock asimmetrici. La pandemia mostra invece chiaramente che una funzione di stabilizzazione centralizzata pu\u00f2 essere necessaria anche in caso di shock simmetrici, quando questi raggiungano dimensioni molto importanti.<\/p>\n\n\n\n<p><strong>Le misure e le priorit\u00e0 post-Covid<\/strong><\/p>\n\n\n\n<p>Mentre l&#8217;Europa subiva il pi\u00f9 forte shock economico dal dopoguerra \u2013 quello causato dalla pandemia \u2013 si \u00e8 attuata una sospensione delle regole attivando, per la prima volta in assoluto nella primavera 2020, la clausola di salvaguardia generale incorporata nel PSC. Questo ha permesso agli stati membri di spendere massicciamente per finanziare sia le misure di emergenza sia uno stimolo di bilancio senza precedenti. La riattivazione del PSC, ora prevista per il 2023, dovrebbe essere vincolata al contemporaneo raggiungimento di un accordo su una riforma dell&#8217;intero quadro di bilancio dell&#8217;UE per adeguarlo al mondo post-Covid. Tale accordo dovrebbe poggiare su tre pilastri.<\/p>\n\n\n\n<p><strong>In primo luogo, la regola di riduzione del debito stabilita nel <em>Fiscal Compact<\/em> \u00e8 insostenibile nel contesto economico post-Covid e dovrebbe essere abbandonata. <\/strong>Nell&#8217;aprile del 2020 il FMI prevedeva che la crescita globale avrebbe subito in quell\u2019anno un calo del 3% dovuto alla pandemia, rispetto al -0,1% soltanto che si era avuto durante la crisi finanziaria globale. L&#8217;impatto sui conti pubblici delle misure che i governi hanno adottato per reagire allo shock \u00e8 senza precedenti: in media, i paesi dell&#8217;area dell\u2019euro hanno attivato uno stimolo discrezionale corrispondente al 4% del PIL nel 2020, contro uno stimolo di appena l\u20191,5% attivato durante la crisi finanziaria globale di un decennio prima. Questo \u00e8 stato possibile grazie alla sospensione del PSC e alla rottamazione di ampie parti della disciplina per gli aiuti di Stato dell&#8217;UE, che ha permesso un intervento senza precedenti dei governi nell&#8217;economia. Poich\u00e9 alcuni paesi avevano gi\u00e0 un debito alto, ereditato dalla crisi dell\u2019euro, questo intervento di politica fiscale ha prodotto un aggravarsi dell&#8217;asimmetria dei carichi di debito pubblico in Europa. La Commissione europea prevede che il rapporto tra debito e PIL dei paesi del \u201cNord\u201d, come Germania, Austria, Finlandia o Paesi Bassi, rimarr\u00e0 ampiamente al di sotto dell&#8217;80%, mentre in Spagna raggiunger\u00e0 il 115%, in Francia il 120% e in Italia un impressionante 155%.<\/p>\n\n\n\n<p>In queste condizioni, il ripristino a partire dal 2023 della regola di riduzione del debito fino a una soglia rigida del 60% potrebbe generare un considerevole effetto recessivo subito dopo la pi\u00f9 grande recessione nella storia del dopoguerra. Ipotizzando che le finanze pubbliche ritornino alla normalit\u00e0 a partire dal 2023, le dinamiche di bilancio all&#8217;interno dell\u2019area dell\u2019euro rischiano di presentare una marcata asimmetria. Se i paesi di quello che ci siamo abituati a chiamare il &#8220;Nord&#8221; dell\u2019area dell\u2019euro ritornassero alla loro politica di bilancio prepandemica, il debito accumulato sui loro bilanci pubblic si ridurrebbe piu\u2019 velocemente di quanto prescritto dalle regole fiscali UE.&nbsp; Paesi come Francia e Italia, al contrario, faticherebbero molto a mantenere il ritmo di risanamento dei conti pubblici richiesto da quelle stesse regole \u2013 dovendo operare per diversi anni un aggiustamento nell&#8217;ordine dell&#8217;1,5-2,5% del PIL (Figura 1). Un aggiustamento di questo tipo limiterebbe l&#8217;effetto positivo sulla domanda dell&#8217;iniziativa di investimento <em>Next Generation EU<\/em> e sarebbe politicamente problematico, perch\u00e9 andrebbe con ogni probabilit\u00e0 ad alimentare una nuova ondata di populismo ed euroscetticismo. L&#8217;integrazione europea \u00e8 (per molti inaspettatamente) sopravvissuta all&#8217;apocalisse: non dovremmo lasciarla precipitare dalla scogliera di una regola di bilancio che l\u2019apocalisse ha reso inadeguata.<\/p>\n\n\n\n<figure class=\"wp-block-image size-full\"><img loading=\"lazy\" decoding=\"async\" width=\"1014\" height=\"689\" src=\"https:\/\/www.algebris.com\/wp-content\/uploads\/aspenia1-ita.jpg\" alt=\"\" class=\"wp-image-11153\" srcset=\"https:\/\/media.algebris.com\/content\/aspenia1-ita.jpg 1014w, https:\/\/media.algebris.com\/content\/aspenia1-ita-500x340.jpg 500w, https:\/\/media.algebris.com\/content\/aspenia1-ita-768x522.jpg 768w\" sizes=\"auto, (max-width: 1014px) 100vw, 1014px\" \/><\/figure>\n\n\n\n<p><strong>Secondo, \u00e8 tempo di discutere seriamente di un pi\u00f9 stretto coordinamento della politica di bilancio degli Stati membri dell\u2019eurozona. <\/strong>Finch\u00e9 la politica di bilancio rimane decentralizzata, c&#8217;\u00e8 il rischio che l\u2019assenza di un coordinamento eserciti una pressione indebita sull&#8217;unica politica centralizzata a livello dell\u2019area dell\u2019euro, ovvero la politica monetaria. Dopo un passo falso iniziale (la gaffe di Christine Lagarde che in marzo 2020 disse &#8220;non siamo qui per ridurre lo spread&#8221;), la pandemia ha coinciso con un\u2019evoluzione della Banca Centrale Europea, che ha iniziato ad agire in maniera decisamente pi\u00f9 reattiva alle deviazioni nei costi di finanziamento di singoli paesi. Ci\u00f2 nel fatto che la composizione geografica degli acquisti di titoli sovrani nel contesto del Programma di acquisto per l\u2019emergenza pandemica (PEPP) si `e significativamente discostata dalla regola della \u2018capital key\u2019 \u2013 ovvero la subordinazione degli acquisti di titoli dei Paesi Euro alla quota per cui ciascun Paese `e responsabile nella sottoscrizione del capitale della BCE. ). Nella primavera del 2020, gli acquisti di titoli di Stato italiani da parte della BCE sono infatti stati superiori di circa il 30% rispetto alla quota \u2018teorica\u2019 che sarebbe stata coerente con una rigida applicazione della capital key.<\/p>\n\n\n\n<p>Nel corso dell\u2019anno questi squilibri sono stati riassorbiti, ma la flessibilit\u00e0 inaugurata con il PEPP dovrebbe rimanere uno strumento a disposizione della BCE anche dopo la pandemia. Tuttavia, la BCE \u2013 oltre a dover affrontare dispute giudiziarie riguardo alla legalit`a dei suoi programmi di acquisto di titoli di Stato \u2013 rischia di vedere la sua capacit\u00e0 di stabilizzare i costi di finanziamento limitata da un problema di coordinamento pi\u00f9 &#8220;meccanico&#8221;. Se i paesi (auto-definitesi) &#8221; frugali&#8221; dovessero tornare al loro trend di spesa prepandemico, infatti, diventerebbe difficile per la BCE fare roll-over del debito pubblico in scadenza sul proprio bilancio senza saturare quasi completamente dal mercato i titoli di Stato di quest alcuni paesi dell&#8217;area dell\u2019euro (Figura 2). Di conseguenza, il risanamento dei conti pubblici in alcune parti dell\u2019Unione rischierebbe di avere spillover trasnfrontalieri negativi amplificati dal simultaneo effetto vincolante che eserciterebbe sulla politica monetaria.<\/p>\n\n\n\n<p>Per ridurre questo rischio, la riforma del quadro di bilancio dell&#8217;Unione dovrebbe includere un focus molto pi\u00f9 forte e formalizzato sulla posizione fiscale dell\u2019intera area e tenere conto del fatto che un risanamento dei conti pubblici troppo rapido al &#8220;Nord&#8221; potrebbe rendere pi\u00f9 difficile l\u2019aggiustamento al &#8220;Sud&#8221;<a href=\"#_ftn1\">[1]<\/a>. Una regola di politica di bilancio semplice e commisurata al ciclo economico, come quella proposta recentemente da Angel Ubide<a href=\"#_ftn2\">[2]<\/a>, potrebbe essere una buona soluzione per raggiungere un equilibrio tra sostegno alla crescita e inflazione e al contempo assicurare la sostenibilit\u00e0 del debito in tutta l&#8217;Unione indipendentemente dallo stato dell\u2019economia. A ci\u00f2 si dovrebbe associare una maggiore e pi\u00f9 esplicita attenzione alla qualit\u00e0 della spesa pubblica, che al momento trova poco spazio nell&#8217;applicazione del PSC \u2013 a probabilmente perch\u00e9 determinerebbe un aumento della discrezionalit\u00e0 e del potere della Commissione nel contesto dell\u2019analisi dei bilanci pubblici. Sarebbe inoltre utile riprendere in mano la discussione \u2013 iniziata nel 2018 sulla scia della dichiarazione franco-tedesca di Meseberg ma abortita gi`a prima della pandemia \u2013 sulla creazione di una funzione di stabilizzazione anticiclica per l\u2019UEM. La politica di coesione dell&#8217;UE ha infatti svolto un ruolo di stabilizzazione indiretto durante la crisi dell\u2019area dell\u2019euro<a href=\"#_ftn3\">[3]<\/a>, ma non ha un esplicito mandato anticiclico ed \u00e8, per sua stessa costituzione, male equipaggiata per svolgere tale funzione.<\/p>\n\n\n\n<figure class=\"wp-block-image size-full\"><img loading=\"lazy\" decoding=\"async\" width=\"1014\" height=\"689\" src=\"https:\/\/www.algebris.com\/wp-content\/uploads\/aspenia2-ita.jpg\" alt=\"\" class=\"wp-image-11154\" srcset=\"https:\/\/media.algebris.com\/content\/aspenia2-ita.jpg 1014w, https:\/\/media.algebris.com\/content\/aspenia2-ita-500x340.jpg 500w, https:\/\/media.algebris.com\/content\/aspenia2-ita-768x522.jpg 768w\" sizes=\"auto, (max-width: 1014px) 100vw, 1014px\" \/><\/figure>\n\n\n\n<p><strong>Terzo, il programma <em>Next Generation EU<\/em> dovrebbe essere reso permanente e trasformato in uno strumento di bilancio federale dedicato agli investimenti strategici dell\u2019Unione.<\/strong> L&#8217;iniziativa svolge chiaramente anche una funzione di stabilizzazione dell\u2019investimento pubblico nel ciclo economico, ma la ragione per cui <em>Next Generation EU<\/em> dovrebbe essere reso permanente non va ritrovata nelle sue propriet\u00e0 anticicliche \u2013 \u00a0che sarebbero espresse meglio dai cambiamenti illustrati al punto precedente. L\u2019iniziativa dovrebbe invece essere trasformata in uno strumento di spesa federale a tutti gli effetti, dedicato a finanziare la spesa per priorit\u00e0 strategiche a livello UE (che comprendono ma non si limitano ai cambiamenti climatici).<\/p>\n\n\n\n<p>La ragione per dotarsi di uno strumento di investimento strategico a livello europeo e finanziato dall&#8217;UE non potrebbe essere pi\u00f9 chiara, dopo la pandemia. Il mondo sta diventando pi\u00f9 complesso \u2013 come appare evidente dalla mutevole geopolitica degli scambi commerciali \u2013 e, malgrado la grande enfasi posta sull&#8217;obiettivo di raggiungere l&#8217;autonomia strategica, l&#8217;UE non \u00e8 ancora attrezzata per affrontare questo cambiamento. Nell\u2019ambito dell\u2019aggiornamento della strategia industriale dell&#8217;Unione, la Commissione europea ha rivisto la lista dei Progetti importanti di comune interesse europeo (IPCEI) &#8211; la spina dorsale di quella che dovrebbe diventare una pi\u00f9 organica politica industriale europea. L&#8217;investimento coordinato negli IPCEI sar\u00e0 fondamentale per la resilienza dell&#8217;UE in un ambiente geopolitico sempre pi\u00f9 complesso nel quale la globalizzazione potrebbe diventare un elemento meno scontato. E tuttavia, la spesa destinata agli IPCEI all\u2019interno dei Piani nazionali di ripresa e resilienza (PNRR) del <em>Next Generation EU<\/em> \u00e8 piuttosto limitata, cosa che non sorprende, dato che la dimensione transfrontaliera non era un punto focale dell\u2019iniziativa.<\/p>\n\n\n\n<p><em>Next Generation EU<\/em> potrebbe essere trasformato in uno strumento per finanziare in futuro pi\u00f9 investimenti in questa direzione. Per ottenere ci\u00f2, il fondo dovrebbe per`o essere riportato allo spirito della proposta originale della Commissione, che aveva immaginato di usarlo per finanziare non solo progetti a livello nazionale ma anche verui e propri beni pubblici a livello europeo (come il programma Horizon, o lo strumento di solvibilit`a comuniario). Questa nuova versione di <em>Next Generation EU<\/em> dovrebbe continuare ad essere finanziata attraverso l\u2019emissione di titoli UE, ma sulla base di un accordo che deleghi nuove risorse proprie al livello centrale, per ripagare questo debito. Alla luce di questi aspetti, sarebbe infine logico che questo debito \u2013 emesso dall&#8217;UE, ripagato con risorse proprie UE, e contratto nel perseguimento di priorit\u00e0 strategiche comuni come la lotta ai cambiamenti climatici o una politica industriale resiliente \u2013 fosse considerato a tutti gli effetti debito dell\u2019Unione (comune e mutualizzato).<\/p>\n\n\n\n<figure class=\"wp-block-image size-full\"><img loading=\"lazy\" decoding=\"async\" width=\"1014\" height=\"523\" src=\"https:\/\/www.algebris.com\/wp-content\/uploads\/aspenia3-ita.jpg\" alt=\"\" class=\"wp-image-11155\" srcset=\"https:\/\/media.algebris.com\/content\/aspenia3-ita.jpg 1014w, https:\/\/media.algebris.com\/content\/aspenia3-ita-500x258.jpg 500w, https:\/\/media.algebris.com\/content\/aspenia3-ita-768x396.jpg 768w\" sizes=\"auto, (max-width: 1014px) 100vw, 1014px\" \/><\/figure>\n\n\n\n<p><strong>Dalla solidariet\u00e0 alle riforme strutturali di bilancio<\/strong><\/p>\n\n\n\n<p>Oggi c\u2019\u00e8 un ampio consenso sulla necessit\u00e0 di una riforma del quadro di bilancio dell&#8217;UE ma non si \u00e8 ancora raggiunto un accordo su come cambiarlo. La causa principale di questo disaccordo \u00e8 da trovarsi in una diversa percezione della necessit\u00e0 e delle modalit\u00e0 della solidariet\u00e0 europea. I paesi che sono stati colpiti duramente dalla crisi dell\u2019euro e hanno subito un decennio di aggiustamenti macroeconomici dolorosi e politicamente impegnativi, chiedono una riforma della governance macroeconomica e del quadro di bilancio che sia basata su una maggiore condivisione dei rischi. I paesi &#8220;frugali&#8221;, i cui modelli economici sono usciti indenni dalla crisi ma la cui buona volont\u00e0 politica \u00e8 stata erosa dall\u2019insofferenza interna per i continui salvataggi di altri paesi in difficolt`a, sono invece a favore di una riforma basata sulla riduzione del rischio e sul disimpegno.<\/p>\n\n\n\n<p>La pandemia ha rimescolato le carte in tavola. Trattandosi di uno shock simmetrico completamente esogeno rispetto alle scelte di politica economica, la pandemia fin dall\u2019inizio appariva come l\u2019occasione perfetta per mettere in campo un\u2019iniziativa di solidariet\u00e0 europea al fine di evitare una nuova ondata di divergenze macroeconomiche fra paesi con condizioni macroeconomiche preesistenti diverse. Inaspettatamente per molti, l&#8217;Europa ha raccolto la sfida e ha deciso che di fronte a una catastrofe comune era necessario agire insoeme per salvare l&#8217;integrazione. Ora \u00e8 il momento di costruire su questo atto di coraggio per garantire che l&#8217;integrazione possa prosperare in maniera sostenibile anche nel futuro sempre pi\u00f9 complesso che ci aspetta.<\/p>\n\n\n\n<hr class=\"wp-block-separator\"\/>\n\n\n\n<p><a href=\"#_ftnref1\">[1]<\/a> Jean Pisani-Ferry e Silvia Merler, <em>The simple macroeconomics of North and South in EMU<\/em>, bruegel.org, 30 luglio 2012.<\/p>\n\n\n\n<p><a href=\"#_ftnref2\">[2]<\/a> \u00c1ngel Ubide, <em>An all-weather economic policy framework for the euro area<\/em>, VoxEU.org, 8 ottobre 2021.<\/p>\n\n\n\n<p><a href=\"#_ftnref3\">[3]<\/a> Silvia Merler e Bruegel, <em>Income convergence during the crisis: did EU funds provide a buffer?<\/em>, bruegel.org, 10 novembre 2016.<\/p>\n\n\n\n<hr class=\"wp-block-separator\"\/>\n\n\n\n<p><strong>Silvia MERLER <\/strong>&#8211; <em>Head of ESG and Policy Research, Algebris Investments<\/em><\/p>\n\n\n\n<p><em><em>Si ringrazia Antonio Focella per l&#8217;eccellente assistenza nella ricerca alla base di questo pezzo.<\/em><\/em><\/p>\n\n\n\n<hr class=\"wp-block-separator\"\/>\n\n\n\n<p><em>Questo documento \u00e8 emesso da Algebris Investments (Ireland) Limited. \u00c8 solo per la circolazione privata. Le informazioni contenute in questo documento sono strettamente confidenziali e sono ad uso esclusivo della persona a cui sono inviate. Le informazioni contenute nel presente documento non possono essere riprodotte, distribuite o pubblicate da alcun destinatario per qualsiasi scopo senza il preventivo consenso scritto di Algebris Investments (Ireland) Limited.<\/em><\/p>\n\n\n\n<p><em>Algebris Investments (Ireland) Limited \u00e8 autorizzata e regolamentata dalla banca centrale d\u2019Irlanda. Le informazioni e le opinioni contenute nel presente documento hanno solo scopo informativo, non hanno la pretesa di essere complete o complete e non costituiscono una consulenza in materia di investimenti. Con il presente documento Algebris Investments (Ireland) Limited non organizza o accetta di organizzare alcuna transazione in qualsiasi tipo di investimento, n\u00e9 intraprende alcuna attivit\u00e0 che richieda l\u2019autorizzazione ai sensi del Financial Services and Markets Act 2000. Il presente documento non costituisce n\u00e9 fa parte di alcuna offerta di emissione o vendita, n\u00e9 alcuna sollecitazione di un\u2019offerta di sottoscrizione o acquisto, o alcun investimento, inoltre il fatto della sua distribuzione non costituir\u00e0 la base (o sar\u00e0 invocato in relazione a) qualsiasi contratto.<\/em><\/p>\n\n\n\n<p><em>Non si pu\u00f2 fare affidamento, per nessun motivo, sulle informazioni e sulle opinioni contenute nel presente documento, n\u00e9 sulla loro accuratezza o completezza. Nessuna dichiarazione, garanzia o impegno, esplicito o implicito, viene data in merito all\u2019accuratezza o alla completezza delle informazioni o delle opinioni contenute in questo documento da parte di Algebris Investments (Ireland) Limited , dei suoi direttori, dipendenti o affiliati e nessuna responsabilit\u00e0 viene accettata da tali persone per l\u2019accuratezza o la completezza di tali informazioni o opinioni.<\/em><\/p>\n\n\n\n<p><em>La distribuzione di questo documento pu\u00f2 essere limitata in alcune giurisdizioni. Le informazioni di cui sopra sono solo a titolo di guida generale ed \u00e8 responsabilit\u00e0 di ogni persona o persone in possesso di questo documento informarsi e osservare tutte le leggi e i regolamenti applicabili di qualsiasi giurisdizione pertinente. Il presente documento \u00e8 destinato esclusivamente alla circolazione privata per gli investitori professionali.<\/em><\/p>\n\n\n\n<p><em>\u00a9 2021 Algebris Investments (Ireland) Limited. Tutti i diritti riservati.<\/em><\/p>\n","protected":false},"excerpt":{"rendered":"<p>Poche questioni sono state tanto polarizzanti, in Europa, come quella relativa alla necessit\u00e0 e alle modalit\u00e0 di riforma del troppo complesso quadro di bilancio dell&#8217;Unione Europea. Questo dossier, strettamente connesso a una discussione che dura ormai da un decennio sulla riforma della governance macroeconomica dell&#8217;area dell\u2019euro, ha acquisito maggiore rilevanza dopo lo shock economico senza [&hellip;]<\/p>\n","protected":false},"author":7,"featured_media":11148,"comment_status":"closed","ping_status":"closed","sticky":false,"template":"","format":"standard","meta":{"_acf_changed":false,"footnotes":""},"categories":[130],"tags":[188],"asset-class":[],"algebris-themes":[],"class_list":["post-11150","post","type-post","status-publish","format-standard","has-post-thumbnail","hentry","category-market-views-it","tag-insights-it"],"acf":[],"yoast_head":"<!-- This site is optimized with the Yoast SEO plugin v27.1.1 - https:\/\/yoast.com\/product\/yoast-seo-wordpress\/ -->\n<title>Il bilancio dell&#039;Unione Europea: tre proposte di cambiamento strutturale - Algebris Investments<\/title>\n<meta name=\"robots\" content=\"index, follow, max-snippet:-1, max-image-preview:large, max-video-preview:-1\" \/>\n<link rel=\"canonical\" href=\"https:\/\/www.algebris.com\/it\/market-views-it\/il-bilancio-dellunione-europea-tre-proposte-di-cambiamento-strutturale\/\" \/>\n<meta property=\"og:locale\" content=\"it_IT\" \/>\n<meta property=\"og:type\" content=\"article\" \/>\n<meta property=\"og:title\" content=\"Il bilancio dell&#039;Unione Europea: tre proposte di cambiamento strutturale - Algebris Investments\" \/>\n<meta property=\"og:description\" content=\"Poche questioni sono state tanto polarizzanti, in Europa, come quella relativa alla necessit\u00e0 e alle modalit\u00e0 di riforma del troppo complesso quadro di bilancio dell&#8217;Unione Europea. Questo dossier, strettamente connesso a una discussione che dura ormai da un decennio sulla riforma della governance macroeconomica dell&#8217;area dell\u2019euro, ha acquisito maggiore rilevanza dopo lo shock economico senza [&hellip;]\" \/>\n<meta property=\"og:url\" content=\"https:\/\/www.algebris.com\/it\/market-views-it\/il-bilancio-dellunione-europea-tre-proposte-di-cambiamento-strutturale\/\" \/>\n<meta property=\"og:site_name\" content=\"Algebris Investments\" \/>\n<meta property=\"article:published_time\" content=\"2021-12-21T09:45:55+00:00\" \/>\n<meta property=\"article:modified_time\" content=\"2022-03-11T15:41:14+00:00\" \/>\n<meta property=\"og:image\" content=\"https:\/\/media.algebris.com\/content\/AdobeStock_319452445-web.jpg\" \/>\n\t<meta property=\"og:image:width\" content=\"1400\" \/>\n\t<meta property=\"og:image:height\" content=\"934\" \/>\n\t<meta property=\"og:image:type\" content=\"image\/jpeg\" \/>\n<meta name=\"author\" content=\"Andrea Molteni\" \/>\n<meta name=\"twitter:card\" content=\"summary_large_image\" \/>\n<meta name=\"twitter:label1\" content=\"Written by\" \/>\n\t<meta name=\"twitter:data1\" content=\"Andrea Molteni\" \/>\n\t<meta name=\"twitter:label2\" content=\"Est. reading time\" \/>\n\t<meta name=\"twitter:data2\" content=\"12 minutes\" \/>\n<script type=\"application\/ld+json\" class=\"yoast-schema-graph\">{\"@context\":\"https:\/\/schema.org\",\"@graph\":[{\"@type\":\"Article\",\"@id\":\"https:\/\/www.algebris.com\/it\/market-views-it\/il-bilancio-dellunione-europea-tre-proposte-di-cambiamento-strutturale\/#article\",\"isPartOf\":{\"@id\":\"https:\/\/www.algebris.com\/it\/market-views-it\/il-bilancio-dellunione-europea-tre-proposte-di-cambiamento-strutturale\/\"},\"author\":{\"name\":\"Andrea Molteni\",\"@id\":\"https:\/\/www.algebris.com\/it\/#\/schema\/person\/4b3d11dd0f7d6e3130de26cc9436a0bc\"},\"headline\":\"Il bilancio dell&#8217;Unione Europea: tre proposte di cambiamento strutturale\",\"datePublished\":\"2021-12-21T09:45:55+00:00\",\"dateModified\":\"2022-03-11T15:41:14+00:00\",\"mainEntityOfPage\":{\"@id\":\"https:\/\/www.algebris.com\/it\/market-views-it\/il-bilancio-dellunione-europea-tre-proposte-di-cambiamento-strutturale\/\"},\"wordCount\":2626,\"publisher\":{\"@id\":\"https:\/\/www.algebris.com\/it\/#organization\"},\"image\":{\"@id\":\"https:\/\/www.algebris.com\/it\/market-views-it\/il-bilancio-dellunione-europea-tre-proposte-di-cambiamento-strutturale\/#primaryimage\"},\"thumbnailUrl\":\"https:\/\/media.algebris.com\/content\/AdobeStock_319452445-web.jpg\",\"keywords\":[\"Insights\"],\"articleSection\":[\"Market Views\"],\"inLanguage\":\"it-IT\"},{\"@type\":\"WebPage\",\"@id\":\"https:\/\/www.algebris.com\/it\/market-views-it\/il-bilancio-dellunione-europea-tre-proposte-di-cambiamento-strutturale\/\",\"url\":\"https:\/\/www.algebris.com\/it\/market-views-it\/il-bilancio-dellunione-europea-tre-proposte-di-cambiamento-strutturale\/\",\"name\":\"Il bilancio dell'Unione Europea: tre proposte di cambiamento strutturale - Algebris Investments\",\"isPartOf\":{\"@id\":\"https:\/\/www.algebris.com\/it\/#website\"},\"primaryImageOfPage\":{\"@id\":\"https:\/\/www.algebris.com\/it\/market-views-it\/il-bilancio-dellunione-europea-tre-proposte-di-cambiamento-strutturale\/#primaryimage\"},\"image\":{\"@id\":\"https:\/\/www.algebris.com\/it\/market-views-it\/il-bilancio-dellunione-europea-tre-proposte-di-cambiamento-strutturale\/#primaryimage\"},\"thumbnailUrl\":\"https:\/\/media.algebris.com\/content\/AdobeStock_319452445-web.jpg\",\"datePublished\":\"2021-12-21T09:45:55+00:00\",\"dateModified\":\"2022-03-11T15:41:14+00:00\",\"breadcrumb\":{\"@id\":\"https:\/\/www.algebris.com\/it\/market-views-it\/il-bilancio-dellunione-europea-tre-proposte-di-cambiamento-strutturale\/#breadcrumb\"},\"inLanguage\":\"it-IT\",\"potentialAction\":[{\"@type\":\"ReadAction\",\"target\":[\"https:\/\/www.algebris.com\/it\/market-views-it\/il-bilancio-dellunione-europea-tre-proposte-di-cambiamento-strutturale\/\"]}]},{\"@type\":\"ImageObject\",\"inLanguage\":\"it-IT\",\"@id\":\"https:\/\/www.algebris.com\/it\/market-views-it\/il-bilancio-dellunione-europea-tre-proposte-di-cambiamento-strutturale\/#primaryimage\",\"url\":\"https:\/\/media.algebris.com\/content\/AdobeStock_319452445-web.jpg\",\"contentUrl\":\"https:\/\/media.algebris.com\/content\/AdobeStock_319452445-web.jpg\",\"width\":1400,\"height\":934},{\"@type\":\"BreadcrumbList\",\"@id\":\"https:\/\/www.algebris.com\/it\/market-views-it\/il-bilancio-dellunione-europea-tre-proposte-di-cambiamento-strutturale\/#breadcrumb\",\"itemListElement\":[{\"@type\":\"ListItem\",\"position\":1,\"name\":\"Home\",\"item\":\"https:\/\/www.algebris.com\/it\/\"},{\"@type\":\"ListItem\",\"position\":2,\"name\":\"Market Views\",\"item\":\"https:\/\/www.algebris.com\/it\/category\/market-views-it\/\"},{\"@type\":\"ListItem\",\"position\":3,\"name\":\"Il bilancio dell&#8217;Unione Europea: tre proposte di cambiamento strutturale\"}]},{\"@type\":\"WebSite\",\"@id\":\"https:\/\/www.algebris.com\/it\/#website\",\"url\":\"https:\/\/www.algebris.com\/it\/\",\"name\":\"Algebris Investments\",\"description\":\"\",\"publisher\":{\"@id\":\"https:\/\/www.algebris.com\/it\/#organization\"},\"potentialAction\":[{\"@type\":\"SearchAction\",\"target\":{\"@type\":\"EntryPoint\",\"urlTemplate\":\"https:\/\/www.algebris.com\/it\/?s={search_term_string}\"},\"query-input\":{\"@type\":\"PropertyValueSpecification\",\"valueRequired\":true,\"valueName\":\"search_term_string\"}}],\"inLanguage\":\"it-IT\"},{\"@type\":\"Organization\",\"@id\":\"https:\/\/www.algebris.com\/it\/#organization\",\"name\":\"Algebris Investments\",\"url\":\"https:\/\/www.algebris.com\/it\/\",\"logo\":{\"@type\":\"ImageObject\",\"inLanguage\":\"it-IT\",\"@id\":\"https:\/\/www.algebris.com\/it\/#\/schema\/logo\/image\/\",\"url\":\"https:\/\/media.algebris.com\/content\/cropped-logo1.png\",\"contentUrl\":\"https:\/\/media.algebris.com\/content\/cropped-logo1.png\",\"width\":250,\"height\":78,\"caption\":\"Algebris Investments\"},\"image\":{\"@id\":\"https:\/\/www.algebris.com\/it\/#\/schema\/logo\/image\/\"},\"sameAs\":[\"https:\/\/www.linkedin.com\/company\/algebris-investments\/about\/\",\"https:\/\/www.youtube.com\/channel\/UC_MiRdysidJhtSWRVxtH-3g\/featured\"]},{\"@type\":\"Person\",\"@id\":\"https:\/\/www.algebris.com\/it\/#\/schema\/person\/4b3d11dd0f7d6e3130de26cc9436a0bc\",\"name\":\"Andrea Molteni\",\"image\":{\"@type\":\"ImageObject\",\"inLanguage\":\"it-IT\",\"@id\":\"https:\/\/www.algebris.com\/it\/#\/schema\/person\/image\/\",\"url\":\"https:\/\/secure.gravatar.com\/avatar\/62e54ff4a2115d90cc8d67b085990ae2b90fd1fdc412c647e1d63cd03fde6493?s=96&d=mm&r=g\",\"contentUrl\":\"https:\/\/secure.gravatar.com\/avatar\/62e54ff4a2115d90cc8d67b085990ae2b90fd1fdc412c647e1d63cd03fde6493?s=96&d=mm&r=g\",\"caption\":\"Andrea Molteni\"}}]}<\/script>\n<!-- \/ Yoast SEO plugin. -->","yoast_head_json":{"title":"Il bilancio dell'Unione Europea: tre proposte di cambiamento strutturale - Algebris Investments","robots":{"index":"index","follow":"follow","max-snippet":"max-snippet:-1","max-image-preview":"max-image-preview:large","max-video-preview":"max-video-preview:-1"},"canonical":"https:\/\/www.algebris.com\/it\/market-views-it\/il-bilancio-dellunione-europea-tre-proposte-di-cambiamento-strutturale\/","og_locale":"it_IT","og_type":"article","og_title":"Il bilancio dell'Unione Europea: tre proposte di cambiamento strutturale - Algebris Investments","og_description":"Poche questioni sono state tanto polarizzanti, in Europa, come quella relativa alla necessit\u00e0 e alle modalit\u00e0 di riforma del troppo complesso quadro di bilancio dell&#8217;Unione Europea. Questo dossier, strettamente connesso a una discussione che dura ormai da un decennio sulla riforma della governance macroeconomica dell&#8217;area dell\u2019euro, ha acquisito maggiore rilevanza dopo lo shock economico senza [&hellip;]","og_url":"https:\/\/www.algebris.com\/it\/market-views-it\/il-bilancio-dellunione-europea-tre-proposte-di-cambiamento-strutturale\/","og_site_name":"Algebris Investments","article_published_time":"2021-12-21T09:45:55+00:00","article_modified_time":"2022-03-11T15:41:14+00:00","og_image":[{"width":1400,"height":934,"url":"https:\/\/media.algebris.com\/content\/AdobeStock_319452445-web.jpg","type":"image\/jpeg"}],"author":"Andrea Molteni","twitter_card":"summary_large_image","twitter_misc":{"Written by":"Andrea Molteni","Est. reading time":"12 minutes"},"schema":{"@context":"https:\/\/schema.org","@graph":[{"@type":"Article","@id":"https:\/\/www.algebris.com\/it\/market-views-it\/il-bilancio-dellunione-europea-tre-proposte-di-cambiamento-strutturale\/#article","isPartOf":{"@id":"https:\/\/www.algebris.com\/it\/market-views-it\/il-bilancio-dellunione-europea-tre-proposte-di-cambiamento-strutturale\/"},"author":{"name":"Andrea Molteni","@id":"https:\/\/www.algebris.com\/it\/#\/schema\/person\/4b3d11dd0f7d6e3130de26cc9436a0bc"},"headline":"Il bilancio dell&#8217;Unione Europea: tre proposte di cambiamento strutturale","datePublished":"2021-12-21T09:45:55+00:00","dateModified":"2022-03-11T15:41:14+00:00","mainEntityOfPage":{"@id":"https:\/\/www.algebris.com\/it\/market-views-it\/il-bilancio-dellunione-europea-tre-proposte-di-cambiamento-strutturale\/"},"wordCount":2626,"publisher":{"@id":"https:\/\/www.algebris.com\/it\/#organization"},"image":{"@id":"https:\/\/www.algebris.com\/it\/market-views-it\/il-bilancio-dellunione-europea-tre-proposte-di-cambiamento-strutturale\/#primaryimage"},"thumbnailUrl":"https:\/\/media.algebris.com\/content\/AdobeStock_319452445-web.jpg","keywords":["Insights"],"articleSection":["Market Views"],"inLanguage":"it-IT"},{"@type":"WebPage","@id":"https:\/\/www.algebris.com\/it\/market-views-it\/il-bilancio-dellunione-europea-tre-proposte-di-cambiamento-strutturale\/","url":"https:\/\/www.algebris.com\/it\/market-views-it\/il-bilancio-dellunione-europea-tre-proposte-di-cambiamento-strutturale\/","name":"Il bilancio dell'Unione Europea: tre proposte di cambiamento strutturale - Algebris Investments","isPartOf":{"@id":"https:\/\/www.algebris.com\/it\/#website"},"primaryImageOfPage":{"@id":"https:\/\/www.algebris.com\/it\/market-views-it\/il-bilancio-dellunione-europea-tre-proposte-di-cambiamento-strutturale\/#primaryimage"},"image":{"@id":"https:\/\/www.algebris.com\/it\/market-views-it\/il-bilancio-dellunione-europea-tre-proposte-di-cambiamento-strutturale\/#primaryimage"},"thumbnailUrl":"https:\/\/media.algebris.com\/content\/AdobeStock_319452445-web.jpg","datePublished":"2021-12-21T09:45:55+00:00","dateModified":"2022-03-11T15:41:14+00:00","breadcrumb":{"@id":"https:\/\/www.algebris.com\/it\/market-views-it\/il-bilancio-dellunione-europea-tre-proposte-di-cambiamento-strutturale\/#breadcrumb"},"inLanguage":"it-IT","potentialAction":[{"@type":"ReadAction","target":["https:\/\/www.algebris.com\/it\/market-views-it\/il-bilancio-dellunione-europea-tre-proposte-di-cambiamento-strutturale\/"]}]},{"@type":"ImageObject","inLanguage":"it-IT","@id":"https:\/\/www.algebris.com\/it\/market-views-it\/il-bilancio-dellunione-europea-tre-proposte-di-cambiamento-strutturale\/#primaryimage","url":"https:\/\/media.algebris.com\/content\/AdobeStock_319452445-web.jpg","contentUrl":"https:\/\/media.algebris.com\/content\/AdobeStock_319452445-web.jpg","width":1400,"height":934},{"@type":"BreadcrumbList","@id":"https:\/\/www.algebris.com\/it\/market-views-it\/il-bilancio-dellunione-europea-tre-proposte-di-cambiamento-strutturale\/#breadcrumb","itemListElement":[{"@type":"ListItem","position":1,"name":"Home","item":"https:\/\/www.algebris.com\/it\/"},{"@type":"ListItem","position":2,"name":"Market Views","item":"https:\/\/www.algebris.com\/it\/category\/market-views-it\/"},{"@type":"ListItem","position":3,"name":"Il bilancio dell&#8217;Unione Europea: tre proposte di cambiamento strutturale"}]},{"@type":"WebSite","@id":"https:\/\/www.algebris.com\/it\/#website","url":"https:\/\/www.algebris.com\/it\/","name":"Algebris Investments","description":"","publisher":{"@id":"https:\/\/www.algebris.com\/it\/#organization"},"potentialAction":[{"@type":"SearchAction","target":{"@type":"EntryPoint","urlTemplate":"https:\/\/www.algebris.com\/it\/?s={search_term_string}"},"query-input":{"@type":"PropertyValueSpecification","valueRequired":true,"valueName":"search_term_string"}}],"inLanguage":"it-IT"},{"@type":"Organization","@id":"https:\/\/www.algebris.com\/it\/#organization","name":"Algebris Investments","url":"https:\/\/www.algebris.com\/it\/","logo":{"@type":"ImageObject","inLanguage":"it-IT","@id":"https:\/\/www.algebris.com\/it\/#\/schema\/logo\/image\/","url":"https:\/\/media.algebris.com\/content\/cropped-logo1.png","contentUrl":"https:\/\/media.algebris.com\/content\/cropped-logo1.png","width":250,"height":78,"caption":"Algebris Investments"},"image":{"@id":"https:\/\/www.algebris.com\/it\/#\/schema\/logo\/image\/"},"sameAs":["https:\/\/www.linkedin.com\/company\/algebris-investments\/about\/","https:\/\/www.youtube.com\/channel\/UC_MiRdysidJhtSWRVxtH-3g\/featured"]},{"@type":"Person","@id":"https:\/\/www.algebris.com\/it\/#\/schema\/person\/4b3d11dd0f7d6e3130de26cc9436a0bc","name":"Andrea Molteni","image":{"@type":"ImageObject","inLanguage":"it-IT","@id":"https:\/\/www.algebris.com\/it\/#\/schema\/person\/image\/","url":"https:\/\/secure.gravatar.com\/avatar\/62e54ff4a2115d90cc8d67b085990ae2b90fd1fdc412c647e1d63cd03fde6493?s=96&d=mm&r=g","contentUrl":"https:\/\/secure.gravatar.com\/avatar\/62e54ff4a2115d90cc8d67b085990ae2b90fd1fdc412c647e1d63cd03fde6493?s=96&d=mm&r=g","caption":"Andrea Molteni"}}]}},"_links":{"self":[{"href":"https:\/\/www.algebris.com\/it\/wp-json\/wp\/v2\/posts\/11150","targetHints":{"allow":["GET"]}}],"collection":[{"href":"https:\/\/www.algebris.com\/it\/wp-json\/wp\/v2\/posts"}],"about":[{"href":"https:\/\/www.algebris.com\/it\/wp-json\/wp\/v2\/types\/post"}],"author":[{"embeddable":true,"href":"https:\/\/www.algebris.com\/it\/wp-json\/wp\/v2\/users\/7"}],"replies":[{"embeddable":true,"href":"https:\/\/www.algebris.com\/it\/wp-json\/wp\/v2\/comments?post=11150"}],"version-history":[{"count":4,"href":"https:\/\/www.algebris.com\/it\/wp-json\/wp\/v2\/posts\/11150\/revisions"}],"predecessor-version":[{"id":11159,"href":"https:\/\/www.algebris.com\/it\/wp-json\/wp\/v2\/posts\/11150\/revisions\/11159"}],"wp:featuredmedia":[{"embeddable":true,"href":"https:\/\/www.algebris.com\/it\/wp-json\/wp\/v2\/media\/11148"}],"wp:attachment":[{"href":"https:\/\/www.algebris.com\/it\/wp-json\/wp\/v2\/media?parent=11150"}],"wp:term":[{"taxonomy":"category","embeddable":true,"href":"https:\/\/www.algebris.com\/it\/wp-json\/wp\/v2\/categories?post=11150"},{"taxonomy":"post_tag","embeddable":true,"href":"https:\/\/www.algebris.com\/it\/wp-json\/wp\/v2\/tags?post=11150"},{"taxonomy":"asset-class","embeddable":true,"href":"https:\/\/www.algebris.com\/it\/wp-json\/wp\/v2\/asset-class?post=11150"},{"taxonomy":"algebris-themes","embeddable":true,"href":"https:\/\/www.algebris.com\/it\/wp-json\/wp\/v2\/algebris-themes?post=11150"}],"curies":[{"name":"wp","href":"https:\/\/api.w.org\/{rel}","templated":true}]}}