{"id":17679,"date":"2023-04-28T08:05:30","date_gmt":"2023-04-28T08:05:30","guid":{"rendered":"https:\/\/www.algebris.com\/?p=17679"},"modified":"2023-05-10T07:11:13","modified_gmt":"2023-05-10T07:11:13","slug":"la-riforma-delle-regole-fiscali-dellunione-europea","status":"publish","type":"post","link":"https:\/\/www.algebris.com\/it\/market-views-it\/la-riforma-delle-regole-fiscali-dellunione-europea\/","title":{"rendered":"La riforma delle regole fiscali dell&#8217;Unione europea"},"content":{"rendered":"\n<h3 class=\"wp-block-heading\">Un passo avanti e un&#8217;opportunit\u00e0 mancata<\/h3>\n\n\n\n<div style=\"height:20px\" aria-hidden=\"true\" class=\"wp-block-spacer\"><\/div>\n\n\n\n<p>Il 27 aprile la Commissione europea ha pubblicato la lunga attesa bozza finale per una nuova proposta di fiscal framework dell&#8217;Unione europea. La proposta fa seguito al <a href=\"https:\/\/economy-finance.ec.europa.eu\/system\/files\/2022-11\/com_2022_583_1_en.pdf\">documento<\/a> pubblicato nel novembre dello scorso anno e dovr\u00e0 ora essere sottoposta a ulteriori negoziati. Poich\u00e9 le regole fiscali europee saranno riattivate nel gennaio 2024 (a seguito della sospensione eccezionale del Patto di Stabilit\u00e0 e Crescita (PSC) per soddisfare le esigenze di spesa straordinarie determinate dall&#8217;emergenza Covid-19 e, pi\u00f9 recentemente, dalla guerra in Ucraina) \u00e8 difficile sopravvalutare l&#8217;importanza di questa discussione.<\/p>\n\n\n\n<p>Contrariamente a quanto temevano diversi osservatori, la Commissione non propone modifiche marginali e irrilevanti, bens\u00ec un cambiamento importante nella struttura concettuale del quadro fiscale dell&#8217;Unione europea. Lo spirito della proposta \u00e8 quello di semplificare la parte preventiva del Programma di Stabilit\u00e0 e Crescita e di aumentare la flessibilit\u00e0 strutturale del sistema, rafforzando al contempo il ruolo degli incentivi e l&#8217;efficacia della parte correttiva. Le soglie di riferimento del debito e del deficit del PSC, pari al 60% e al 3% del PIL, vengono mantenute (in parte in ossequio all&#8217;eterna ricerca di evitare ad ogni costo la riapertura del Trattato UE) ma il loro ruolo all&#8217;interno del quadro fiscale verrebbe notevolmente alterato dal nuovo sistema.<\/p>\n\n\n\n<p>La variabile chiave della politica fiscale diviene la \u201cspesa primaria netta\u201d finanziata a livello nazionale, ossia la spesa al netto dei provvedimenti discrezionali sulle entrate, escludendo la spesa per interessi e la spesa per la disoccupazione ciclica. Si tratta di un cambiamento positivo, in quanto rimuove i parametri di riferimento per il saldo strutturale, che sono soggetti a evidenti difetti a causa della loro dipendenza da stime altamente incerte degli <em>output gap<\/em>. Il percorso della spesa netta nel medio termine sar\u00e0 ancorato alla sostenibilit\u00e0 del debito, sebbene quest&#8217;ultima sar\u00e0 valutata caso per caso. Di conseguenza, la regola univoca che prescrive che il debito in eccesso del 60% rispetto al parametro di Maastricht venga tagliato ogni anno di 1\/20 rispetto alla differenza sar\u00e0 sostituita da un percorso dinamico di riduzione del debito che incorpora una valutazione del rischio fiscale. Si tratta di un passo positivo verso un approccio meno dogmatico e pi\u00f9 simile alla gestione del rischio nella valutazione della sostenibilit\u00e0 fiscale.<\/p>\n\n\n\n<p>La controparte della maggiore flessibilit\u00e0 integrata \u00e8 che i piani di bilancio degli Stati membri diverranno pi\u00f9 rigorosi e le sanzioni del ramo correttivo saranno inasprite. I programmi nazionali di bilancio e strutturali a medio termine rivestono un ruolo centrale in questo nuovo quadro, in quanto comprenderanno il percorso di riduzione del debito concordato rispetto al quale saranno ora valutati i risultati di bilancio. La Commissione ha proposto di introdurre relazioni annuali sui progressi compiuti rispetto a tali piani, il che rafforzerebbe l&#8217;applicazione della normativa. Allo stesso tempo, le sanzioni vengono irrigidite: per gli Stati membri con un debito elevato, gli eventuali scostamenti dal percorso concordato comporterebbero di default l&#8217;apertura di una procedura per i disavanzi eccessivi, e uscire dalla PDE diverrebbe pi\u00f9 impegnativo secondo il nuovo quadro proposto.<\/p>\n\n\n\n<p>La clausola di flessibilit\u00e0 del PSC che in passato \u00e8 stata ampiamente utilizzata dalla Commissione per introdurre un margine di manovra in un quadro altrimenti molto rigido, viene mantenuta, ma tale flessibilit\u00e0 aggiuntiva \u00e8 adesso soggetta a requisiti pi\u00f9 severi, coerentemente con il fatto che il nuovo quadro complessivo sar\u00e0 pi\u00f9 flessibile. Gli Stati membri possono ottenere un&#8217;estensione di 3 anni del loro aggiustamento a medio termine se si impegnano a realizzare riforme e investimenti a sostegno delle priorit\u00e0 comuni dell&#8217;UE, tra cui l&#8217;ambiente, il digitale, ma anche la sicurezza e la difesa.<\/p>\n\n\n\n<p>Questo nuovo approccio alla riduzione del debito (con il significativo aumento del potere e del ruolo che conferisce alla Commissione) era destinato ad essere politicamente controverso. A marzo i ministri delle Finanze dell&#8217;UE hanno chiesto alla Commissione di produrre una &#8220;metodologia comune [&#8230;] che sia replicabile, prevedibile e trasparente&#8221; su cui basare la traiettoria di riduzione del debito. Il governo tedesco si \u00e8 spinto oltre, pubblicando un documento informale in cui ha presentato sei proposte \u201cper assicurare una sufficiente riduzione del debito e prevenire il cosiddetto back-loading\u201d. Il ministro delle Finanze tedesco Lindner ha pubblicato un <a href=\"https:\/\/www.ft.com\/content\/8ec1d936-aabb-4f8a-b8db-ed45430888ab\">articolo<\/a> sul Financial Times alla vigilia della pubblicazione della proposta rivista della Commissione, in cui ha difeso strenuamente un approccio basato su regole incentrate sugli obiettivi del 3% e del 60% e ha chiesto che vengano concordati parametri numerici per la riduzione del debito.<\/p>\n\n\n\n<p>La bozza finale della Commissione riprende due delle proposte contenute nel documento informale tedesco in un chiaro sforzo di compromesso. Pur non accogliendo la proposta tedesca di collegare la velocit\u00e0 di riduzione del debito al livello dello stesso e di fissare un nuovo aggiustamento numerico richiesto, la Commissione ha ora chiarito che il rapporto debito\/PIL deve risultare inferiore al termine del piano rispetto agli inizi, mentre la proposta iniziale prevedeva un requisito pi\u00f9 vago, ovvero che il debito fosse &#8220;plausibilmente in calo&#8221;. In secondo luogo, tra i parametri per la definizione della strategia di riduzione del debito per gli Stati membri con un debito pubblico superiore al 60% del PIL o un disavanzo superiore al 3% del PIL, la Commissione sostiene che la crescita della spesa nazionale netta dovrebbe mantenersi in media al di sotto della crescita del prodotto a medio termine nell&#8217;orizzonte del piano. Sebbene sia pi\u00f9 moderata rispetto alla proposta originaria della Germania, questa rischia di essere pro-ciclica, in quanto chiede ai Paesi con un carico di debito pi\u00f9 elevato di ridurre maggiormente la spesa (potenzialmente in grado di favorire la crescita).<\/p>\n\n\n\n<p>\u00c8 ancora prematuro affermare con certezza se questa sar\u00e0 la configurazione definitiva del quadro di bilancio dell&#8217;UE in futuro, e resta aperta la discussione se gli Stati membri siano pronti ad accettare un ruolo pi\u00f9 forte e pi\u00f9 potente per la Commissione. Ma la proposta \u00e8 un buon passo avanti perch\u00e9 supera la logica dei cambiamenti incrementali che ha dominato gli ultimi 10 anni e propone un quadro con una maggiore flessibilit\u00e0 strutturale e un approccio alla gestione del debito maggiormente basato sul rischio. Di contro, le sanzioni diventano pi\u00f9 automatiche, il monitoraggio pi\u00f9 rigoroso e la maggiore flessibilit\u00e0 pu\u00f2 essere ottenuta solo a fronte di un impegno a investire nelle priorit\u00e0 comuni dell&#8217;Unione europea. Pur facendo alcune concessioni alla posizione tedesca (molto pi\u00f9 rigida), l&#8217;ultima bozza evita di ritornare troppo all\u2019approccio pi\u00f9 normativo del passato. Allo stesso tempo, la Commissione europea avrebbe potuto impegnarsi maggiormente per inserire nel quadro di riferimento incentivi strutturali per gli investimenti strategici nei beni pubblici dell&#8217;UE (ad esempio, attraverso una golden rule verde o un meccanismo simile).<br><br>Infine, poich\u00e9 permane incertezza sulla possibilit\u00e0 che l&#8217;iniziativa Next Generation EU, legata alla pandemia da Covid, possa trasformarsi trasformi nel prototipo di una funzione di spesa permanente a livello europeo, questo appare come un&#8217;opportunit\u00e0 mancata.<\/p>\n\n\n\n<p><em>Silvia Merler, Head of ESG &amp; Policy Research (Algebris Investments)<\/em><\/p>\n","protected":false},"excerpt":{"rendered":"<p>Un passo avanti e un&#8217;opportunit\u00e0 mancata Il 27 aprile la Commissione europea ha pubblicato la lunga attesa bozza finale per una nuova proposta di fiscal framework dell&#8217;Unione europea. La proposta fa seguito al documento pubblicato nel novembre dello scorso anno e dovr\u00e0 ora essere sottoposta a ulteriori negoziati. Poich\u00e9 le regole fiscali europee saranno riattivate [&hellip;]<\/p>\n","protected":false},"author":7,"featured_media":17678,"comment_status":"closed","ping_status":"closed","sticky":false,"template":"","format":"standard","meta":{"_acf_changed":false,"footnotes":""},"categories":[130,94,124],"tags":[],"asset-class":[],"algebris-themes":[],"class_list":["post-17679","post","type-post","status-publish","format-standard","has-post-thumbnail","hentry","category-market-views-it","category-esg-policy-research-it","category-podcast-it"],"acf":[],"yoast_head":"<!-- This site is optimized with the Yoast SEO plugin v27.1.1 - https:\/\/yoast.com\/product\/yoast-seo-wordpress\/ -->\n<title>La riforma delle regole fiscali dell&#039;Unione europea - Algebris Investments<\/title>\n<meta name=\"robots\" content=\"index, follow, max-snippet:-1, max-image-preview:large, max-video-preview:-1\" \/>\n<link rel=\"canonical\" href=\"https:\/\/www.algebris.com\/it\/market-views-it\/la-riforma-delle-regole-fiscali-dellunione-europea\/\" \/>\n<meta property=\"og:locale\" content=\"it_IT\" \/>\n<meta property=\"og:type\" content=\"article\" \/>\n<meta property=\"og:title\" content=\"La riforma delle regole fiscali dell&#039;Unione europea - Algebris Investments\" \/>\n<meta property=\"og:description\" content=\"Un passo avanti e un&#8217;opportunit\u00e0 mancata Il 27 aprile la Commissione europea ha pubblicato la lunga attesa bozza finale per una nuova proposta di fiscal framework dell&#8217;Unione europea. La proposta fa seguito al documento pubblicato nel novembre dello scorso anno e dovr\u00e0 ora essere sottoposta a ulteriori negoziati. Poich\u00e9 le regole fiscali europee saranno riattivate [&hellip;]\" \/>\n<meta property=\"og:url\" content=\"https:\/\/www.algebris.com\/it\/market-views-it\/la-riforma-delle-regole-fiscali-dellunione-europea\/\" \/>\n<meta property=\"og:site_name\" content=\"Algebris Investments\" \/>\n<meta property=\"article:published_time\" content=\"2023-04-28T08:05:30+00:00\" \/>\n<meta property=\"article:modified_time\" content=\"2023-05-10T07:11:13+00:00\" \/>\n<meta property=\"og:image\" content=\"https:\/\/media.algebris.com\/content\/AdobeStock_85524517-web.jpg\" \/>\n\t<meta property=\"og:image:width\" content=\"1400\" \/>\n\t<meta property=\"og:image:height\" content=\"933\" \/>\n\t<meta property=\"og:image:type\" content=\"image\/jpeg\" \/>\n<meta name=\"author\" content=\"Andrea Molteni\" \/>\n<meta name=\"twitter:card\" content=\"summary_large_image\" \/>\n<meta name=\"twitter:label1\" content=\"Written by\" \/>\n\t<meta name=\"twitter:data1\" content=\"Andrea Molteni\" \/>\n\t<meta name=\"twitter:label2\" content=\"Est. reading time\" \/>\n\t<meta name=\"twitter:data2\" content=\"5 minutes\" \/>\n<script type=\"application\/ld+json\" class=\"yoast-schema-graph\">{\"@context\":\"https:\/\/schema.org\",\"@graph\":[{\"@type\":\"Article\",\"@id\":\"https:\/\/www.algebris.com\/it\/market-views-it\/la-riforma-delle-regole-fiscali-dellunione-europea\/#article\",\"isPartOf\":{\"@id\":\"https:\/\/www.algebris.com\/it\/market-views-it\/la-riforma-delle-regole-fiscali-dellunione-europea\/\"},\"author\":{\"name\":\"Andrea Molteni\",\"@id\":\"https:\/\/www.algebris.com\/it\/#\/schema\/person\/4b3d11dd0f7d6e3130de26cc9436a0bc\"},\"headline\":\"La riforma delle regole fiscali dell&#8217;Unione europea\",\"datePublished\":\"2023-04-28T08:05:30+00:00\",\"dateModified\":\"2023-05-10T07:11:13+00:00\",\"mainEntityOfPage\":{\"@id\":\"https:\/\/www.algebris.com\/it\/market-views-it\/la-riforma-delle-regole-fiscali-dellunione-europea\/\"},\"wordCount\":1144,\"publisher\":{\"@id\":\"https:\/\/www.algebris.com\/it\/#organization\"},\"image\":{\"@id\":\"https:\/\/www.algebris.com\/it\/market-views-it\/la-riforma-delle-regole-fiscali-dellunione-europea\/#primaryimage\"},\"thumbnailUrl\":\"https:\/\/media.algebris.com\/content\/AdobeStock_85524517-web.jpg\",\"articleSection\":[\"Market Views\",\"ESG &amp; Policy Research\",\"Podcast e video\"],\"inLanguage\":\"it-IT\"},{\"@type\":\"WebPage\",\"@id\":\"https:\/\/www.algebris.com\/it\/market-views-it\/la-riforma-delle-regole-fiscali-dellunione-europea\/\",\"url\":\"https:\/\/www.algebris.com\/it\/market-views-it\/la-riforma-delle-regole-fiscali-dellunione-europea\/\",\"name\":\"La riforma delle regole fiscali dell'Unione europea - Algebris Investments\",\"isPartOf\":{\"@id\":\"https:\/\/www.algebris.com\/it\/#website\"},\"primaryImageOfPage\":{\"@id\":\"https:\/\/www.algebris.com\/it\/market-views-it\/la-riforma-delle-regole-fiscali-dellunione-europea\/#primaryimage\"},\"image\":{\"@id\":\"https:\/\/www.algebris.com\/it\/market-views-it\/la-riforma-delle-regole-fiscali-dellunione-europea\/#primaryimage\"},\"thumbnailUrl\":\"https:\/\/media.algebris.com\/content\/AdobeStock_85524517-web.jpg\",\"datePublished\":\"2023-04-28T08:05:30+00:00\",\"dateModified\":\"2023-05-10T07:11:13+00:00\",\"breadcrumb\":{\"@id\":\"https:\/\/www.algebris.com\/it\/market-views-it\/la-riforma-delle-regole-fiscali-dellunione-europea\/#breadcrumb\"},\"inLanguage\":\"it-IT\",\"potentialAction\":[{\"@type\":\"ReadAction\",\"target\":[\"https:\/\/www.algebris.com\/it\/market-views-it\/la-riforma-delle-regole-fiscali-dellunione-europea\/\"]}]},{\"@type\":\"ImageObject\",\"inLanguage\":\"it-IT\",\"@id\":\"https:\/\/www.algebris.com\/it\/market-views-it\/la-riforma-delle-regole-fiscali-dellunione-europea\/#primaryimage\",\"url\":\"https:\/\/media.algebris.com\/content\/AdobeStock_85524517-web.jpg\",\"contentUrl\":\"https:\/\/media.algebris.com\/content\/AdobeStock_85524517-web.jpg\",\"width\":1400,\"height\":933},{\"@type\":\"BreadcrumbList\",\"@id\":\"https:\/\/www.algebris.com\/it\/market-views-it\/la-riforma-delle-regole-fiscali-dellunione-europea\/#breadcrumb\",\"itemListElement\":[{\"@type\":\"ListItem\",\"position\":1,\"name\":\"Home\",\"item\":\"https:\/\/www.algebris.com\/it\/\"},{\"@type\":\"ListItem\",\"position\":2,\"name\":\"Market Views\",\"item\":\"https:\/\/www.algebris.com\/it\/category\/market-views-it\/\"},{\"@type\":\"ListItem\",\"position\":3,\"name\":\"La riforma delle regole fiscali dell&#8217;Unione europea\"}]},{\"@type\":\"WebSite\",\"@id\":\"https:\/\/www.algebris.com\/it\/#website\",\"url\":\"https:\/\/www.algebris.com\/it\/\",\"name\":\"Algebris Investments\",\"description\":\"\",\"publisher\":{\"@id\":\"https:\/\/www.algebris.com\/it\/#organization\"},\"potentialAction\":[{\"@type\":\"SearchAction\",\"target\":{\"@type\":\"EntryPoint\",\"urlTemplate\":\"https:\/\/www.algebris.com\/it\/?s={search_term_string}\"},\"query-input\":{\"@type\":\"PropertyValueSpecification\",\"valueRequired\":true,\"valueName\":\"search_term_string\"}}],\"inLanguage\":\"it-IT\"},{\"@type\":\"Organization\",\"@id\":\"https:\/\/www.algebris.com\/it\/#organization\",\"name\":\"Algebris Investments\",\"url\":\"https:\/\/www.algebris.com\/it\/\",\"logo\":{\"@type\":\"ImageObject\",\"inLanguage\":\"it-IT\",\"@id\":\"https:\/\/www.algebris.com\/it\/#\/schema\/logo\/image\/\",\"url\":\"https:\/\/media.algebris.com\/content\/cropped-logo1.png\",\"contentUrl\":\"https:\/\/media.algebris.com\/content\/cropped-logo1.png\",\"width\":250,\"height\":78,\"caption\":\"Algebris Investments\"},\"image\":{\"@id\":\"https:\/\/www.algebris.com\/it\/#\/schema\/logo\/image\/\"},\"sameAs\":[\"https:\/\/www.linkedin.com\/company\/algebris-investments\/about\/\",\"https:\/\/www.youtube.com\/channel\/UC_MiRdysidJhtSWRVxtH-3g\/featured\"]},{\"@type\":\"Person\",\"@id\":\"https:\/\/www.algebris.com\/it\/#\/schema\/person\/4b3d11dd0f7d6e3130de26cc9436a0bc\",\"name\":\"Andrea Molteni\",\"image\":{\"@type\":\"ImageObject\",\"inLanguage\":\"it-IT\",\"@id\":\"https:\/\/www.algebris.com\/it\/#\/schema\/person\/image\/\",\"url\":\"https:\/\/secure.gravatar.com\/avatar\/62e54ff4a2115d90cc8d67b085990ae2b90fd1fdc412c647e1d63cd03fde6493?s=96&d=mm&r=g\",\"contentUrl\":\"https:\/\/secure.gravatar.com\/avatar\/62e54ff4a2115d90cc8d67b085990ae2b90fd1fdc412c647e1d63cd03fde6493?s=96&d=mm&r=g\",\"caption\":\"Andrea Molteni\"}}]}<\/script>\n<!-- \/ Yoast SEO plugin. -->","yoast_head_json":{"title":"La riforma delle regole fiscali dell'Unione europea - Algebris Investments","robots":{"index":"index","follow":"follow","max-snippet":"max-snippet:-1","max-image-preview":"max-image-preview:large","max-video-preview":"max-video-preview:-1"},"canonical":"https:\/\/www.algebris.com\/it\/market-views-it\/la-riforma-delle-regole-fiscali-dellunione-europea\/","og_locale":"it_IT","og_type":"article","og_title":"La riforma delle regole fiscali dell'Unione europea - Algebris Investments","og_description":"Un passo avanti e un&#8217;opportunit\u00e0 mancata Il 27 aprile la Commissione europea ha pubblicato la lunga attesa bozza finale per una nuova proposta di fiscal framework dell&#8217;Unione europea. La proposta fa seguito al documento pubblicato nel novembre dello scorso anno e dovr\u00e0 ora essere sottoposta a ulteriori negoziati. Poich\u00e9 le regole fiscali europee saranno riattivate [&hellip;]","og_url":"https:\/\/www.algebris.com\/it\/market-views-it\/la-riforma-delle-regole-fiscali-dellunione-europea\/","og_site_name":"Algebris Investments","article_published_time":"2023-04-28T08:05:30+00:00","article_modified_time":"2023-05-10T07:11:13+00:00","og_image":[{"width":1400,"height":933,"url":"https:\/\/media.algebris.com\/content\/AdobeStock_85524517-web.jpg","type":"image\/jpeg"}],"author":"Andrea Molteni","twitter_card":"summary_large_image","twitter_misc":{"Written by":"Andrea Molteni","Est. reading time":"5 minutes"},"schema":{"@context":"https:\/\/schema.org","@graph":[{"@type":"Article","@id":"https:\/\/www.algebris.com\/it\/market-views-it\/la-riforma-delle-regole-fiscali-dellunione-europea\/#article","isPartOf":{"@id":"https:\/\/www.algebris.com\/it\/market-views-it\/la-riforma-delle-regole-fiscali-dellunione-europea\/"},"author":{"name":"Andrea Molteni","@id":"https:\/\/www.algebris.com\/it\/#\/schema\/person\/4b3d11dd0f7d6e3130de26cc9436a0bc"},"headline":"La riforma delle regole fiscali dell&#8217;Unione europea","datePublished":"2023-04-28T08:05:30+00:00","dateModified":"2023-05-10T07:11:13+00:00","mainEntityOfPage":{"@id":"https:\/\/www.algebris.com\/it\/market-views-it\/la-riforma-delle-regole-fiscali-dellunione-europea\/"},"wordCount":1144,"publisher":{"@id":"https:\/\/www.algebris.com\/it\/#organization"},"image":{"@id":"https:\/\/www.algebris.com\/it\/market-views-it\/la-riforma-delle-regole-fiscali-dellunione-europea\/#primaryimage"},"thumbnailUrl":"https:\/\/media.algebris.com\/content\/AdobeStock_85524517-web.jpg","articleSection":["Market Views","ESG &amp; Policy Research","Podcast e video"],"inLanguage":"it-IT"},{"@type":"WebPage","@id":"https:\/\/www.algebris.com\/it\/market-views-it\/la-riforma-delle-regole-fiscali-dellunione-europea\/","url":"https:\/\/www.algebris.com\/it\/market-views-it\/la-riforma-delle-regole-fiscali-dellunione-europea\/","name":"La riforma delle regole fiscali dell'Unione europea - Algebris Investments","isPartOf":{"@id":"https:\/\/www.algebris.com\/it\/#website"},"primaryImageOfPage":{"@id":"https:\/\/www.algebris.com\/it\/market-views-it\/la-riforma-delle-regole-fiscali-dellunione-europea\/#primaryimage"},"image":{"@id":"https:\/\/www.algebris.com\/it\/market-views-it\/la-riforma-delle-regole-fiscali-dellunione-europea\/#primaryimage"},"thumbnailUrl":"https:\/\/media.algebris.com\/content\/AdobeStock_85524517-web.jpg","datePublished":"2023-04-28T08:05:30+00:00","dateModified":"2023-05-10T07:11:13+00:00","breadcrumb":{"@id":"https:\/\/www.algebris.com\/it\/market-views-it\/la-riforma-delle-regole-fiscali-dellunione-europea\/#breadcrumb"},"inLanguage":"it-IT","potentialAction":[{"@type":"ReadAction","target":["https:\/\/www.algebris.com\/it\/market-views-it\/la-riforma-delle-regole-fiscali-dellunione-europea\/"]}]},{"@type":"ImageObject","inLanguage":"it-IT","@id":"https:\/\/www.algebris.com\/it\/market-views-it\/la-riforma-delle-regole-fiscali-dellunione-europea\/#primaryimage","url":"https:\/\/media.algebris.com\/content\/AdobeStock_85524517-web.jpg","contentUrl":"https:\/\/media.algebris.com\/content\/AdobeStock_85524517-web.jpg","width":1400,"height":933},{"@type":"BreadcrumbList","@id":"https:\/\/www.algebris.com\/it\/market-views-it\/la-riforma-delle-regole-fiscali-dellunione-europea\/#breadcrumb","itemListElement":[{"@type":"ListItem","position":1,"name":"Home","item":"https:\/\/www.algebris.com\/it\/"},{"@type":"ListItem","position":2,"name":"Market Views","item":"https:\/\/www.algebris.com\/it\/category\/market-views-it\/"},{"@type":"ListItem","position":3,"name":"La riforma delle regole fiscali dell&#8217;Unione europea"}]},{"@type":"WebSite","@id":"https:\/\/www.algebris.com\/it\/#website","url":"https:\/\/www.algebris.com\/it\/","name":"Algebris Investments","description":"","publisher":{"@id":"https:\/\/www.algebris.com\/it\/#organization"},"potentialAction":[{"@type":"SearchAction","target":{"@type":"EntryPoint","urlTemplate":"https:\/\/www.algebris.com\/it\/?s={search_term_string}"},"query-input":{"@type":"PropertyValueSpecification","valueRequired":true,"valueName":"search_term_string"}}],"inLanguage":"it-IT"},{"@type":"Organization","@id":"https:\/\/www.algebris.com\/it\/#organization","name":"Algebris Investments","url":"https:\/\/www.algebris.com\/it\/","logo":{"@type":"ImageObject","inLanguage":"it-IT","@id":"https:\/\/www.algebris.com\/it\/#\/schema\/logo\/image\/","url":"https:\/\/media.algebris.com\/content\/cropped-logo1.png","contentUrl":"https:\/\/media.algebris.com\/content\/cropped-logo1.png","width":250,"height":78,"caption":"Algebris Investments"},"image":{"@id":"https:\/\/www.algebris.com\/it\/#\/schema\/logo\/image\/"},"sameAs":["https:\/\/www.linkedin.com\/company\/algebris-investments\/about\/","https:\/\/www.youtube.com\/channel\/UC_MiRdysidJhtSWRVxtH-3g\/featured"]},{"@type":"Person","@id":"https:\/\/www.algebris.com\/it\/#\/schema\/person\/4b3d11dd0f7d6e3130de26cc9436a0bc","name":"Andrea Molteni","image":{"@type":"ImageObject","inLanguage":"it-IT","@id":"https:\/\/www.algebris.com\/it\/#\/schema\/person\/image\/","url":"https:\/\/secure.gravatar.com\/avatar\/62e54ff4a2115d90cc8d67b085990ae2b90fd1fdc412c647e1d63cd03fde6493?s=96&d=mm&r=g","contentUrl":"https:\/\/secure.gravatar.com\/avatar\/62e54ff4a2115d90cc8d67b085990ae2b90fd1fdc412c647e1d63cd03fde6493?s=96&d=mm&r=g","caption":"Andrea Molteni"}}]}},"_links":{"self":[{"href":"https:\/\/www.algebris.com\/it\/wp-json\/wp\/v2\/posts\/17679","targetHints":{"allow":["GET"]}}],"collection":[{"href":"https:\/\/www.algebris.com\/it\/wp-json\/wp\/v2\/posts"}],"about":[{"href":"https:\/\/www.algebris.com\/it\/wp-json\/wp\/v2\/types\/post"}],"author":[{"embeddable":true,"href":"https:\/\/www.algebris.com\/it\/wp-json\/wp\/v2\/users\/7"}],"replies":[{"embeddable":true,"href":"https:\/\/www.algebris.com\/it\/wp-json\/wp\/v2\/comments?post=17679"}],"version-history":[{"count":4,"href":"https:\/\/www.algebris.com\/it\/wp-json\/wp\/v2\/posts\/17679\/revisions"}],"predecessor-version":[{"id":17789,"href":"https:\/\/www.algebris.com\/it\/wp-json\/wp\/v2\/posts\/17679\/revisions\/17789"}],"wp:featuredmedia":[{"embeddable":true,"href":"https:\/\/www.algebris.com\/it\/wp-json\/wp\/v2\/media\/17678"}],"wp:attachment":[{"href":"https:\/\/www.algebris.com\/it\/wp-json\/wp\/v2\/media?parent=17679"}],"wp:term":[{"taxonomy":"category","embeddable":true,"href":"https:\/\/www.algebris.com\/it\/wp-json\/wp\/v2\/categories?post=17679"},{"taxonomy":"post_tag","embeddable":true,"href":"https:\/\/www.algebris.com\/it\/wp-json\/wp\/v2\/tags?post=17679"},{"taxonomy":"asset-class","embeddable":true,"href":"https:\/\/www.algebris.com\/it\/wp-json\/wp\/v2\/asset-class?post=17679"},{"taxonomy":"algebris-themes","embeddable":true,"href":"https:\/\/www.algebris.com\/it\/wp-json\/wp\/v2\/algebris-themes?post=17679"}],"curies":[{"name":"wp","href":"https:\/\/api.w.org\/{rel}","templated":true}]}}