{"id":18728,"date":"2023-09-14T07:57:19","date_gmt":"2023-09-14T07:57:19","guid":{"rendered":"https:\/\/www.algebris.com\/?p=18728"},"modified":"2025-01-03T14:02:12","modified_gmt":"2025-01-03T14:02:12","slug":"italia-occhi-puntati-sulla-nadef","status":"publish","type":"post","link":"https:\/\/www.algebris.com\/it\/esg-policy-research-it\/italia-occhi-puntati-sulla-nadef\/","title":{"rendered":"Italia: occhi puntati sulla NADEF"},"content":{"rendered":"\n<p>Il 27 settembre il governo italiano pubblicher\u00e0 l\u2019aggiornamento annuale del bilancio 2023 (NADEF). Questo includer\u00e0 probabilmente una revisione del disavanzo nominale per il 2023 e forse per gli anni successivi.<\/p>\n\n\n\n<p>Il fabbisogno di cassa dello Stato si \u00e8 <a href=\"https:\/\/www.dt.mef.gov.it\/export\/sites\/sitodt\/modules\/documenti_it\/debito_pubblico\/programma_trimestrale_emissione\/Programma-Trimestrale-di-Emissione-e-quadro-macro-III-Trimestre-2023.pdf\">attestato<\/a> a 81,8 miliardi di euro per i primi 5 mesi del 2023, quasi 46 miliardi di euro in pi\u00f9 rispetto allo stesso periodo dello scorso anno. Questo indicatore segue un criterio di cassa, ed \u00e8 spesso utilizzato come proxy ristretto del disavanzo pubblico. La dinamica della cassa pu\u00f2 discostarsi significativamente dal deficit calcolato su una base di competenza; quindi, la debolezza dei primi 5 mesi dell\u2019anno potrebbe non tradursi in una revisione uno a uno del deficit annuale. Il rischio di uno slittamento fiscale non va sottovalutato.<\/p>\n\n\n\n<p>Le nostre stime suggeriscono che il deficit 2023 potrebbe essere rivisto al rialzo di circa 1,5%-2% del PIL, raggiungendo quindi il 6%-6,5% rispetto al 4,5% previsto nel DEF 2023. La concretizzazione di questo rischio dipender\u00e0 da un parere di Eurostat riguardo il trattamento statistico dei crediti d&#8217;imposta derivanti dal Superbonus 110% per quanto riguarda l\u2019anno 2023, e dal potenziale ritardo nell&#8217;erogazione della quarta rata dei fondi Next Generation EU.<\/p>\n\n\n\n<p>Inoltre, i rischi macroeconomici puntano al ribasso, e l\u2019effetto della revisione nella struttura del Superbonus 110% &#8211; che ha trainato la crescita del PIL italiano per gli ultimi due anni \u2013 inizieranno a farsi sentire pi\u00f9 marcatamente dal prossimo anno. Le ultime previsioni dalla Commissione UE hanno rivisto il tasso di crescita del PIL italiano a 0.8% per il 2024, molto al di sotto dell\u20191.5% previsto dal governo l\u2019anno scorso.<\/p>\n\n\n\n<p>Dopo l\u2019aumento imponente verificatosi durante il COVID, il rapporto debito-PIL si \u00e8 ridotto sensibilmente negli ultimi due anni. Ci\u00f2 \u00e8 stato possibile grazie alla combinazione di tassi eccezionalmente alti di crescita e inflazione. In uno scenario macroeconomico pi\u00f9 \u2018normale\u2019, per\u00f2, il sentiero di riduzione del debito risulta sensibile a variazioni anche contenute nelle assunzioni di crescita, inflazione e saldo primario.<\/p>\n\n\n\n<p>Una revisione al rialzo del deficit 2023 dovuta al riconoscimento dei crediti d\u2019imposta non per forza si tradurr\u00e0 in una equivalente aumento delle necessit\u00e0 di cassa per il 2023, in quanto l\u2019impatto sulla cassa si materializzer\u00e0 solo (e se) i detentori dei crediti d\u2019imposta effettueranno richiesta di rivalsa. In quel caso, i crediti si tradurrebbero in minori entrate per lo stato, introducendo un fattore di incertezza nel profilo di cassa per i prossimi anni.<\/p>\n\n\n\n<p>Una revisione al rialzo dell\u2019indebitamento previsto nel DEF per il 2023 complicherebbe l\u2019outlook in vista della riattivazione del Patto di Stabilit\u00e0 e Crescita (la cui forma finale \u00e8 anche ancora da definirsi) e ridurrebbe lo spazio di manovra per misure discrezionali nel 2024, con il rischio che emergano tensioni nella maggioranza di governo in vista delle elezioni europee.<\/p>\n\n\n\n<div style=\"height:20px\" aria-hidden=\"true\" class=\"wp-block-spacer\"><\/div>\n\n\n\n<figure class=\"wp-block-image size-large is-style-default\"><img loading=\"lazy\" decoding=\"async\" width=\"1024\" height=\"576\" src=\"https:\/\/www.algebris.com\/wp-content\/uploads\/ItalyFiscalRisk-cover-web-1024x576.jpg\" alt=\"\" class=\"wp-image-18725\" srcset=\"https:\/\/media.algebris.com\/content\/ItalyFiscalRisk-cover-web-1024x576.jpg 1024w, https:\/\/media.algebris.com\/content\/ItalyFiscalRisk-cover-web-500x281.jpg 500w, https:\/\/media.algebris.com\/content\/ItalyFiscalRisk-cover-web-768x432.jpg 768w, https:\/\/media.algebris.com\/content\/ItalyFiscalRisk-cover-web-1536x864.jpg 1536w, https:\/\/media.algebris.com\/content\/ItalyFiscalRisk-cover-web.jpg 1600w\" sizes=\"auto, (max-width: 1024px) 100vw, 1024px\" \/><\/figure>\n\n\n\n<div style=\"height:19px\" aria-hidden=\"true\" class=\"wp-block-spacer\"><\/div>\n\n\n\n<h4 class=\"wp-block-heading\">Rischi macroeconomici: aggiustamento al ribasso.<\/h4>\n\n\n\n<p>Il ministro delle Finanze Giorgetti ha recentemente ribadito la sua aspettativa che l\u2019economia italiana raggiunga l\u2019obiettivo di crescita dell\u20191%, come previsto nel bilancio 2023. Ma intorno a questa proiezione stanno emergendo dei rischi. La stima flash del PIL del secondo trimestre indica un calo dello 0,3% e l\u2019indice PMI composito in agosto \u00e8 rimasto sotto il valore chiave di 50 per il terzo mese consecutivo. L\u2019indagine condotta da ISTAT tra le imprese manifatturiere mostra che il clima rimane negativo e ad agosto si \u00e8 registrato un peggioramento della fiducia dei consumatori. La produzione industriale e le vendite al dettaglio sono diminuite per il quarto trimestre consecutivo. La buona performance di crescita registrata negli ultimi due anni \u00e8 stata fortemente distorta dagli incentivi statali al settore delle costruzioni, ma a seguito dell\u2019entrata in vigore delle modifiche legislative recentemente apportate al Superbonus al 110% l\u2019output del settore edilizio \u00e8 diminuito di circa il 5% in primavera e il PMI del settore rimane in territorio negativo.<\/p>\n\n\n\n<div style=\"height:20px\" aria-hidden=\"true\" class=\"wp-block-spacer\"><\/div>\n\n\n\n<h5 class=\"has-text-align-center wp-block-heading\">Italia &#8211; Valore Aggiunto Lordo a prezzi costanti (2015 = 100)<\/h5>\n\n\n\n<figure class=\"wp-block-image size-full is-style-default\"><img loading=\"lazy\" decoding=\"async\" width=\"1146\" height=\"745\" src=\"https:\/\/www.algebris.com\/wp-content\/uploads\/ItalyFiscalRisk-01-eng.png\" alt=\"\" class=\"wp-image-18720\" srcset=\"https:\/\/media.algebris.com\/content\/ItalyFiscalRisk-01-eng.png 1146w, https:\/\/media.algebris.com\/content\/ItalyFiscalRisk-01-eng-500x325.png 500w, https:\/\/media.algebris.com\/content\/ItalyFiscalRisk-01-eng-1024x666.png 1024w, https:\/\/media.algebris.com\/content\/ItalyFiscalRisk-01-eng-768x499.png 768w\" sizes=\"auto, (max-width: 1146px) 100vw, 1146px\" \/><\/figure>\n\n\n\n<p><strong>L\u2019impatto di una crescita pi\u00f9 debole delle aspettative sul deficit \u00e8 <\/strong><a href=\"https:\/\/www.bloomberg.com\/news\/articles\/2023-09-06\/meloni-faces-worsening-italian-budget-deficit-around-5-for-2023\"><strong>stimato<\/strong><\/a><strong> in ca. 0.5% del PIL<\/strong>. Il deficit per il 2023 raggiungerebbe quindi il 5% quest\u2019anno, ma una sottoperformance della crescita complica anche il percorso futuro di stabilizzazione del debito. Il rapporto debito\/PIL \u00e8 migliorato molto negli ultimi due anni grazie alla crescita nominale eccezionale e all\u2019elevata inflazione. Le proiezioni incluse dal governo nel DEF 2023 vedono una moderazione della crescita del PIL nominale dal 7% nel 2022 al 3% nel 2026. La stessa proiezione prevede una stabilizzazione del rapporto debito\/PIL intorno al 140%, grazie al miglioramento del saldo primario da -3,6% nel 2022 a + 2% nel 2026 e al fatto che i maggiori costi per interessi sarebbero appena coperti dalla crescita nominale.<\/p>\n\n\n\n<p>Le ultime previsioni della Commissione Europea, tuttavia, dipingono un quadro poco ottimista. Si prevede ora che la crescita del PIL reale sia pari allo 0,8% nel 2024 contro l\u20191,5% previsto nel DEF 2023. Una revisione del disavanzo nominale del 2023 al 6%, combinata con una crescita del PIL reale allo 0,8% nel 2024 e una crescita nel 2025 al di sotto delle previsioni, sarebbero sufficienti a mantenere il rapporto debito\/PIL al 144% del PIL \u2013 anche senza ipotizzare ulteriori sforamenti di bilancio negli anni a venire. Se il saldo primario dovesse stabilizzarsi intorno all\u20191,5% (la media del decennio pre-COVID) anzich\u00e9 al 2%, il rapporto debito\/PIL salirebbe al 148% entro il 2030.<\/p>\n\n\n\n<div style=\"height:20px\" aria-hidden=\"true\" class=\"wp-block-spacer\"><\/div>\n\n\n\n<h4 class=\"wp-block-heading\">Impatto sul bilancio dei crediti d\u2019imposta: una grande incognita.<\/h4>\n\n\n\n<p>Recentemente il ministro delle Finanze Giorgetti ha <a href=\"https:\/\/finanza.lastampa.it\/News\/2023\/09\/04\/superbonus-giorgetti-a-pensarci-mi-viene-il-mal-di-pancia\/MTNfMjAyMy0wOS0wNF9UTEI\">affermato<\/a> che il Superbonus 110% gli darebbe \u201cil mal di pancia\u201d. L\u2019impatto effettivo dei crediti d\u2019imposta sul deficit del 2023 dipender\u00e0 in gran parte da Eurostat.<\/p>\n\n\n\n<p>Fino al 2022 i crediti d\u2019imposta derivanti dal Superbonus 110% erano stati riconosciuti dallo Stato come crediti non pagabili. Eurostat ha successivamente richiesto che i crediti relativi agli anni 2020, 2021 e 2022 fossero riclassificati come crediti pagabili \u2013 forzando di fatto lo Stato a riconoscere una voce di spesa pari all\u2019intero importo dei crediti nell\u2019anno in cui viene effettuato l\u2019investimento, anzich\u00e9 spalmarne l\u2019impatto su pi\u00f9 anni attraverso il riconoscimento di minori entrate future. La riclassificazione statistica ha portato a una revisione al rialzo del disavanzo nominale per gli anni 2020, 2021 e 2022. L\u2019effetto sul deficit del 2023 dipender\u00e0 da Eurostat: a seguito di una modifica legislativa che ha recentemente eliminato la trasferibilit\u00e0 dei crediti d\u2019imposta del Superbonus, Eurostat potrebbe permettere al governo italiano di tornare a classificare i crediti come crediti non pagabili.<\/p>\n\n\n\n<p>Se Eurostat non dovesse annullare la sua precedente decisione per\u00f2, il governo dovr\u00e0 riconoscere l\u2019intero importo dei crediti attribuibili al 2023 nel disavanzo nominale di quest\u2019anno. Nel DEF 2023 (a <a href=\"https:\/\/www.dt.mef.gov.it\/export\/sites\/sitodt\/modules\/documenti_it\/analisi_progammazione\/documenti_programmatici\/def_2023\/DEF-2023-Programma-di-Stabilita.pdf\">pagina<\/a> 61), il governo prevedeva che il costo totale per lo Stato dei crediti d\u2019imposta derivanti dal Superbonus avrebbe raggiunto i 67 miliardi di euro. I dati reali mostrano per\u00f2 che questa aspettativa \u00e8 stata gi\u00e0 ampiamente superata: a fine agosto 2023, il costo aveva infatti gi\u00e0 raggiunto i 76 miliardi. Se la crescita continuer\u00e0 alla stessa velocit\u00e0 anche nel quarto trimestre, il conto potrebbe salire a 88 miliardi o pi\u00f9 entro la fine dell\u2019anno.<\/p>\n\n\n\n<p>Assumendo che il governo avesse gi\u00e0 messo a bilancio per il 2023 una voce di spesa per crediti d\u2019imposta pari alla differenza tra il costo totale atteso di 67 miliardi e il totale effettivo raggiunto a fine 2022 (ovvero 51 miliardi), <strong>i numeri discussi nel precedente paragrafo suggeriscono che il governo potrebbe dover riconoscere circa 21 miliardi di euro (circa l\u20191% del PIL) in disavanzo aggiuntivo per il 2023<\/strong>, rispetto a quanto prospettato nel DEF. Un ulteriore slittamento potrebbe derivare da sorprese negative su altri crediti d\u2019imposta, il cui costo fiscale era stato altres\u00ec rivisto al rialzo nel DEF. Il costo totale di tutti i crediti d\u2019imposta attualmente in vigore \u00e8 infatti stimato in oltre 120 miliardi di euro.<\/p>\n\n\n\n<p>Non \u00e8 chiaro quando verr\u00e0 pubblicata la decisione di Eurostat \u2013inizialmente attesa per fine giugno \u2013 sul trattamento statistico dei crediti d\u2019imposta relativi al Superbonus. It is unclear when Eurostat\u2019s decision \u2013 originally expected for end-June \u2013 will be published. \u00c8 importante sottolineare che una revisione al rialzo del deficit 2023 dovuta al riconoscimento dei crediti d\u2019imposta non per forza si tradurr\u00e0 in una equivalente aumento delle necessit\u00e0 di cassa per il 2023, in quanto l\u2019impatto sulla cassa si materializzer\u00e0 solo (e se) i detentori dei crediti d\u2019imposta effettueranno richiesta di rivalsa. In quel caso, i crediti si tradurrebbero in minori entrate per lo stato, introducendo incertezza nel profilo di cassa per i prossimi 5 anni.<\/p>\n\n\n\n<div style=\"height:20px\" aria-hidden=\"true\" class=\"wp-block-spacer\"><\/div>\n\n\n\n<h5 class=\"has-text-align-center wp-block-heading\">The fiscal cost of construction tax credits (EUR bn)<\/h5>\n\n\n\n<figure class=\"wp-block-image size-full is-style-default\"><img loading=\"lazy\" decoding=\"async\" width=\"1153\" height=\"737\" src=\"https:\/\/www.algebris.com\/wp-content\/uploads\/ItalyFiscalRisk-02-eng.png\" alt=\"\" class=\"wp-image-18721\" srcset=\"https:\/\/media.algebris.com\/content\/ItalyFiscalRisk-02-eng.png 1153w, https:\/\/media.algebris.com\/content\/ItalyFiscalRisk-02-eng-500x320.png 500w, https:\/\/media.algebris.com\/content\/ItalyFiscalRisk-02-eng-1024x655.png 1024w, https:\/\/media.algebris.com\/content\/ItalyFiscalRisk-02-eng-768x491.png 768w\" sizes=\"auto, (max-width: 1153px) 100vw, 1153px\" \/><\/figure>\n\n\n\n<div style=\"height:20px\" aria-hidden=\"true\" class=\"wp-block-spacer\"><\/div>\n\n\n\n<h4 class=\"wp-block-heading\">Erogazione fondi UE: ritardi sarebbero un rischio.<\/h4>\n\n\n\n<p>L\u2019erogazione della <strong>terza rata<\/strong> dei fondi richiesti dall\u2019Italia nel contesto del programma Next Generation EU (NGEU) \u2013 del valore di <strong>19 miliardi di euro<\/strong> \u2013 \u00e8 stata congelata dalla Commissione UE all\u2019inizio di quest\u2019anno, ma dovrebbe essere erogata entro la fine del 2023.<\/p>\n\n\n\n<p>Il 30 giugno scadeva per\u00f2 anche il termine per l\u2019implementazione dei target per la <strong>quarta rata<\/strong>, del valore di <strong>16 miliardi<\/strong>. All\u2019inizio di luglio il governo ha avanzato la richiesta di rinegoziare 10 dei 27 obiettivi. L\u2019effetto della quarta rata \u00e8 stato messo dal governo a bilancio per il 2023, ma non sembra inconcepibile che possano everificarsi dei ritardi che facciano slittare l\u2019erogazione al 2024. L\u2019impatto dei fondi NGEU sui conti pubblici \u00e8 limitato alla componente di sovvenziono e ai fondi spesi per finanziare investimenti cosiddetti addizionali. La componente di sovvenzione nella quarta rata ammonta a 8 miliardi di euro. Assumendo che questi fossero tutti destinati a finanziare investimenti addizionali, il governo li avrebbe contabilizzati come minore deficit e <strong>un ritardo nell\u2019esborso implicherebbe quindi una revisione al rialzo del deficit nell\u2019ordine di 8 miliardi di euro (circa lo 0,4% del PIL).<\/strong><\/p>\n\n\n\n<p>La richiesta italiana di rivedere i target per la quarta rata \u00e8 stata approvata dalla Commissione UE il 28 luglio e dovr\u00e0 essere approvata dal Consiglio UE il 19 settembre. Previa approvazione, il governo potrebbe iniziare a richiedere l&#8217;erogazione dei fondi a partire dal 20 settembre. L\u2019effetto sul deficit 2023 di un ritardo nell\u2019erogazione della quarta rata sarebbe probabilmente compensato con un effetto positivo sul deficit di competenza del 2024, ma potrebbe nel frattempo riflettersi sugli indicatori di cassa \u2013 come osservato nella prima met\u00e0 dell\u2019anno con il ritardo della terza rata.<\/p>\n\n\n\n<div style=\"height:20px\" aria-hidden=\"true\" class=\"wp-block-spacer\"><\/div>\n\n\n\n<h4 class=\"wp-block-heading\">Implicazioni politiche: rischio di fratture.<\/h4>\n\n\n\n<p>Non ci aspettiamo che una revisione al rialzo del deficit 2023 induca tensioni politiche tra Roma e Bruxelles, perch\u00e9 altri Paesi stanno rischi macroeconomici al ribasso e il principale driver di una eventuale revisione del disavanzo sarebbe una politica che il governo italiano ha ereditato dagli esecutivi precedenti e che ha dimostrato una volont\u00e0 di mitigare tramite recenti interventi legislativi.<\/p>\n\n\n\n<p>Una revisione al rialzo del deficit per 2023 per\u00f2 complica il percorso fiscale per il 2024 e gli anni seguenti, quando il debito dovr\u00e0 essere messo su un percorso di discesa contestualmente alla riattivazione delle regole fiscali Europee (la cui forma finale ancora non \u00e8 definita). Un deficit pi\u00f9 elevato nel 2023 limiter\u00e0 in modo significativo la libert\u00e0 di manovra del governo per mettere in campo interventi discrezionali nel 2024, con il rischio che riemergano tensioni all\u2019interno della maggioranza in vista delle elezioni europee e in un momento in cui l\u2019Italia si gioca una partita fondamentale nella rinegoziazione del Patto di Stabilit\u00e0.<\/p>\n\n\n\n<div style=\"height:20px\" aria-hidden=\"true\" class=\"wp-block-spacer\"><\/div>\n\n\n\n<p><em>Silvia Merler, Head of ESG &amp; Policy Research (Algebris Investments)<\/em><\/p>\n\n\n\n<p><br><\/p>\n","protected":false},"excerpt":{"rendered":"<p>Il 27 settembre il governo italiano pubblicher\u00e0 l\u2019aggiornamento annuale del bilancio 2023 (NADEF). Questo includer\u00e0 probabilmente una revisione del disavanzo nominale per il 2023 e forse per gli anni successivi. Il fabbisogno di cassa dello Stato si \u00e8 attestato a 81,8 miliardi di euro per i primi 5 mesi del 2023, quasi 46 miliardi di [&hellip;]<\/p>\n","protected":false},"author":7,"featured_media":18725,"comment_status":"closed","ping_status":"closed","sticky":false,"template":"","format":"standard","meta":{"_acf_changed":false,"footnotes":""},"categories":[94],"tags":[],"asset-class":[223],"algebris-themes":[236],"class_list":["post-18728","post","type-post","status-publish","format-standard","has-post-thumbnail","hentry","category-esg-policy-research-it","asset-class-equity-it","algebris-themes-global-equity-it"],"acf":[],"yoast_head":"<!-- This site is optimized with the Yoast SEO plugin v27.1.1 - https:\/\/yoast.com\/product\/yoast-seo-wordpress\/ -->\n<title>Italia: occhi puntati sulla NADEF - Algebris Investments<\/title>\n<meta name=\"robots\" content=\"index, follow, max-snippet:-1, max-image-preview:large, max-video-preview:-1\" \/>\n<link rel=\"canonical\" href=\"https:\/\/www.algebris.com\/it\/esg-policy-research-it\/italia-occhi-puntati-sulla-nadef\/\" \/>\n<meta property=\"og:locale\" content=\"it_IT\" \/>\n<meta property=\"og:type\" content=\"article\" \/>\n<meta property=\"og:title\" content=\"Italia: occhi puntati sulla NADEF - Algebris Investments\" \/>\n<meta property=\"og:description\" content=\"Il 27 settembre il governo italiano pubblicher\u00e0 l\u2019aggiornamento annuale del bilancio 2023 (NADEF). Questo includer\u00e0 probabilmente una revisione del disavanzo nominale per il 2023 e forse per gli anni successivi. Il fabbisogno di cassa dello Stato si \u00e8 attestato a 81,8 miliardi di euro per i primi 5 mesi del 2023, quasi 46 miliardi di [&hellip;]\" \/>\n<meta property=\"og:url\" content=\"https:\/\/www.algebris.com\/it\/esg-policy-research-it\/italia-occhi-puntati-sulla-nadef\/\" \/>\n<meta property=\"og:site_name\" content=\"Algebris Investments\" \/>\n<meta property=\"article:published_time\" content=\"2023-09-14T07:57:19+00:00\" \/>\n<meta property=\"article:modified_time\" content=\"2025-01-03T14:02:12+00:00\" \/>\n<meta property=\"og:image\" content=\"https:\/\/media.algebris.com\/content\/ItalyFiscalRisk-cover-web.jpg\" \/>\n\t<meta property=\"og:image:width\" content=\"1600\" \/>\n\t<meta property=\"og:image:height\" content=\"900\" \/>\n\t<meta property=\"og:image:type\" content=\"image\/jpeg\" \/>\n<meta name=\"author\" content=\"Andrea Molteni\" \/>\n<meta name=\"twitter:card\" content=\"summary_large_image\" \/>\n<meta name=\"twitter:label1\" content=\"Written by\" \/>\n\t<meta name=\"twitter:data1\" content=\"Andrea Molteni\" \/>\n\t<meta name=\"twitter:label2\" content=\"Est. reading time\" \/>\n\t<meta name=\"twitter:data2\" content=\"9 minutes\" \/>\n<script type=\"application\/ld+json\" class=\"yoast-schema-graph\">{\"@context\":\"https:\/\/schema.org\",\"@graph\":[{\"@type\":\"Article\",\"@id\":\"https:\/\/www.algebris.com\/it\/esg-policy-research-it\/italia-occhi-puntati-sulla-nadef\/#article\",\"isPartOf\":{\"@id\":\"https:\/\/www.algebris.com\/it\/esg-policy-research-it\/italia-occhi-puntati-sulla-nadef\/\"},\"author\":{\"name\":\"Andrea Molteni\",\"@id\":\"https:\/\/www.algebris.com\/it\/#\/schema\/person\/4b3d11dd0f7d6e3130de26cc9436a0bc\"},\"headline\":\"Italia: occhi puntati sulla NADEF\",\"datePublished\":\"2023-09-14T07:57:19+00:00\",\"dateModified\":\"2025-01-03T14:02:12+00:00\",\"mainEntityOfPage\":{\"@id\":\"https:\/\/www.algebris.com\/it\/esg-policy-research-it\/italia-occhi-puntati-sulla-nadef\/\"},\"wordCount\":1797,\"publisher\":{\"@id\":\"https:\/\/www.algebris.com\/it\/#organization\"},\"image\":{\"@id\":\"https:\/\/www.algebris.com\/it\/esg-policy-research-it\/italia-occhi-puntati-sulla-nadef\/#primaryimage\"},\"thumbnailUrl\":\"https:\/\/media.algebris.com\/content\/ItalyFiscalRisk-cover-web.jpg\",\"articleSection\":[\"ESG &amp; Policy Research\"],\"inLanguage\":\"it-IT\"},{\"@type\":\"WebPage\",\"@id\":\"https:\/\/www.algebris.com\/it\/esg-policy-research-it\/italia-occhi-puntati-sulla-nadef\/\",\"url\":\"https:\/\/www.algebris.com\/it\/esg-policy-research-it\/italia-occhi-puntati-sulla-nadef\/\",\"name\":\"Italia: occhi puntati sulla NADEF - Algebris Investments\",\"isPartOf\":{\"@id\":\"https:\/\/www.algebris.com\/it\/#website\"},\"primaryImageOfPage\":{\"@id\":\"https:\/\/www.algebris.com\/it\/esg-policy-research-it\/italia-occhi-puntati-sulla-nadef\/#primaryimage\"},\"image\":{\"@id\":\"https:\/\/www.algebris.com\/it\/esg-policy-research-it\/italia-occhi-puntati-sulla-nadef\/#primaryimage\"},\"thumbnailUrl\":\"https:\/\/media.algebris.com\/content\/ItalyFiscalRisk-cover-web.jpg\",\"datePublished\":\"2023-09-14T07:57:19+00:00\",\"dateModified\":\"2025-01-03T14:02:12+00:00\",\"breadcrumb\":{\"@id\":\"https:\/\/www.algebris.com\/it\/esg-policy-research-it\/italia-occhi-puntati-sulla-nadef\/#breadcrumb\"},\"inLanguage\":\"it-IT\",\"potentialAction\":[{\"@type\":\"ReadAction\",\"target\":[\"https:\/\/www.algebris.com\/it\/esg-policy-research-it\/italia-occhi-puntati-sulla-nadef\/\"]}]},{\"@type\":\"ImageObject\",\"inLanguage\":\"it-IT\",\"@id\":\"https:\/\/www.algebris.com\/it\/esg-policy-research-it\/italia-occhi-puntati-sulla-nadef\/#primaryimage\",\"url\":\"https:\/\/media.algebris.com\/content\/ItalyFiscalRisk-cover-web.jpg\",\"contentUrl\":\"https:\/\/media.algebris.com\/content\/ItalyFiscalRisk-cover-web.jpg\",\"width\":1600,\"height\":900,\"caption\":\"Italian and european union flags with building fasade in Rome\"},{\"@type\":\"BreadcrumbList\",\"@id\":\"https:\/\/www.algebris.com\/it\/esg-policy-research-it\/italia-occhi-puntati-sulla-nadef\/#breadcrumb\",\"itemListElement\":[{\"@type\":\"ListItem\",\"position\":1,\"name\":\"Home\",\"item\":\"https:\/\/www.algebris.com\/it\/\"},{\"@type\":\"ListItem\",\"position\":2,\"name\":\"ESG &amp; Policy Research\",\"item\":\"https:\/\/www.algebris.com\/it\/category\/esg-policy-research-it\/\"},{\"@type\":\"ListItem\",\"position\":3,\"name\":\"Italia: occhi puntati sulla NADEF\"}]},{\"@type\":\"WebSite\",\"@id\":\"https:\/\/www.algebris.com\/it\/#website\",\"url\":\"https:\/\/www.algebris.com\/it\/\",\"name\":\"Algebris Investments\",\"description\":\"\",\"publisher\":{\"@id\":\"https:\/\/www.algebris.com\/it\/#organization\"},\"potentialAction\":[{\"@type\":\"SearchAction\",\"target\":{\"@type\":\"EntryPoint\",\"urlTemplate\":\"https:\/\/www.algebris.com\/it\/?s={search_term_string}\"},\"query-input\":{\"@type\":\"PropertyValueSpecification\",\"valueRequired\":true,\"valueName\":\"search_term_string\"}}],\"inLanguage\":\"it-IT\"},{\"@type\":\"Organization\",\"@id\":\"https:\/\/www.algebris.com\/it\/#organization\",\"name\":\"Algebris Investments\",\"url\":\"https:\/\/www.algebris.com\/it\/\",\"logo\":{\"@type\":\"ImageObject\",\"inLanguage\":\"it-IT\",\"@id\":\"https:\/\/www.algebris.com\/it\/#\/schema\/logo\/image\/\",\"url\":\"https:\/\/media.algebris.com\/content\/cropped-logo1.png\",\"contentUrl\":\"https:\/\/media.algebris.com\/content\/cropped-logo1.png\",\"width\":250,\"height\":78,\"caption\":\"Algebris Investments\"},\"image\":{\"@id\":\"https:\/\/www.algebris.com\/it\/#\/schema\/logo\/image\/\"},\"sameAs\":[\"https:\/\/www.linkedin.com\/company\/algebris-investments\/about\/\",\"https:\/\/www.youtube.com\/channel\/UC_MiRdysidJhtSWRVxtH-3g\/featured\"]},{\"@type\":\"Person\",\"@id\":\"https:\/\/www.algebris.com\/it\/#\/schema\/person\/4b3d11dd0f7d6e3130de26cc9436a0bc\",\"name\":\"Andrea Molteni\",\"image\":{\"@type\":\"ImageObject\",\"inLanguage\":\"it-IT\",\"@id\":\"https:\/\/www.algebris.com\/it\/#\/schema\/person\/image\/\",\"url\":\"https:\/\/secure.gravatar.com\/avatar\/62e54ff4a2115d90cc8d67b085990ae2b90fd1fdc412c647e1d63cd03fde6493?s=96&d=mm&r=g\",\"contentUrl\":\"https:\/\/secure.gravatar.com\/avatar\/62e54ff4a2115d90cc8d67b085990ae2b90fd1fdc412c647e1d63cd03fde6493?s=96&d=mm&r=g\",\"caption\":\"Andrea Molteni\"}}]}<\/script>\n<!-- \/ Yoast SEO plugin. -->","yoast_head_json":{"title":"Italia: occhi puntati sulla NADEF - Algebris Investments","robots":{"index":"index","follow":"follow","max-snippet":"max-snippet:-1","max-image-preview":"max-image-preview:large","max-video-preview":"max-video-preview:-1"},"canonical":"https:\/\/www.algebris.com\/it\/esg-policy-research-it\/italia-occhi-puntati-sulla-nadef\/","og_locale":"it_IT","og_type":"article","og_title":"Italia: occhi puntati sulla NADEF - Algebris Investments","og_description":"Il 27 settembre il governo italiano pubblicher\u00e0 l\u2019aggiornamento annuale del bilancio 2023 (NADEF). Questo includer\u00e0 probabilmente una revisione del disavanzo nominale per il 2023 e forse per gli anni successivi. Il fabbisogno di cassa dello Stato si \u00e8 attestato a 81,8 miliardi di euro per i primi 5 mesi del 2023, quasi 46 miliardi di [&hellip;]","og_url":"https:\/\/www.algebris.com\/it\/esg-policy-research-it\/italia-occhi-puntati-sulla-nadef\/","og_site_name":"Algebris Investments","article_published_time":"2023-09-14T07:57:19+00:00","article_modified_time":"2025-01-03T14:02:12+00:00","og_image":[{"width":1600,"height":900,"url":"https:\/\/media.algebris.com\/content\/ItalyFiscalRisk-cover-web.jpg","type":"image\/jpeg"}],"author":"Andrea Molteni","twitter_card":"summary_large_image","twitter_misc":{"Written by":"Andrea Molteni","Est. reading time":"9 minutes"},"schema":{"@context":"https:\/\/schema.org","@graph":[{"@type":"Article","@id":"https:\/\/www.algebris.com\/it\/esg-policy-research-it\/italia-occhi-puntati-sulla-nadef\/#article","isPartOf":{"@id":"https:\/\/www.algebris.com\/it\/esg-policy-research-it\/italia-occhi-puntati-sulla-nadef\/"},"author":{"name":"Andrea Molteni","@id":"https:\/\/www.algebris.com\/it\/#\/schema\/person\/4b3d11dd0f7d6e3130de26cc9436a0bc"},"headline":"Italia: occhi puntati sulla NADEF","datePublished":"2023-09-14T07:57:19+00:00","dateModified":"2025-01-03T14:02:12+00:00","mainEntityOfPage":{"@id":"https:\/\/www.algebris.com\/it\/esg-policy-research-it\/italia-occhi-puntati-sulla-nadef\/"},"wordCount":1797,"publisher":{"@id":"https:\/\/www.algebris.com\/it\/#organization"},"image":{"@id":"https:\/\/www.algebris.com\/it\/esg-policy-research-it\/italia-occhi-puntati-sulla-nadef\/#primaryimage"},"thumbnailUrl":"https:\/\/media.algebris.com\/content\/ItalyFiscalRisk-cover-web.jpg","articleSection":["ESG &amp; Policy Research"],"inLanguage":"it-IT"},{"@type":"WebPage","@id":"https:\/\/www.algebris.com\/it\/esg-policy-research-it\/italia-occhi-puntati-sulla-nadef\/","url":"https:\/\/www.algebris.com\/it\/esg-policy-research-it\/italia-occhi-puntati-sulla-nadef\/","name":"Italia: occhi puntati sulla NADEF - Algebris Investments","isPartOf":{"@id":"https:\/\/www.algebris.com\/it\/#website"},"primaryImageOfPage":{"@id":"https:\/\/www.algebris.com\/it\/esg-policy-research-it\/italia-occhi-puntati-sulla-nadef\/#primaryimage"},"image":{"@id":"https:\/\/www.algebris.com\/it\/esg-policy-research-it\/italia-occhi-puntati-sulla-nadef\/#primaryimage"},"thumbnailUrl":"https:\/\/media.algebris.com\/content\/ItalyFiscalRisk-cover-web.jpg","datePublished":"2023-09-14T07:57:19+00:00","dateModified":"2025-01-03T14:02:12+00:00","breadcrumb":{"@id":"https:\/\/www.algebris.com\/it\/esg-policy-research-it\/italia-occhi-puntati-sulla-nadef\/#breadcrumb"},"inLanguage":"it-IT","potentialAction":[{"@type":"ReadAction","target":["https:\/\/www.algebris.com\/it\/esg-policy-research-it\/italia-occhi-puntati-sulla-nadef\/"]}]},{"@type":"ImageObject","inLanguage":"it-IT","@id":"https:\/\/www.algebris.com\/it\/esg-policy-research-it\/italia-occhi-puntati-sulla-nadef\/#primaryimage","url":"https:\/\/media.algebris.com\/content\/ItalyFiscalRisk-cover-web.jpg","contentUrl":"https:\/\/media.algebris.com\/content\/ItalyFiscalRisk-cover-web.jpg","width":1600,"height":900,"caption":"Italian and european union flags with building fasade in Rome"},{"@type":"BreadcrumbList","@id":"https:\/\/www.algebris.com\/it\/esg-policy-research-it\/italia-occhi-puntati-sulla-nadef\/#breadcrumb","itemListElement":[{"@type":"ListItem","position":1,"name":"Home","item":"https:\/\/www.algebris.com\/it\/"},{"@type":"ListItem","position":2,"name":"ESG &amp; Policy Research","item":"https:\/\/www.algebris.com\/it\/category\/esg-policy-research-it\/"},{"@type":"ListItem","position":3,"name":"Italia: occhi puntati sulla NADEF"}]},{"@type":"WebSite","@id":"https:\/\/www.algebris.com\/it\/#website","url":"https:\/\/www.algebris.com\/it\/","name":"Algebris Investments","description":"","publisher":{"@id":"https:\/\/www.algebris.com\/it\/#organization"},"potentialAction":[{"@type":"SearchAction","target":{"@type":"EntryPoint","urlTemplate":"https:\/\/www.algebris.com\/it\/?s={search_term_string}"},"query-input":{"@type":"PropertyValueSpecification","valueRequired":true,"valueName":"search_term_string"}}],"inLanguage":"it-IT"},{"@type":"Organization","@id":"https:\/\/www.algebris.com\/it\/#organization","name":"Algebris Investments","url":"https:\/\/www.algebris.com\/it\/","logo":{"@type":"ImageObject","inLanguage":"it-IT","@id":"https:\/\/www.algebris.com\/it\/#\/schema\/logo\/image\/","url":"https:\/\/media.algebris.com\/content\/cropped-logo1.png","contentUrl":"https:\/\/media.algebris.com\/content\/cropped-logo1.png","width":250,"height":78,"caption":"Algebris Investments"},"image":{"@id":"https:\/\/www.algebris.com\/it\/#\/schema\/logo\/image\/"},"sameAs":["https:\/\/www.linkedin.com\/company\/algebris-investments\/about\/","https:\/\/www.youtube.com\/channel\/UC_MiRdysidJhtSWRVxtH-3g\/featured"]},{"@type":"Person","@id":"https:\/\/www.algebris.com\/it\/#\/schema\/person\/4b3d11dd0f7d6e3130de26cc9436a0bc","name":"Andrea Molteni","image":{"@type":"ImageObject","inLanguage":"it-IT","@id":"https:\/\/www.algebris.com\/it\/#\/schema\/person\/image\/","url":"https:\/\/secure.gravatar.com\/avatar\/62e54ff4a2115d90cc8d67b085990ae2b90fd1fdc412c647e1d63cd03fde6493?s=96&d=mm&r=g","contentUrl":"https:\/\/secure.gravatar.com\/avatar\/62e54ff4a2115d90cc8d67b085990ae2b90fd1fdc412c647e1d63cd03fde6493?s=96&d=mm&r=g","caption":"Andrea Molteni"}}]}},"_links":{"self":[{"href":"https:\/\/www.algebris.com\/it\/wp-json\/wp\/v2\/posts\/18728","targetHints":{"allow":["GET"]}}],"collection":[{"href":"https:\/\/www.algebris.com\/it\/wp-json\/wp\/v2\/posts"}],"about":[{"href":"https:\/\/www.algebris.com\/it\/wp-json\/wp\/v2\/types\/post"}],"author":[{"embeddable":true,"href":"https:\/\/www.algebris.com\/it\/wp-json\/wp\/v2\/users\/7"}],"replies":[{"embeddable":true,"href":"https:\/\/www.algebris.com\/it\/wp-json\/wp\/v2\/comments?post=18728"}],"version-history":[{"count":4,"href":"https:\/\/www.algebris.com\/it\/wp-json\/wp\/v2\/posts\/18728\/revisions"}],"predecessor-version":[{"id":18737,"href":"https:\/\/www.algebris.com\/it\/wp-json\/wp\/v2\/posts\/18728\/revisions\/18737"}],"wp:featuredmedia":[{"embeddable":true,"href":"https:\/\/www.algebris.com\/it\/wp-json\/wp\/v2\/media\/18725"}],"wp:attachment":[{"href":"https:\/\/www.algebris.com\/it\/wp-json\/wp\/v2\/media?parent=18728"}],"wp:term":[{"taxonomy":"category","embeddable":true,"href":"https:\/\/www.algebris.com\/it\/wp-json\/wp\/v2\/categories?post=18728"},{"taxonomy":"post_tag","embeddable":true,"href":"https:\/\/www.algebris.com\/it\/wp-json\/wp\/v2\/tags?post=18728"},{"taxonomy":"asset-class","embeddable":true,"href":"https:\/\/www.algebris.com\/it\/wp-json\/wp\/v2\/asset-class?post=18728"},{"taxonomy":"algebris-themes","embeddable":true,"href":"https:\/\/www.algebris.com\/it\/wp-json\/wp\/v2\/algebris-themes?post=18728"}],"curies":[{"name":"wp","href":"https:\/\/api.w.org\/{rel}","templated":true}]}}