{"id":18915,"date":"2023-09-29T07:55:58","date_gmt":"2023-09-29T07:55:58","guid":{"rendered":"https:\/\/www.algebris.com\/?p=18915"},"modified":"2025-01-03T15:15:00","modified_gmt":"2025-01-03T15:15:00","slug":"omnisyst-chicco-testa-nominato-presidente-del-consiglio-di-amministrazione","status":"publish","type":"post","link":"https:\/\/www.algebris.com\/it\/area-stampa\/omnisyst-chicco-testa-nominato-presidente-del-consiglio-di-amministrazione\/","title":{"rendered":"Omnisyst: Chicco Testa nominato Presidente del Consiglio di Amministrazione"},"content":{"rendered":"\n<p><em>Milano, 29 settembre 2023<\/em> \u2013 L\u2019Assemblea degli azionisti di <strong>Omnisyst S.p.A.<\/strong> (\u201cOmnisyst\u201d), principale fornitore italiano di soluzioni innovative per la gestione dei rifiuti per clienti industriali, riunitasi nei giorni scorsi, ha nominato Chicco Testa Presidente del Consiglio di Amministrazione.<\/p>\n\n\n\n<p>Chicco Testa, manager e imprenditore di grande esperienza, \u00e8 stato Presidente del Cda di ENEL e di Sorgenia, partner di Rothschild Italia, Vicepresidente del Fondo Dea Capital e membro dell\u2019Advisory Board di Carlyle P.E. Attualmente \u00e8 Presidente di Assoambiente, associazione che raggruppa 500 imprese attive nel settore dell\u2019igiene urbana e ricopre altri importati posizioni anche in aziende attive nei settori dell\u2019ambiente e dell\u2019energia e dell\u2019Internet of things. \u00c8 stato tra i fondatori di Legambiente, collabora attualmente con diverse testate giornalistiche ed \u00e8 autore di diversi libri su temi legati all\u2019energia e ambiente.<\/p>\n\n\n\n<p>Omnisyst opera dal 1995 nel settore dell\u2019ambiente e fornisce alle imprese industriali servizi integrati nel campo della gestione, della logistica, del trattamento, del riciclo e del recupero dei rifiuti.&nbsp; Garantisce la gestione digitale dell\u2019intero processo grazie ad un software proprietario, nonch\u00e9 il monitoraggio e la compensazione delle emissioni di CO2 legate alla gestione dei rifiuti, oltre ad altri indicatori ambientali utili alle aziende per tracciare l\u2019intera catena del valore dei propri prodotti.&nbsp;<\/p>\n\n\n\n<p>La maggioranza di Omnisyst \u00e8 stata acquisita nel 2022 dall\u2019Algebris Green Transition Fund (\u201cIl Fondo\u201d), fondo di private equity gestito da Luca Valerio Camerano e focalizzato su transizione energetica, economia circolare, smart cities &amp; agritech. Il Fondo, ad oggi, ha raccolto impegni da importanti investitori italiani ed esteri per oltre 260 milioni di euro.<\/p>\n\n\n\n<p>\u201c<em>Siamo particolarmente lieti che un manager con un\u2019esperienza cos\u00ec profonda nel settore dell\u2019ambiente abbia accettato di presiedere il Cda di Omnisyst, societ\u00e0 con un modello di business fortemente innovativo ed impegnata in un ambizioso percorso di crescita. Siamo sicuri che la presenza di Chicco Testa contribuir\u00e0 sia a migliorare la governance della Societ\u00e0, che ad accelerarne il percorso di espansione<\/em>\u201d, ha dichiarato <strong>Luca Valerio Camerano<\/strong>, Managing Director e Senior Partner di Algebris Green Transition Fund. \u201c<em>Insieme a Ezio Speziali, fondatore e Amministratore Delegato di Omnisyst, la societ\u00e0 conta ad oggi un team d\u2019eccellenza<\/em>. \u201c<\/p>\n\n\n\n<p>Il nuovo Presidente<strong> Chicco Testa<\/strong> ha dichiarato: \u201c<em>Sono felice di entrare a far parte del Consiglio di amministrazione di Omnisyst e di assumere l\u2019incarico di Presidente. Omnisyst \u00e8 leader italiana di soluzioni per la gestione dei rifiuti e siamo pronti a confermare tale leadership<\/em>, <em>puntando verso uno sviluppo sempre pi\u00f9 sostenibile<\/em>.\u201d<\/p>\n\n\n\n<hr class=\"wp-block-separator has-alpha-channel-opacity\"\/>\n\n\n\n<p><strong><em>Questa \u00e8 una comunicazione di marketing. <\/em><\/strong><em>Si prega di consultare il documento informativo del FIA prima di prendere una decisione finale di investimento. La decisione di investire nel fondo dovrebbe tenere conto di tutti i suoi obiettivi e le sue caratteristiche descritti nelle informazioni da comunicare agli investitori ai sensi della normativa UE e locale di riferimento. Ulteriori informazioni relative alla sostenibilit\u00e0 del fondo sono disponibili all\u2019indirizzo<\/em> <a href=\"https:\/\/www.algebris.com\/esg\/\"><em>https:\/\/www.algebris.com\/esg\/<\/em><\/a><em> .Si consiglia di consultare i propri consulenti fiscali, legali, contabili o di altro tipo prima di prendere qualsiasi decisione di investimento. Il fondo \u00e8 riservato agli investitori professionali.<\/em><\/p>\n\n\n\n<p>Algebris Green Transition Fund (il \u201cFondo\u201c) \u00e8 una partnership chiusa domiciliata in Lussemburgo e strutturata come special limited partnership (soci\u00e9t\u00e9 en commandite special\u00e9). Il Fondo \u00e8 un fondo d\u2019investimento alternativo (FIA) di tipo chiuso ai sensi della Alternative Investment Fund Managers Directive (Direttiva UE 2011\/61\/) e successive modifiche (\u201cAIFMD\u201d). Algebris Investments (Ireland) Limited \u00e8 la societ\u00e0 autorizzata alla gestione del FIA (la \u201cAIFM\u201d). Algebris Investments (Ireland) Limited \u00e8 autorizzata e regolamentata dalla Central Bank of Ireland quale gestore di fondi d\u2019investimento alternativi ai sensi della European Union (Alternative Investment Fund Managers) Regulations, 2013 (as amended). Il valore degli interessi nella partnership (gli \u201cInteressi\u201d) non \u00e8 garantito ed il valore di tali Interessi pu\u00f2 diminuire cos\u00ec come aumentare e, pertanto, il rendimento dell\u2019investimento negli Interessi sar\u00e0 variabile.<\/p>\n\n\n\n<p>Questa \u00e8 una comunicazione di marketing. Si prega di consultare il documento informativo del FIA prima di prendere una decisione finale di investimento. La decisione di investire nel Fondo dovrebbe tenere conto di tutti i suoi obiettivi e le sue caratteristiche descritte nel relativo Private Placement Memorandum. Ulteriori informazioni relative alla sostenibilit\u00e0 del Fondo sono disponibili all\u2019indirizzo https:\/\/www.algebris.com\/esg\/. L\u2019accesso al Fondo \u00e8 riservato esclusivamente agli investitori professionali.<\/p>\n\n\n\n<p>In qualsiasi momento \u00e8 possibile porre fine agli accordi presi per la commercializzazione del Fondo in qualsiasi Stato membro della AEE in cui \u00e8 attualmente commercializzato ai sensi delle procedure di passaporting della AIFMD, in conformit\u00e0 all&#8217;Articolo 32a della AIFMD. Le informazioni contenute nel presente documento non possono essere riprodotte, distribuite o pubblicate da alcun destinatario, per qualsivoglia ragione o finalit\u00e0, senza il previo consenso scritto di Algebris Investments. Le informazioni e le opinioni contenute nel presente documento hanno scopo meramente illustrativo, non si prefiggono di essere esaustive o complete e non costituiscono consulenza in materia di investimenti. Con la presente, Algebris Investments non sta organizzando, n\u00e8 accettando di organizzare,&nbsp; alcuna operazione in qualsivoglia investimento n\u00e9 sta prestando alcuna attivit\u00e0 che richieda apposita autorizzazione ai sensi del Financial Services and Markets Act 2000. Il presente documento non costituisce o fa parte di qualsivoglia offerta ad emettere o vendere, o sollecitazione di un\u2019offerta a sottoscrivere o acquistare, alcun investimento e n\u00e9 lo stesso, n\u00e9 il fatto che lo stesso venga distribuito, potr\u00e0 mai costituire la base per, o vi si potr\u00e0 mai fare affidamento al fine di, perfezionare alcun contratto.<\/p>\n\n\n\n<p>Non bisogna fare alcun affidamento, per nessuna ragione, sulle informazioni e opinioni contenute nel presente documento, n\u00e9 sulla loro accuratezza o completezza. Algebris Investments, i suoi membri, dipendenti e affiliati non forniscono alcuna dichiarazione, garanzia o impegno, espresso o implicito, in merito all\u2019accuratezza o alla completezza delle informazioni o delle opinioni contenute nel presente documento e nessuna responsabilit\u00e0 pu\u00f2 essere attribuita in capo agli stessi in merito all\u2019accuratezza o completezza di tali informazioni od opinioni.<\/p>\n\n\n\n<p>La distribuzione del presente documento potrebbe essere vietata in determinate giurisdizioni. Tutte le informazioni suesposte hanno una funzione meramente indicativa ed \u00e8 pertanto responsabilit\u00e0 di ciascuna persona (o delle persone) in possesso del presente documento di informarsi in maniera adeguata e di rispettare tutte le leggi ed i regolamenti vigenti in cascuna giurisdizione in questione.<\/p>\n\n\n\n<p>La strategia adottata dal Fondo potrebbe risultare in un\u2019esposizione del NAV ad un elevato livello di volatilit\u00e0. Il Fondo potrebbe investire in strumenti contingenti convertibili. Tali strumenti sono soggetti a rischi particolari, ad esempio, a causa delle caratteristiche legate alla conversione in azioni o alla svalutazione dell\u2019importo di capitale che sono stabilite su misura per l\u2019emittente e considerando i requisiti regolamentari applicabili, il valore di mercato di tali strumenti potrebbe essere soggetto a fluttuazioni.<\/p>\n\n\n\n<p>Il Gruppo Algebris ricomprende Algebris (UK) Limited, Algebris Investments (Ireland) Limited, Algebris Investments (US) Inc., Algebris Investments (Asia) Pte. Ltd., Algebris Investments K.K. ed altre societ\u00e0 non regolamentate quali societ\u00e0 veicolo specializzate (SPV), enti che agiscono quali general partner e holdings.<\/p>\n\n\n\n<p>\u00a9 2023 Algebris Investments. Algebris Investments \u00e8 il nome commerciale del Gruppo Algebris.<\/p>\n","protected":false},"excerpt":{"rendered":"<p>Milano, 29 settembre 2023 \u2013 L\u2019Assemblea degli azionisti di Omnisyst S.p.A. (\u201cOmnisyst\u201d), principale fornitore italiano di soluzioni innovative per la gestione dei rifiuti per clienti industriali, riunitasi nei giorni scorsi, ha nominato Chicco Testa Presidente del Consiglio di Amministrazione. Chicco Testa, manager e imprenditore di grande esperienza, \u00e8 stato Presidente del Cda di ENEL e [&hellip;]<\/p>\n","protected":false},"author":7,"featured_media":0,"comment_status":"closed","ping_status":"closed","sticky":false,"template":"","format":"standard","meta":{"_acf_changed":false,"footnotes":""},"categories":[207,132],"tags":[134],"asset-class":[226],"algebris-themes":[],"class_list":["post-18915","post","type-post","status-publish","format-standard","hentry","category-gtf-it","category-area-stampa","tag-comunicato-stampa","asset-class-private-markets-it"],"acf":[],"yoast_head":"<!-- This site is optimized with the Yoast SEO plugin v27.1.1 - https:\/\/yoast.com\/product\/yoast-seo-wordpress\/ -->\n<title>Omnisyst: Chicco Testa nominato Presidente del Consiglio di Amministrazione - Algebris Investments<\/title>\n<meta name=\"robots\" content=\"index, follow, max-snippet:-1, max-image-preview:large, max-video-preview:-1\" \/>\n<link rel=\"canonical\" href=\"https:\/\/www.algebris.com\/it\/area-stampa\/omnisyst-chicco-testa-nominato-presidente-del-consiglio-di-amministrazione\/\" \/>\n<meta property=\"og:locale\" content=\"it_IT\" \/>\n<meta property=\"og:type\" content=\"article\" \/>\n<meta property=\"og:title\" content=\"Omnisyst: Chicco Testa nominato Presidente del Consiglio di Amministrazione - Algebris Investments\" \/>\n<meta property=\"og:description\" content=\"Milano, 29 settembre 2023 \u2013 L\u2019Assemblea degli azionisti di Omnisyst S.p.A. (\u201cOmnisyst\u201d), principale fornitore italiano di soluzioni innovative per la gestione dei rifiuti per clienti industriali, riunitasi nei giorni scorsi, ha nominato Chicco Testa Presidente del Consiglio di Amministrazione. Chicco Testa, manager e imprenditore di grande esperienza, \u00e8 stato Presidente del Cda di ENEL e [&hellip;]\" \/>\n<meta property=\"og:url\" content=\"https:\/\/www.algebris.com\/it\/area-stampa\/omnisyst-chicco-testa-nominato-presidente-del-consiglio-di-amministrazione\/\" \/>\n<meta property=\"og:site_name\" content=\"Algebris Investments\" \/>\n<meta property=\"article:published_time\" content=\"2023-09-29T07:55:58+00:00\" \/>\n<meta property=\"article:modified_time\" content=\"2025-01-03T15:15:00+00:00\" \/>\n<meta name=\"author\" content=\"Andrea Molteni\" \/>\n<meta name=\"twitter:card\" content=\"summary_large_image\" \/>\n<meta name=\"twitter:label1\" content=\"Written by\" \/>\n\t<meta name=\"twitter:data1\" content=\"Andrea Molteni\" \/>\n\t<meta name=\"twitter:label2\" content=\"Est. reading time\" \/>\n\t<meta name=\"twitter:data2\" content=\"5 minutes\" \/>\n<script type=\"application\/ld+json\" class=\"yoast-schema-graph\">{\"@context\":\"https:\/\/schema.org\",\"@graph\":[{\"@type\":\"Article\",\"@id\":\"https:\/\/www.algebris.com\/it\/area-stampa\/omnisyst-chicco-testa-nominato-presidente-del-consiglio-di-amministrazione\/#article\",\"isPartOf\":{\"@id\":\"https:\/\/www.algebris.com\/it\/area-stampa\/omnisyst-chicco-testa-nominato-presidente-del-consiglio-di-amministrazione\/\"},\"author\":{\"name\":\"Andrea Molteni\",\"@id\":\"https:\/\/www.algebris.com\/it\/#\/schema\/person\/4b3d11dd0f7d6e3130de26cc9436a0bc\"},\"headline\":\"Omnisyst: Chicco Testa nominato Presidente del Consiglio di Amministrazione\",\"datePublished\":\"2023-09-29T07:55:58+00:00\",\"dateModified\":\"2025-01-03T15:15:00+00:00\",\"mainEntityOfPage\":{\"@id\":\"https:\/\/www.algebris.com\/it\/area-stampa\/omnisyst-chicco-testa-nominato-presidente-del-consiglio-di-amministrazione\/\"},\"wordCount\":1159,\"publisher\":{\"@id\":\"https:\/\/www.algebris.com\/it\/#organization\"},\"keywords\":[\"Comunicato Stampa\"],\"articleSection\":[\"Green Transition Fund\",\"Area Stampa\"],\"inLanguage\":\"it-IT\"},{\"@type\":\"WebPage\",\"@id\":\"https:\/\/www.algebris.com\/it\/area-stampa\/omnisyst-chicco-testa-nominato-presidente-del-consiglio-di-amministrazione\/\",\"url\":\"https:\/\/www.algebris.com\/it\/area-stampa\/omnisyst-chicco-testa-nominato-presidente-del-consiglio-di-amministrazione\/\",\"name\":\"Omnisyst: Chicco Testa nominato Presidente del Consiglio di Amministrazione - Algebris Investments\",\"isPartOf\":{\"@id\":\"https:\/\/www.algebris.com\/it\/#website\"},\"datePublished\":\"2023-09-29T07:55:58+00:00\",\"dateModified\":\"2025-01-03T15:15:00+00:00\",\"breadcrumb\":{\"@id\":\"https:\/\/www.algebris.com\/it\/area-stampa\/omnisyst-chicco-testa-nominato-presidente-del-consiglio-di-amministrazione\/#breadcrumb\"},\"inLanguage\":\"it-IT\",\"potentialAction\":[{\"@type\":\"ReadAction\",\"target\":[\"https:\/\/www.algebris.com\/it\/area-stampa\/omnisyst-chicco-testa-nominato-presidente-del-consiglio-di-amministrazione\/\"]}]},{\"@type\":\"BreadcrumbList\",\"@id\":\"https:\/\/www.algebris.com\/it\/area-stampa\/omnisyst-chicco-testa-nominato-presidente-del-consiglio-di-amministrazione\/#breadcrumb\",\"itemListElement\":[{\"@type\":\"ListItem\",\"position\":1,\"name\":\"Home\",\"item\":\"https:\/\/www.algebris.com\/it\/\"},{\"@type\":\"ListItem\",\"position\":2,\"name\":\"Area Stampa\",\"item\":\"https:\/\/www.algebris.com\/it\/category\/area-stampa\/\"},{\"@type\":\"ListItem\",\"position\":3,\"name\":\"Omnisyst: Chicco Testa nominato Presidente del Consiglio di Amministrazione\"}]},{\"@type\":\"WebSite\",\"@id\":\"https:\/\/www.algebris.com\/it\/#website\",\"url\":\"https:\/\/www.algebris.com\/it\/\",\"name\":\"Algebris Investments\",\"description\":\"\",\"publisher\":{\"@id\":\"https:\/\/www.algebris.com\/it\/#organization\"},\"potentialAction\":[{\"@type\":\"SearchAction\",\"target\":{\"@type\":\"EntryPoint\",\"urlTemplate\":\"https:\/\/www.algebris.com\/it\/?s={search_term_string}\"},\"query-input\":{\"@type\":\"PropertyValueSpecification\",\"valueRequired\":true,\"valueName\":\"search_term_string\"}}],\"inLanguage\":\"it-IT\"},{\"@type\":\"Organization\",\"@id\":\"https:\/\/www.algebris.com\/it\/#organization\",\"name\":\"Algebris Investments\",\"url\":\"https:\/\/www.algebris.com\/it\/\",\"logo\":{\"@type\":\"ImageObject\",\"inLanguage\":\"it-IT\",\"@id\":\"https:\/\/www.algebris.com\/it\/#\/schema\/logo\/image\/\",\"url\":\"https:\/\/media.algebris.com\/content\/cropped-logo1.png\",\"contentUrl\":\"https:\/\/media.algebris.com\/content\/cropped-logo1.png\",\"width\":250,\"height\":78,\"caption\":\"Algebris Investments\"},\"image\":{\"@id\":\"https:\/\/www.algebris.com\/it\/#\/schema\/logo\/image\/\"},\"sameAs\":[\"https:\/\/www.linkedin.com\/company\/algebris-investments\/about\/\",\"https:\/\/www.youtube.com\/channel\/UC_MiRdysidJhtSWRVxtH-3g\/featured\"]},{\"@type\":\"Person\",\"@id\":\"https:\/\/www.algebris.com\/it\/#\/schema\/person\/4b3d11dd0f7d6e3130de26cc9436a0bc\",\"name\":\"Andrea Molteni\",\"image\":{\"@type\":\"ImageObject\",\"inLanguage\":\"it-IT\",\"@id\":\"https:\/\/www.algebris.com\/it\/#\/schema\/person\/image\/\",\"url\":\"https:\/\/secure.gravatar.com\/avatar\/62e54ff4a2115d90cc8d67b085990ae2b90fd1fdc412c647e1d63cd03fde6493?s=96&d=mm&r=g\",\"contentUrl\":\"https:\/\/secure.gravatar.com\/avatar\/62e54ff4a2115d90cc8d67b085990ae2b90fd1fdc412c647e1d63cd03fde6493?s=96&d=mm&r=g\",\"caption\":\"Andrea Molteni\"}}]}<\/script>\n<!-- \/ Yoast SEO plugin. -->","yoast_head_json":{"title":"Omnisyst: Chicco Testa nominato Presidente del Consiglio di Amministrazione - Algebris Investments","robots":{"index":"index","follow":"follow","max-snippet":"max-snippet:-1","max-image-preview":"max-image-preview:large","max-video-preview":"max-video-preview:-1"},"canonical":"https:\/\/www.algebris.com\/it\/area-stampa\/omnisyst-chicco-testa-nominato-presidente-del-consiglio-di-amministrazione\/","og_locale":"it_IT","og_type":"article","og_title":"Omnisyst: Chicco Testa nominato Presidente del Consiglio di Amministrazione - Algebris Investments","og_description":"Milano, 29 settembre 2023 \u2013 L\u2019Assemblea degli azionisti di Omnisyst S.p.A. (\u201cOmnisyst\u201d), principale fornitore italiano di soluzioni innovative per la gestione dei rifiuti per clienti industriali, riunitasi nei giorni scorsi, ha nominato Chicco Testa Presidente del Consiglio di Amministrazione. Chicco Testa, manager e imprenditore di grande esperienza, \u00e8 stato Presidente del Cda di ENEL e [&hellip;]","og_url":"https:\/\/www.algebris.com\/it\/area-stampa\/omnisyst-chicco-testa-nominato-presidente-del-consiglio-di-amministrazione\/","og_site_name":"Algebris Investments","article_published_time":"2023-09-29T07:55:58+00:00","article_modified_time":"2025-01-03T15:15:00+00:00","author":"Andrea Molteni","twitter_card":"summary_large_image","twitter_misc":{"Written by":"Andrea Molteni","Est. reading time":"5 minutes"},"schema":{"@context":"https:\/\/schema.org","@graph":[{"@type":"Article","@id":"https:\/\/www.algebris.com\/it\/area-stampa\/omnisyst-chicco-testa-nominato-presidente-del-consiglio-di-amministrazione\/#article","isPartOf":{"@id":"https:\/\/www.algebris.com\/it\/area-stampa\/omnisyst-chicco-testa-nominato-presidente-del-consiglio-di-amministrazione\/"},"author":{"name":"Andrea Molteni","@id":"https:\/\/www.algebris.com\/it\/#\/schema\/person\/4b3d11dd0f7d6e3130de26cc9436a0bc"},"headline":"Omnisyst: Chicco Testa nominato Presidente del Consiglio di Amministrazione","datePublished":"2023-09-29T07:55:58+00:00","dateModified":"2025-01-03T15:15:00+00:00","mainEntityOfPage":{"@id":"https:\/\/www.algebris.com\/it\/area-stampa\/omnisyst-chicco-testa-nominato-presidente-del-consiglio-di-amministrazione\/"},"wordCount":1159,"publisher":{"@id":"https:\/\/www.algebris.com\/it\/#organization"},"keywords":["Comunicato Stampa"],"articleSection":["Green Transition Fund","Area Stampa"],"inLanguage":"it-IT"},{"@type":"WebPage","@id":"https:\/\/www.algebris.com\/it\/area-stampa\/omnisyst-chicco-testa-nominato-presidente-del-consiglio-di-amministrazione\/","url":"https:\/\/www.algebris.com\/it\/area-stampa\/omnisyst-chicco-testa-nominato-presidente-del-consiglio-di-amministrazione\/","name":"Omnisyst: Chicco Testa nominato Presidente del Consiglio di Amministrazione - Algebris Investments","isPartOf":{"@id":"https:\/\/www.algebris.com\/it\/#website"},"datePublished":"2023-09-29T07:55:58+00:00","dateModified":"2025-01-03T15:15:00+00:00","breadcrumb":{"@id":"https:\/\/www.algebris.com\/it\/area-stampa\/omnisyst-chicco-testa-nominato-presidente-del-consiglio-di-amministrazione\/#breadcrumb"},"inLanguage":"it-IT","potentialAction":[{"@type":"ReadAction","target":["https:\/\/www.algebris.com\/it\/area-stampa\/omnisyst-chicco-testa-nominato-presidente-del-consiglio-di-amministrazione\/"]}]},{"@type":"BreadcrumbList","@id":"https:\/\/www.algebris.com\/it\/area-stampa\/omnisyst-chicco-testa-nominato-presidente-del-consiglio-di-amministrazione\/#breadcrumb","itemListElement":[{"@type":"ListItem","position":1,"name":"Home","item":"https:\/\/www.algebris.com\/it\/"},{"@type":"ListItem","position":2,"name":"Area Stampa","item":"https:\/\/www.algebris.com\/it\/category\/area-stampa\/"},{"@type":"ListItem","position":3,"name":"Omnisyst: Chicco Testa nominato Presidente del Consiglio di Amministrazione"}]},{"@type":"WebSite","@id":"https:\/\/www.algebris.com\/it\/#website","url":"https:\/\/www.algebris.com\/it\/","name":"Algebris Investments","description":"","publisher":{"@id":"https:\/\/www.algebris.com\/it\/#organization"},"potentialAction":[{"@type":"SearchAction","target":{"@type":"EntryPoint","urlTemplate":"https:\/\/www.algebris.com\/it\/?s={search_term_string}"},"query-input":{"@type":"PropertyValueSpecification","valueRequired":true,"valueName":"search_term_string"}}],"inLanguage":"it-IT"},{"@type":"Organization","@id":"https:\/\/www.algebris.com\/it\/#organization","name":"Algebris Investments","url":"https:\/\/www.algebris.com\/it\/","logo":{"@type":"ImageObject","inLanguage":"it-IT","@id":"https:\/\/www.algebris.com\/it\/#\/schema\/logo\/image\/","url":"https:\/\/media.algebris.com\/content\/cropped-logo1.png","contentUrl":"https:\/\/media.algebris.com\/content\/cropped-logo1.png","width":250,"height":78,"caption":"Algebris Investments"},"image":{"@id":"https:\/\/www.algebris.com\/it\/#\/schema\/logo\/image\/"},"sameAs":["https:\/\/www.linkedin.com\/company\/algebris-investments\/about\/","https:\/\/www.youtube.com\/channel\/UC_MiRdysidJhtSWRVxtH-3g\/featured"]},{"@type":"Person","@id":"https:\/\/www.algebris.com\/it\/#\/schema\/person\/4b3d11dd0f7d6e3130de26cc9436a0bc","name":"Andrea Molteni","image":{"@type":"ImageObject","inLanguage":"it-IT","@id":"https:\/\/www.algebris.com\/it\/#\/schema\/person\/image\/","url":"https:\/\/secure.gravatar.com\/avatar\/62e54ff4a2115d90cc8d67b085990ae2b90fd1fdc412c647e1d63cd03fde6493?s=96&d=mm&r=g","contentUrl":"https:\/\/secure.gravatar.com\/avatar\/62e54ff4a2115d90cc8d67b085990ae2b90fd1fdc412c647e1d63cd03fde6493?s=96&d=mm&r=g","caption":"Andrea Molteni"}}]}},"_links":{"self":[{"href":"https:\/\/www.algebris.com\/it\/wp-json\/wp\/v2\/posts\/18915","targetHints":{"allow":["GET"]}}],"collection":[{"href":"https:\/\/www.algebris.com\/it\/wp-json\/wp\/v2\/posts"}],"about":[{"href":"https:\/\/www.algebris.com\/it\/wp-json\/wp\/v2\/types\/post"}],"author":[{"embeddable":true,"href":"https:\/\/www.algebris.com\/it\/wp-json\/wp\/v2\/users\/7"}],"replies":[{"embeddable":true,"href":"https:\/\/www.algebris.com\/it\/wp-json\/wp\/v2\/comments?post=18915"}],"version-history":[{"count":4,"href":"https:\/\/www.algebris.com\/it\/wp-json\/wp\/v2\/posts\/18915\/revisions"}],"predecessor-version":[{"id":18921,"href":"https:\/\/www.algebris.com\/it\/wp-json\/wp\/v2\/posts\/18915\/revisions\/18921"}],"wp:attachment":[{"href":"https:\/\/www.algebris.com\/it\/wp-json\/wp\/v2\/media?parent=18915"}],"wp:term":[{"taxonomy":"category","embeddable":true,"href":"https:\/\/www.algebris.com\/it\/wp-json\/wp\/v2\/categories?post=18915"},{"taxonomy":"post_tag","embeddable":true,"href":"https:\/\/www.algebris.com\/it\/wp-json\/wp\/v2\/tags?post=18915"},{"taxonomy":"asset-class","embeddable":true,"href":"https:\/\/www.algebris.com\/it\/wp-json\/wp\/v2\/asset-class?post=18915"},{"taxonomy":"algebris-themes","embeddable":true,"href":"https:\/\/www.algebris.com\/it\/wp-json\/wp\/v2\/algebris-themes?post=18915"}],"curies":[{"name":"wp","href":"https:\/\/api.w.org\/{rel}","templated":true}]}}