{"id":26523,"date":"2025-04-22T09:03:56","date_gmt":"2025-04-22T09:03:56","guid":{"rendered":"https:\/\/www.algebris.com\/?p=26523"},"modified":"2025-04-22T10:51:01","modified_gmt":"2025-04-22T10:51:01","slug":"global-credit-bullets-martedi-22-aprile-2025","status":"publish","type":"post","link":"https:\/\/www.algebris.com\/it\/market-views-it\/global-credit-bullets-martedi-22-aprile-2025\/","title":{"rendered":"GLOBAL CREDIT BULLETS | Marted\u00ec, 22 aprile 2025"},"content":{"rendered":"\n<h5 class=\"wp-block-heading\"><strong><strong><strong><strong>Tariffe \u2013 \u201cStallo alla messicana\u201d<\/strong><\/strong><\/strong><\/strong><\/h5>\n\n\n\n<p>Stati Uniti e Cina stanno attualmente vivendo uno <em>stallo alla messicana <\/em>sulle tariffe. Entrambe le parti hanno inasprito gli annunci iniziali e l&#8217;attuale assetto renderebbe impossibile il commercio. Nessuna delle due parti mostra segnali di voler ridurre l\u2019escalation, il che lascia intendere che i colloqui richiederanno tempo e affronteranno questioni pi\u00f9 ampie del solo commercio. Le implicazioni per la crescita globale sono quindi peggiori di quanto previsto due settimane fa. Per quanto riguarda le tariffe extra-Cina, gli Stati Uniti stanno adottando un approccio \u201c<em>caso per caso<\/em>\u201d, con il Segretario al Tesoro Bessent a coordinare i colloqui: Regno Unito, India e Giappone appaiono pi\u00f9 avanti nelle trattative, mentre l\u2019Europa sembra in ritardo. I mercati si sono in gran parte stabilizzati, con una volatilit\u00e0 in graduale calo. Rileviamo ulteriori rischi, poich\u00e9 \u00e8 probabile che i negoziati in corso si protraggano abbastanza a lungo da far emergere segnali di reale debolezza nei dati macroeconomici e negli utili, con effetti prolungati sui prezzi degli asset.<\/p>\n\n\n\n<div style=\"height:28px\" aria-hidden=\"true\" class=\"wp-block-spacer\"><\/div>\n\n\n\n<h5 class=\"wp-block-heading\"><strong><strong><strong><strong><strong>BCE &#8211; Svolta dovish<\/strong><\/strong><\/strong><\/strong><\/strong><\/h5>\n\n\n\n<p>In occasione della riunione di aprile, la Banca Centrale Europea ha ridotto i tassi di interesse di 25 pb, portando il tasso di deposito al 2,25%. L&#8217;orientamento \u00e8 stato <em>dovish<\/em>. Infatti, la nuova politica tariffaria degli Stati Uniti \u00e8 vista dal Consiglio direttivo come un rischio al ribasso per le prospettive sia di inflazione che di crescita; anche la debolezza dei prezzi dell\u2019energia e la forza dell\u2019euro spingono nella stessa direzione. La Banca non ha fornito indicazioni esplicite su un taglio a giugno, ma lo riteniamo scontato. Il voto \u00e8 stato unanime, il che suggerisce che il fronte <em>hawkish<\/em> \u00e8 ora pi\u00f9 preoccupato per le prospettive economiche, e non costituisce un ostacolo alla prosecuzione dei tagli nei prossimi mesi. Vediamo rischi di ribasso rispetto al tasso terminale dell&#8217;1,5% attualmente prezzato dai mercati.<\/p>\n\n\n\n<div style=\"height:28px\" aria-hidden=\"true\" class=\"wp-block-spacer\"><\/div>\n\n\n\n<h5 class=\"wp-block-heading\"><strong><strong><strong><strong><strong><strong>Fed &#8211; Nessuna fretta di tagliare<\/strong><\/strong><\/strong><\/strong><\/strong><\/strong><\/h5>\n\n\n\n<p>La scorsa settimana, il presidente Powell ha evitato di offrire un sostegno verbale alla politica monetaria durante il suo intervento all\u2019Economic Club di Chicago. La Fed si sta mostrando pi\u00f9 preoccupata per il recente deterioramento delle aspettative di inflazione che per la crescita, anche perch\u00e9 i dati reali sul mercato del lavoro restano solidi, almeno per il momento. Alla luce di queste dichiarazioni, riteniamo molto basse le probabilit\u00e0 di un taglio il 7 maggio; un taglio a giugno \u00e8 invece molto pi\u00f9 probabile, poich\u00e9 entro la debolezza economica dovrebbe essersi ormai manifestata. Una risposta ritardata della Fed potrebbe danneggiare maggiormente i mercati e aumentare la pressione dell&#8217;amministrazione sulla banca centrale. I Treasury a lungo termine e il dollaro USA resteranno di conseguenza volatili.<\/p>\n\n\n\n<div style=\"height:30px\" aria-hidden=\"true\" class=\"wp-block-spacer\"><\/div>\n\n\n\n<p>Algebris Investments&#8217; <em>Global Credit Team<\/em><\/p>\n","protected":false},"excerpt":{"rendered":"<p>Tariffe \u2013 \u201cStallo alla messicana\u201d Stati Uniti e Cina stanno attualmente vivendo uno stallo alla messicana sulle tariffe. Entrambe le parti hanno inasprito gli annunci iniziali e l&#8217;attuale assetto renderebbe impossibile il commercio. Nessuna delle due parti mostra segnali di voler ridurre l\u2019escalation, il che lascia intendere che i colloqui richiederanno tempo e affronteranno questioni [&hellip;]<\/p>\n","protected":false},"author":7,"featured_media":26537,"comment_status":"closed","ping_status":"closed","sticky":false,"template":"","format":"standard","meta":{"_acf_changed":false,"footnotes":""},"categories":[130],"tags":[],"asset-class":[224],"algebris-themes":[235],"class_list":["post-26523","post","type-post","status-publish","format-standard","has-post-thumbnail","hentry","category-market-views-it","asset-class-credit-it","algebris-themes-global-credit-it"],"acf":[],"yoast_head":"<!-- This site is optimized with the Yoast SEO plugin v27.1.1 - https:\/\/yoast.com\/product\/yoast-seo-wordpress\/ -->\n<title>GLOBAL CREDIT BULLETS | Marted\u00ec, 22 aprile 2025 - Algebris Investments<\/title>\n<meta name=\"robots\" content=\"index, follow, max-snippet:-1, max-image-preview:large, max-video-preview:-1\" \/>\n<link rel=\"canonical\" href=\"https:\/\/www.algebris.com\/it\/market-views-it\/global-credit-bullets-martedi-22-aprile-2025\/\" \/>\n<meta property=\"og:locale\" content=\"it_IT\" \/>\n<meta property=\"og:type\" content=\"article\" \/>\n<meta property=\"og:title\" content=\"GLOBAL CREDIT BULLETS | Marted\u00ec, 22 aprile 2025 - Algebris Investments\" \/>\n<meta property=\"og:description\" content=\"Tariffe \u2013 \u201cStallo alla messicana\u201d Stati Uniti e Cina stanno attualmente vivendo uno stallo alla messicana sulle tariffe. Entrambe le parti hanno inasprito gli annunci iniziali e l&#8217;attuale assetto renderebbe impossibile il commercio. Nessuna delle due parti mostra segnali di voler ridurre l\u2019escalation, il che lascia intendere che i colloqui richiederanno tempo e affronteranno questioni [&hellip;]\" \/>\n<meta property=\"og:url\" content=\"https:\/\/www.algebris.com\/it\/market-views-it\/global-credit-bullets-martedi-22-aprile-2025\/\" \/>\n<meta property=\"og:site_name\" content=\"Algebris Investments\" \/>\n<meta property=\"article:published_time\" content=\"2025-04-22T09:03:56+00:00\" \/>\n<meta property=\"article:modified_time\" content=\"2025-04-22T10:51:01+00:00\" \/>\n<meta property=\"og:image\" content=\"https:\/\/media.algebris.com\/content\/AdobeStock_211074824.jpeg\" \/>\n\t<meta property=\"og:image:width\" content=\"1920\" \/>\n\t<meta property=\"og:image:height\" content=\"923\" \/>\n\t<meta property=\"og:image:type\" content=\"image\/jpeg\" \/>\n<meta name=\"author\" content=\"Andrea Molteni\" \/>\n<meta name=\"twitter:card\" content=\"summary_large_image\" \/>\n<meta name=\"twitter:label1\" content=\"Written by\" \/>\n\t<meta name=\"twitter:data1\" content=\"Andrea Molteni\" \/>\n\t<meta name=\"twitter:label2\" content=\"Est. reading time\" \/>\n\t<meta name=\"twitter:data2\" content=\"3 minutes\" \/>\n<script type=\"application\/ld+json\" class=\"yoast-schema-graph\">{\"@context\":\"https:\/\/schema.org\",\"@graph\":[{\"@type\":\"Article\",\"@id\":\"https:\/\/www.algebris.com\/it\/market-views-it\/global-credit-bullets-martedi-22-aprile-2025\/#article\",\"isPartOf\":{\"@id\":\"https:\/\/www.algebris.com\/it\/market-views-it\/global-credit-bullets-martedi-22-aprile-2025\/\"},\"author\":{\"name\":\"Andrea Molteni\",\"@id\":\"https:\/\/www.algebris.com\/it\/#\/schema\/person\/4b3d11dd0f7d6e3130de26cc9436a0bc\"},\"headline\":\"GLOBAL CREDIT BULLETS | Marted\u00ec, 22 aprile 2025\",\"datePublished\":\"2025-04-22T09:03:56+00:00\",\"dateModified\":\"2025-04-22T10:51:01+00:00\",\"mainEntityOfPage\":{\"@id\":\"https:\/\/www.algebris.com\/it\/market-views-it\/global-credit-bullets-martedi-22-aprile-2025\/\"},\"wordCount\":439,\"publisher\":{\"@id\":\"https:\/\/www.algebris.com\/it\/#organization\"},\"image\":{\"@id\":\"https:\/\/www.algebris.com\/it\/market-views-it\/global-credit-bullets-martedi-22-aprile-2025\/#primaryimage\"},\"thumbnailUrl\":\"https:\/\/media.algebris.com\/content\/AdobeStock_211074824.jpeg\",\"articleSection\":[\"Market Views\"],\"inLanguage\":\"it-IT\"},{\"@type\":\"WebPage\",\"@id\":\"https:\/\/www.algebris.com\/it\/market-views-it\/global-credit-bullets-martedi-22-aprile-2025\/\",\"url\":\"https:\/\/www.algebris.com\/it\/market-views-it\/global-credit-bullets-martedi-22-aprile-2025\/\",\"name\":\"GLOBAL CREDIT BULLETS | Marted\u00ec, 22 aprile 2025 - Algebris Investments\",\"isPartOf\":{\"@id\":\"https:\/\/www.algebris.com\/it\/#website\"},\"primaryImageOfPage\":{\"@id\":\"https:\/\/www.algebris.com\/it\/market-views-it\/global-credit-bullets-martedi-22-aprile-2025\/#primaryimage\"},\"image\":{\"@id\":\"https:\/\/www.algebris.com\/it\/market-views-it\/global-credit-bullets-martedi-22-aprile-2025\/#primaryimage\"},\"thumbnailUrl\":\"https:\/\/media.algebris.com\/content\/AdobeStock_211074824.jpeg\",\"datePublished\":\"2025-04-22T09:03:56+00:00\",\"dateModified\":\"2025-04-22T10:51:01+00:00\",\"breadcrumb\":{\"@id\":\"https:\/\/www.algebris.com\/it\/market-views-it\/global-credit-bullets-martedi-22-aprile-2025\/#breadcrumb\"},\"inLanguage\":\"it-IT\",\"potentialAction\":[{\"@type\":\"ReadAction\",\"target\":[\"https:\/\/www.algebris.com\/it\/market-views-it\/global-credit-bullets-martedi-22-aprile-2025\/\"]}]},{\"@type\":\"ImageObject\",\"inLanguage\":\"it-IT\",\"@id\":\"https:\/\/www.algebris.com\/it\/market-views-it\/global-credit-bullets-martedi-22-aprile-2025\/#primaryimage\",\"url\":\"https:\/\/media.algebris.com\/content\/AdobeStock_211074824.jpeg\",\"contentUrl\":\"https:\/\/media.algebris.com\/content\/AdobeStock_211074824.jpeg\",\"width\":1920,\"height\":923},{\"@type\":\"BreadcrumbList\",\"@id\":\"https:\/\/www.algebris.com\/it\/market-views-it\/global-credit-bullets-martedi-22-aprile-2025\/#breadcrumb\",\"itemListElement\":[{\"@type\":\"ListItem\",\"position\":1,\"name\":\"Home\",\"item\":\"https:\/\/www.algebris.com\/it\/\"},{\"@type\":\"ListItem\",\"position\":2,\"name\":\"Market Views\",\"item\":\"https:\/\/www.algebris.com\/it\/category\/market-views-it\/\"},{\"@type\":\"ListItem\",\"position\":3,\"name\":\"GLOBAL CREDIT BULLETS | Marted\u00ec, 22 aprile 2025\"}]},{\"@type\":\"WebSite\",\"@id\":\"https:\/\/www.algebris.com\/it\/#website\",\"url\":\"https:\/\/www.algebris.com\/it\/\",\"name\":\"Algebris Investments\",\"description\":\"\",\"publisher\":{\"@id\":\"https:\/\/www.algebris.com\/it\/#organization\"},\"potentialAction\":[{\"@type\":\"SearchAction\",\"target\":{\"@type\":\"EntryPoint\",\"urlTemplate\":\"https:\/\/www.algebris.com\/it\/?s={search_term_string}\"},\"query-input\":{\"@type\":\"PropertyValueSpecification\",\"valueRequired\":true,\"valueName\":\"search_term_string\"}}],\"inLanguage\":\"it-IT\"},{\"@type\":\"Organization\",\"@id\":\"https:\/\/www.algebris.com\/it\/#organization\",\"name\":\"Algebris Investments\",\"url\":\"https:\/\/www.algebris.com\/it\/\",\"logo\":{\"@type\":\"ImageObject\",\"inLanguage\":\"it-IT\",\"@id\":\"https:\/\/www.algebris.com\/it\/#\/schema\/logo\/image\/\",\"url\":\"https:\/\/media.algebris.com\/content\/cropped-logo1.png\",\"contentUrl\":\"https:\/\/media.algebris.com\/content\/cropped-logo1.png\",\"width\":250,\"height\":78,\"caption\":\"Algebris Investments\"},\"image\":{\"@id\":\"https:\/\/www.algebris.com\/it\/#\/schema\/logo\/image\/\"},\"sameAs\":[\"https:\/\/www.linkedin.com\/company\/algebris-investments\/about\/\",\"https:\/\/www.youtube.com\/channel\/UC_MiRdysidJhtSWRVxtH-3g\/featured\"]},{\"@type\":\"Person\",\"@id\":\"https:\/\/www.algebris.com\/it\/#\/schema\/person\/4b3d11dd0f7d6e3130de26cc9436a0bc\",\"name\":\"Andrea Molteni\",\"image\":{\"@type\":\"ImageObject\",\"inLanguage\":\"it-IT\",\"@id\":\"https:\/\/www.algebris.com\/it\/#\/schema\/person\/image\/\",\"url\":\"https:\/\/secure.gravatar.com\/avatar\/62e54ff4a2115d90cc8d67b085990ae2b90fd1fdc412c647e1d63cd03fde6493?s=96&d=mm&r=g\",\"contentUrl\":\"https:\/\/secure.gravatar.com\/avatar\/62e54ff4a2115d90cc8d67b085990ae2b90fd1fdc412c647e1d63cd03fde6493?s=96&d=mm&r=g\",\"caption\":\"Andrea Molteni\"}}]}<\/script>\n<!-- \/ Yoast SEO plugin. -->","yoast_head_json":{"title":"GLOBAL CREDIT BULLETS | Marted\u00ec, 22 aprile 2025 - Algebris Investments","robots":{"index":"index","follow":"follow","max-snippet":"max-snippet:-1","max-image-preview":"max-image-preview:large","max-video-preview":"max-video-preview:-1"},"canonical":"https:\/\/www.algebris.com\/it\/market-views-it\/global-credit-bullets-martedi-22-aprile-2025\/","og_locale":"it_IT","og_type":"article","og_title":"GLOBAL CREDIT BULLETS | Marted\u00ec, 22 aprile 2025 - Algebris Investments","og_description":"Tariffe \u2013 \u201cStallo alla messicana\u201d Stati Uniti e Cina stanno attualmente vivendo uno stallo alla messicana sulle tariffe. Entrambe le parti hanno inasprito gli annunci iniziali e l&#8217;attuale assetto renderebbe impossibile il commercio. Nessuna delle due parti mostra segnali di voler ridurre l\u2019escalation, il che lascia intendere che i colloqui richiederanno tempo e affronteranno questioni [&hellip;]","og_url":"https:\/\/www.algebris.com\/it\/market-views-it\/global-credit-bullets-martedi-22-aprile-2025\/","og_site_name":"Algebris Investments","article_published_time":"2025-04-22T09:03:56+00:00","article_modified_time":"2025-04-22T10:51:01+00:00","og_image":[{"width":1920,"height":923,"url":"https:\/\/media.algebris.com\/content\/AdobeStock_211074824.jpeg","type":"image\/jpeg"}],"author":"Andrea Molteni","twitter_card":"summary_large_image","twitter_misc":{"Written by":"Andrea Molteni","Est. reading time":"3 minutes"},"schema":{"@context":"https:\/\/schema.org","@graph":[{"@type":"Article","@id":"https:\/\/www.algebris.com\/it\/market-views-it\/global-credit-bullets-martedi-22-aprile-2025\/#article","isPartOf":{"@id":"https:\/\/www.algebris.com\/it\/market-views-it\/global-credit-bullets-martedi-22-aprile-2025\/"},"author":{"name":"Andrea Molteni","@id":"https:\/\/www.algebris.com\/it\/#\/schema\/person\/4b3d11dd0f7d6e3130de26cc9436a0bc"},"headline":"GLOBAL CREDIT BULLETS | Marted\u00ec, 22 aprile 2025","datePublished":"2025-04-22T09:03:56+00:00","dateModified":"2025-04-22T10:51:01+00:00","mainEntityOfPage":{"@id":"https:\/\/www.algebris.com\/it\/market-views-it\/global-credit-bullets-martedi-22-aprile-2025\/"},"wordCount":439,"publisher":{"@id":"https:\/\/www.algebris.com\/it\/#organization"},"image":{"@id":"https:\/\/www.algebris.com\/it\/market-views-it\/global-credit-bullets-martedi-22-aprile-2025\/#primaryimage"},"thumbnailUrl":"https:\/\/media.algebris.com\/content\/AdobeStock_211074824.jpeg","articleSection":["Market Views"],"inLanguage":"it-IT"},{"@type":"WebPage","@id":"https:\/\/www.algebris.com\/it\/market-views-it\/global-credit-bullets-martedi-22-aprile-2025\/","url":"https:\/\/www.algebris.com\/it\/market-views-it\/global-credit-bullets-martedi-22-aprile-2025\/","name":"GLOBAL CREDIT BULLETS | Marted\u00ec, 22 aprile 2025 - Algebris Investments","isPartOf":{"@id":"https:\/\/www.algebris.com\/it\/#website"},"primaryImageOfPage":{"@id":"https:\/\/www.algebris.com\/it\/market-views-it\/global-credit-bullets-martedi-22-aprile-2025\/#primaryimage"},"image":{"@id":"https:\/\/www.algebris.com\/it\/market-views-it\/global-credit-bullets-martedi-22-aprile-2025\/#primaryimage"},"thumbnailUrl":"https:\/\/media.algebris.com\/content\/AdobeStock_211074824.jpeg","datePublished":"2025-04-22T09:03:56+00:00","dateModified":"2025-04-22T10:51:01+00:00","breadcrumb":{"@id":"https:\/\/www.algebris.com\/it\/market-views-it\/global-credit-bullets-martedi-22-aprile-2025\/#breadcrumb"},"inLanguage":"it-IT","potentialAction":[{"@type":"ReadAction","target":["https:\/\/www.algebris.com\/it\/market-views-it\/global-credit-bullets-martedi-22-aprile-2025\/"]}]},{"@type":"ImageObject","inLanguage":"it-IT","@id":"https:\/\/www.algebris.com\/it\/market-views-it\/global-credit-bullets-martedi-22-aprile-2025\/#primaryimage","url":"https:\/\/media.algebris.com\/content\/AdobeStock_211074824.jpeg","contentUrl":"https:\/\/media.algebris.com\/content\/AdobeStock_211074824.jpeg","width":1920,"height":923},{"@type":"BreadcrumbList","@id":"https:\/\/www.algebris.com\/it\/market-views-it\/global-credit-bullets-martedi-22-aprile-2025\/#breadcrumb","itemListElement":[{"@type":"ListItem","position":1,"name":"Home","item":"https:\/\/www.algebris.com\/it\/"},{"@type":"ListItem","position":2,"name":"Market Views","item":"https:\/\/www.algebris.com\/it\/category\/market-views-it\/"},{"@type":"ListItem","position":3,"name":"GLOBAL CREDIT BULLETS | Marted\u00ec, 22 aprile 2025"}]},{"@type":"WebSite","@id":"https:\/\/www.algebris.com\/it\/#website","url":"https:\/\/www.algebris.com\/it\/","name":"Algebris Investments","description":"","publisher":{"@id":"https:\/\/www.algebris.com\/it\/#organization"},"potentialAction":[{"@type":"SearchAction","target":{"@type":"EntryPoint","urlTemplate":"https:\/\/www.algebris.com\/it\/?s={search_term_string}"},"query-input":{"@type":"PropertyValueSpecification","valueRequired":true,"valueName":"search_term_string"}}],"inLanguage":"it-IT"},{"@type":"Organization","@id":"https:\/\/www.algebris.com\/it\/#organization","name":"Algebris Investments","url":"https:\/\/www.algebris.com\/it\/","logo":{"@type":"ImageObject","inLanguage":"it-IT","@id":"https:\/\/www.algebris.com\/it\/#\/schema\/logo\/image\/","url":"https:\/\/media.algebris.com\/content\/cropped-logo1.png","contentUrl":"https:\/\/media.algebris.com\/content\/cropped-logo1.png","width":250,"height":78,"caption":"Algebris Investments"},"image":{"@id":"https:\/\/www.algebris.com\/it\/#\/schema\/logo\/image\/"},"sameAs":["https:\/\/www.linkedin.com\/company\/algebris-investments\/about\/","https:\/\/www.youtube.com\/channel\/UC_MiRdysidJhtSWRVxtH-3g\/featured"]},{"@type":"Person","@id":"https:\/\/www.algebris.com\/it\/#\/schema\/person\/4b3d11dd0f7d6e3130de26cc9436a0bc","name":"Andrea Molteni","image":{"@type":"ImageObject","inLanguage":"it-IT","@id":"https:\/\/www.algebris.com\/it\/#\/schema\/person\/image\/","url":"https:\/\/secure.gravatar.com\/avatar\/62e54ff4a2115d90cc8d67b085990ae2b90fd1fdc412c647e1d63cd03fde6493?s=96&d=mm&r=g","contentUrl":"https:\/\/secure.gravatar.com\/avatar\/62e54ff4a2115d90cc8d67b085990ae2b90fd1fdc412c647e1d63cd03fde6493?s=96&d=mm&r=g","caption":"Andrea Molteni"}}]}},"_links":{"self":[{"href":"https:\/\/www.algebris.com\/it\/wp-json\/wp\/v2\/posts\/26523","targetHints":{"allow":["GET"]}}],"collection":[{"href":"https:\/\/www.algebris.com\/it\/wp-json\/wp\/v2\/posts"}],"about":[{"href":"https:\/\/www.algebris.com\/it\/wp-json\/wp\/v2\/types\/post"}],"author":[{"embeddable":true,"href":"https:\/\/www.algebris.com\/it\/wp-json\/wp\/v2\/users\/7"}],"replies":[{"embeddable":true,"href":"https:\/\/www.algebris.com\/it\/wp-json\/wp\/v2\/comments?post=26523"}],"version-history":[{"count":4,"href":"https:\/\/www.algebris.com\/it\/wp-json\/wp\/v2\/posts\/26523\/revisions"}],"predecessor-version":[{"id":26546,"href":"https:\/\/www.algebris.com\/it\/wp-json\/wp\/v2\/posts\/26523\/revisions\/26546"}],"wp:featuredmedia":[{"embeddable":true,"href":"https:\/\/www.algebris.com\/it\/wp-json\/wp\/v2\/media\/26537"}],"wp:attachment":[{"href":"https:\/\/www.algebris.com\/it\/wp-json\/wp\/v2\/media?parent=26523"}],"wp:term":[{"taxonomy":"category","embeddable":true,"href":"https:\/\/www.algebris.com\/it\/wp-json\/wp\/v2\/categories?post=26523"},{"taxonomy":"post_tag","embeddable":true,"href":"https:\/\/www.algebris.com\/it\/wp-json\/wp\/v2\/tags?post=26523"},{"taxonomy":"asset-class","embeddable":true,"href":"https:\/\/www.algebris.com\/it\/wp-json\/wp\/v2\/asset-class?post=26523"},{"taxonomy":"algebris-themes","embeddable":true,"href":"https:\/\/www.algebris.com\/it\/wp-json\/wp\/v2\/algebris-themes?post=26523"}],"curies":[{"name":"wp","href":"https:\/\/api.w.org\/{rel}","templated":true}]}}