{"id":26808,"date":"2025-05-16T14:50:29","date_gmt":"2025-05-16T14:50:29","guid":{"rendered":"https:\/\/www.algebris.com\/?p=26808"},"modified":"2025-05-16T14:50:36","modified_gmt":"2025-05-16T14:50:36","slug":"utilizzo-di-profili-falsi-sui-social-network-riferiti-allamministratore-delegato-davide-serra","status":"publish","type":"post","link":"https:\/\/www.algebris.com\/it\/area-stampa\/utilizzo-di-profili-falsi-sui-social-network-riferiti-allamministratore-delegato-davide-serra\/","title":{"rendered":"Utilizzo di profili falsi sui social network riferiti all\u2019Amministratore Delegato Davide Serra"},"content":{"rendered":"\n<p><strong>Algebris Investments desidera informare che sono stati recentemente pubblicati alcuni profili social falsi attribuiti all\u2019Amministratore Delegato, Davide Serra.<\/strong><\/p>\n\n\n\n<p>In particolare, \u00e8 stata rilevata la presenza su Facebook di una pagina denominata \u201cDavide Serra\u201d, dalla quale Algebris Investments e Davide Serra si dissociano completamente, non avendo alcuna relazione con essa n\u00e9 avendone ovviamente mai autorizzato la creazione.<\/p>\n\n\n\n<p>A fronte di ci\u00f2, Algebris Investments ha prontamente segnalato tale pagina a Facebook come account falso e ha intrapreso le opportune azioni legali a tutela della propria identit\u00e0 e reputazione.<\/p>\n\n\n\n<p>I contenuti pubblicati da tale falso profilo risultano finalizzati a sfruttare indebitamente il nome e la notoriet\u00e0 di Davide Serra, attraverso la diffusione di post che fanno leva sulla sua autorevolezza nel settore finanziario ed invitano a entrare in un presunto \u201cgruppo di investimento\u201d tramite WhatsApp.<\/p>\n\n\n\n<p>Le immagini utilizzate e i messaggi condivisi hanno l\u2019evidente intento di far apparire tali attivit\u00e0 come direttamente riconducibili a Davide Serra, il che \u00e8 assolutamente falso.<\/p>\n\n\n\n<p>I diversi profili e contenuti pubblicati non sono in alcun modo collegati ad Algebris Investments, n\u00e9 al suo Amministratore Delegato, e non rappresentano le opinioni, le comunicazioni ufficiali o le attivit\u00e0 della societ\u00e0.<\/p>\n\n\n\n<p>Si invita pertanto tutti gli utenti a non interagire con questi profili, a non dare seguito alle comunicazioni ricevute e a segnalare immediatamente tali contenuti alle piattaforme social coinvolte.<\/p>\n\n\n\n<p>Per ogni comunicazione ufficiale, si invita a fare riferimento esclusivamente ai canali istituzionali indicati sul <a href=\"https:\/\/www.algebris.com\">sito web di Algebris Investments<\/a> e alla <a href=\"https:\/\/www.linkedin.com\/company\/algebris-investments\/?viewAsMember=true\">pagina LinkedIn ufficiale della societ\u00e0<\/a>.<\/p>\n","protected":false},"excerpt":{"rendered":"<p>Algebris Investments desidera informare che sono stati recentemente pubblicati alcuni profili social falsi attribuiti all\u2019Amministratore Delegato, Davide Serra. In particolare, \u00e8 stata rilevata la presenza su Facebook di una pagina denominata \u201cDavide Serra\u201d, dalla quale Algebris Investments e Davide Serra si dissociano completamente, non avendo alcuna relazione con essa n\u00e9 avendone ovviamente mai autorizzato la [&hellip;]<\/p>\n","protected":false},"author":7,"featured_media":0,"comment_status":"closed","ping_status":"closed","sticky":false,"template":"","format":"standard","meta":{"_acf_changed":false,"footnotes":""},"categories":[132],"tags":[],"asset-class":[],"algebris-themes":[],"class_list":["post-26808","post","type-post","status-publish","format-standard","hentry","category-area-stampa"],"acf":[],"yoast_head":"<!-- This site is optimized with the Yoast SEO plugin v27.1.1 - https:\/\/yoast.com\/product\/yoast-seo-wordpress\/ -->\n<title>Utilizzo di profili falsi sui social network riferiti all\u2019Amministratore Delegato Davide Serra - Algebris Investments<\/title>\n<meta name=\"robots\" content=\"index, follow, max-snippet:-1, max-image-preview:large, max-video-preview:-1\" \/>\n<link rel=\"canonical\" href=\"https:\/\/www.algebris.com\/it\/area-stampa\/utilizzo-di-profili-falsi-sui-social-network-riferiti-allamministratore-delegato-davide-serra\/\" \/>\n<meta property=\"og:locale\" content=\"it_IT\" \/>\n<meta property=\"og:type\" content=\"article\" \/>\n<meta property=\"og:title\" content=\"Utilizzo di profili falsi sui social network riferiti all\u2019Amministratore Delegato Davide Serra - Algebris Investments\" \/>\n<meta property=\"og:description\" content=\"Algebris Investments desidera informare che sono stati recentemente pubblicati alcuni profili social falsi attribuiti all\u2019Amministratore Delegato, Davide Serra. In particolare, \u00e8 stata rilevata la presenza su Facebook di una pagina denominata \u201cDavide Serra\u201d, dalla quale Algebris Investments e Davide Serra si dissociano completamente, non avendo alcuna relazione con essa n\u00e9 avendone ovviamente mai autorizzato la [&hellip;]\" \/>\n<meta property=\"og:url\" content=\"https:\/\/www.algebris.com\/it\/area-stampa\/utilizzo-di-profili-falsi-sui-social-network-riferiti-allamministratore-delegato-davide-serra\/\" \/>\n<meta property=\"og:site_name\" content=\"Algebris Investments\" \/>\n<meta property=\"article:published_time\" content=\"2025-05-16T14:50:29+00:00\" \/>\n<meta property=\"article:modified_time\" content=\"2025-05-16T14:50:36+00:00\" \/>\n<meta name=\"author\" content=\"Andrea Molteni\" \/>\n<meta name=\"twitter:card\" content=\"summary_large_image\" \/>\n<meta name=\"twitter:label1\" content=\"Written by\" \/>\n\t<meta name=\"twitter:data1\" content=\"Andrea Molteni\" \/>\n\t<meta name=\"twitter:label2\" content=\"Est. reading time\" \/>\n\t<meta name=\"twitter:data2\" content=\"2 minutes\" \/>\n<script type=\"application\/ld+json\" class=\"yoast-schema-graph\">{\"@context\":\"https:\/\/schema.org\",\"@graph\":[{\"@type\":\"Article\",\"@id\":\"https:\/\/www.algebris.com\/it\/area-stampa\/utilizzo-di-profili-falsi-sui-social-network-riferiti-allamministratore-delegato-davide-serra\/#article\",\"isPartOf\":{\"@id\":\"https:\/\/www.algebris.com\/it\/area-stampa\/utilizzo-di-profili-falsi-sui-social-network-riferiti-allamministratore-delegato-davide-serra\/\"},\"author\":{\"name\":\"Andrea Molteni\",\"@id\":\"https:\/\/www.algebris.com\/it\/#\/schema\/person\/4b3d11dd0f7d6e3130de26cc9436a0bc\"},\"headline\":\"Utilizzo di profili falsi sui social network riferiti all\u2019Amministratore Delegato Davide Serra\",\"datePublished\":\"2025-05-16T14:50:29+00:00\",\"dateModified\":\"2025-05-16T14:50:36+00:00\",\"mainEntityOfPage\":{\"@id\":\"https:\/\/www.algebris.com\/it\/area-stampa\/utilizzo-di-profili-falsi-sui-social-network-riferiti-allamministratore-delegato-davide-serra\/\"},\"wordCount\":260,\"publisher\":{\"@id\":\"https:\/\/www.algebris.com\/it\/#organization\"},\"articleSection\":[\"Area Stampa\"],\"inLanguage\":\"it-IT\"},{\"@type\":\"WebPage\",\"@id\":\"https:\/\/www.algebris.com\/it\/area-stampa\/utilizzo-di-profili-falsi-sui-social-network-riferiti-allamministratore-delegato-davide-serra\/\",\"url\":\"https:\/\/www.algebris.com\/it\/area-stampa\/utilizzo-di-profili-falsi-sui-social-network-riferiti-allamministratore-delegato-davide-serra\/\",\"name\":\"Utilizzo di profili falsi sui social network riferiti all\u2019Amministratore Delegato Davide Serra - Algebris Investments\",\"isPartOf\":{\"@id\":\"https:\/\/www.algebris.com\/it\/#website\"},\"datePublished\":\"2025-05-16T14:50:29+00:00\",\"dateModified\":\"2025-05-16T14:50:36+00:00\",\"breadcrumb\":{\"@id\":\"https:\/\/www.algebris.com\/it\/area-stampa\/utilizzo-di-profili-falsi-sui-social-network-riferiti-allamministratore-delegato-davide-serra\/#breadcrumb\"},\"inLanguage\":\"it-IT\",\"potentialAction\":[{\"@type\":\"ReadAction\",\"target\":[\"https:\/\/www.algebris.com\/it\/area-stampa\/utilizzo-di-profili-falsi-sui-social-network-riferiti-allamministratore-delegato-davide-serra\/\"]}]},{\"@type\":\"BreadcrumbList\",\"@id\":\"https:\/\/www.algebris.com\/it\/area-stampa\/utilizzo-di-profili-falsi-sui-social-network-riferiti-allamministratore-delegato-davide-serra\/#breadcrumb\",\"itemListElement\":[{\"@type\":\"ListItem\",\"position\":1,\"name\":\"Home\",\"item\":\"https:\/\/www.algebris.com\/it\/\"},{\"@type\":\"ListItem\",\"position\":2,\"name\":\"Area Stampa\",\"item\":\"https:\/\/www.algebris.com\/it\/category\/area-stampa\/\"},{\"@type\":\"ListItem\",\"position\":3,\"name\":\"Utilizzo di profili falsi sui social network riferiti all\u2019Amministratore Delegato Davide Serra\"}]},{\"@type\":\"WebSite\",\"@id\":\"https:\/\/www.algebris.com\/it\/#website\",\"url\":\"https:\/\/www.algebris.com\/it\/\",\"name\":\"Algebris Investments\",\"description\":\"\",\"publisher\":{\"@id\":\"https:\/\/www.algebris.com\/it\/#organization\"},\"potentialAction\":[{\"@type\":\"SearchAction\",\"target\":{\"@type\":\"EntryPoint\",\"urlTemplate\":\"https:\/\/www.algebris.com\/it\/?s={search_term_string}\"},\"query-input\":{\"@type\":\"PropertyValueSpecification\",\"valueRequired\":true,\"valueName\":\"search_term_string\"}}],\"inLanguage\":\"it-IT\"},{\"@type\":\"Organization\",\"@id\":\"https:\/\/www.algebris.com\/it\/#organization\",\"name\":\"Algebris Investments\",\"url\":\"https:\/\/www.algebris.com\/it\/\",\"logo\":{\"@type\":\"ImageObject\",\"inLanguage\":\"it-IT\",\"@id\":\"https:\/\/www.algebris.com\/it\/#\/schema\/logo\/image\/\",\"url\":\"https:\/\/media.algebris.com\/content\/cropped-logo1.png\",\"contentUrl\":\"https:\/\/media.algebris.com\/content\/cropped-logo1.png\",\"width\":250,\"height\":78,\"caption\":\"Algebris Investments\"},\"image\":{\"@id\":\"https:\/\/www.algebris.com\/it\/#\/schema\/logo\/image\/\"},\"sameAs\":[\"https:\/\/www.linkedin.com\/company\/algebris-investments\/about\/\",\"https:\/\/www.youtube.com\/channel\/UC_MiRdysidJhtSWRVxtH-3g\/featured\"]},{\"@type\":\"Person\",\"@id\":\"https:\/\/www.algebris.com\/it\/#\/schema\/person\/4b3d11dd0f7d6e3130de26cc9436a0bc\",\"name\":\"Andrea Molteni\",\"image\":{\"@type\":\"ImageObject\",\"inLanguage\":\"it-IT\",\"@id\":\"https:\/\/www.algebris.com\/it\/#\/schema\/person\/image\/\",\"url\":\"https:\/\/secure.gravatar.com\/avatar\/62e54ff4a2115d90cc8d67b085990ae2b90fd1fdc412c647e1d63cd03fde6493?s=96&d=mm&r=g\",\"contentUrl\":\"https:\/\/secure.gravatar.com\/avatar\/62e54ff4a2115d90cc8d67b085990ae2b90fd1fdc412c647e1d63cd03fde6493?s=96&d=mm&r=g\",\"caption\":\"Andrea Molteni\"}}]}<\/script>\n<!-- \/ Yoast SEO plugin. -->","yoast_head_json":{"title":"Utilizzo di profili falsi sui social network riferiti all\u2019Amministratore Delegato Davide Serra - Algebris Investments","robots":{"index":"index","follow":"follow","max-snippet":"max-snippet:-1","max-image-preview":"max-image-preview:large","max-video-preview":"max-video-preview:-1"},"canonical":"https:\/\/www.algebris.com\/it\/area-stampa\/utilizzo-di-profili-falsi-sui-social-network-riferiti-allamministratore-delegato-davide-serra\/","og_locale":"it_IT","og_type":"article","og_title":"Utilizzo di profili falsi sui social network riferiti all\u2019Amministratore Delegato Davide Serra - Algebris Investments","og_description":"Algebris Investments desidera informare che sono stati recentemente pubblicati alcuni profili social falsi attribuiti all\u2019Amministratore Delegato, Davide Serra. In particolare, \u00e8 stata rilevata la presenza su Facebook di una pagina denominata \u201cDavide Serra\u201d, dalla quale Algebris Investments e Davide Serra si dissociano completamente, non avendo alcuna relazione con essa n\u00e9 avendone ovviamente mai autorizzato la [&hellip;]","og_url":"https:\/\/www.algebris.com\/it\/area-stampa\/utilizzo-di-profili-falsi-sui-social-network-riferiti-allamministratore-delegato-davide-serra\/","og_site_name":"Algebris Investments","article_published_time":"2025-05-16T14:50:29+00:00","article_modified_time":"2025-05-16T14:50:36+00:00","author":"Andrea Molteni","twitter_card":"summary_large_image","twitter_misc":{"Written by":"Andrea Molteni","Est. reading time":"2 minutes"},"schema":{"@context":"https:\/\/schema.org","@graph":[{"@type":"Article","@id":"https:\/\/www.algebris.com\/it\/area-stampa\/utilizzo-di-profili-falsi-sui-social-network-riferiti-allamministratore-delegato-davide-serra\/#article","isPartOf":{"@id":"https:\/\/www.algebris.com\/it\/area-stampa\/utilizzo-di-profili-falsi-sui-social-network-riferiti-allamministratore-delegato-davide-serra\/"},"author":{"name":"Andrea Molteni","@id":"https:\/\/www.algebris.com\/it\/#\/schema\/person\/4b3d11dd0f7d6e3130de26cc9436a0bc"},"headline":"Utilizzo di profili falsi sui social network riferiti all\u2019Amministratore Delegato Davide Serra","datePublished":"2025-05-16T14:50:29+00:00","dateModified":"2025-05-16T14:50:36+00:00","mainEntityOfPage":{"@id":"https:\/\/www.algebris.com\/it\/area-stampa\/utilizzo-di-profili-falsi-sui-social-network-riferiti-allamministratore-delegato-davide-serra\/"},"wordCount":260,"publisher":{"@id":"https:\/\/www.algebris.com\/it\/#organization"},"articleSection":["Area Stampa"],"inLanguage":"it-IT"},{"@type":"WebPage","@id":"https:\/\/www.algebris.com\/it\/area-stampa\/utilizzo-di-profili-falsi-sui-social-network-riferiti-allamministratore-delegato-davide-serra\/","url":"https:\/\/www.algebris.com\/it\/area-stampa\/utilizzo-di-profili-falsi-sui-social-network-riferiti-allamministratore-delegato-davide-serra\/","name":"Utilizzo di profili falsi sui social network riferiti all\u2019Amministratore Delegato Davide Serra - Algebris Investments","isPartOf":{"@id":"https:\/\/www.algebris.com\/it\/#website"},"datePublished":"2025-05-16T14:50:29+00:00","dateModified":"2025-05-16T14:50:36+00:00","breadcrumb":{"@id":"https:\/\/www.algebris.com\/it\/area-stampa\/utilizzo-di-profili-falsi-sui-social-network-riferiti-allamministratore-delegato-davide-serra\/#breadcrumb"},"inLanguage":"it-IT","potentialAction":[{"@type":"ReadAction","target":["https:\/\/www.algebris.com\/it\/area-stampa\/utilizzo-di-profili-falsi-sui-social-network-riferiti-allamministratore-delegato-davide-serra\/"]}]},{"@type":"BreadcrumbList","@id":"https:\/\/www.algebris.com\/it\/area-stampa\/utilizzo-di-profili-falsi-sui-social-network-riferiti-allamministratore-delegato-davide-serra\/#breadcrumb","itemListElement":[{"@type":"ListItem","position":1,"name":"Home","item":"https:\/\/www.algebris.com\/it\/"},{"@type":"ListItem","position":2,"name":"Area Stampa","item":"https:\/\/www.algebris.com\/it\/category\/area-stampa\/"},{"@type":"ListItem","position":3,"name":"Utilizzo di profili falsi sui social network riferiti all\u2019Amministratore Delegato Davide Serra"}]},{"@type":"WebSite","@id":"https:\/\/www.algebris.com\/it\/#website","url":"https:\/\/www.algebris.com\/it\/","name":"Algebris Investments","description":"","publisher":{"@id":"https:\/\/www.algebris.com\/it\/#organization"},"potentialAction":[{"@type":"SearchAction","target":{"@type":"EntryPoint","urlTemplate":"https:\/\/www.algebris.com\/it\/?s={search_term_string}"},"query-input":{"@type":"PropertyValueSpecification","valueRequired":true,"valueName":"search_term_string"}}],"inLanguage":"it-IT"},{"@type":"Organization","@id":"https:\/\/www.algebris.com\/it\/#organization","name":"Algebris Investments","url":"https:\/\/www.algebris.com\/it\/","logo":{"@type":"ImageObject","inLanguage":"it-IT","@id":"https:\/\/www.algebris.com\/it\/#\/schema\/logo\/image\/","url":"https:\/\/media.algebris.com\/content\/cropped-logo1.png","contentUrl":"https:\/\/media.algebris.com\/content\/cropped-logo1.png","width":250,"height":78,"caption":"Algebris Investments"},"image":{"@id":"https:\/\/www.algebris.com\/it\/#\/schema\/logo\/image\/"},"sameAs":["https:\/\/www.linkedin.com\/company\/algebris-investments\/about\/","https:\/\/www.youtube.com\/channel\/UC_MiRdysidJhtSWRVxtH-3g\/featured"]},{"@type":"Person","@id":"https:\/\/www.algebris.com\/it\/#\/schema\/person\/4b3d11dd0f7d6e3130de26cc9436a0bc","name":"Andrea Molteni","image":{"@type":"ImageObject","inLanguage":"it-IT","@id":"https:\/\/www.algebris.com\/it\/#\/schema\/person\/image\/","url":"https:\/\/secure.gravatar.com\/avatar\/62e54ff4a2115d90cc8d67b085990ae2b90fd1fdc412c647e1d63cd03fde6493?s=96&d=mm&r=g","contentUrl":"https:\/\/secure.gravatar.com\/avatar\/62e54ff4a2115d90cc8d67b085990ae2b90fd1fdc412c647e1d63cd03fde6493?s=96&d=mm&r=g","caption":"Andrea Molteni"}}]}},"_links":{"self":[{"href":"https:\/\/www.algebris.com\/it\/wp-json\/wp\/v2\/posts\/26808","targetHints":{"allow":["GET"]}}],"collection":[{"href":"https:\/\/www.algebris.com\/it\/wp-json\/wp\/v2\/posts"}],"about":[{"href":"https:\/\/www.algebris.com\/it\/wp-json\/wp\/v2\/types\/post"}],"author":[{"embeddable":true,"href":"https:\/\/www.algebris.com\/it\/wp-json\/wp\/v2\/users\/7"}],"replies":[{"embeddable":true,"href":"https:\/\/www.algebris.com\/it\/wp-json\/wp\/v2\/comments?post=26808"}],"version-history":[{"count":1,"href":"https:\/\/www.algebris.com\/it\/wp-json\/wp\/v2\/posts\/26808\/revisions"}],"predecessor-version":[{"id":26809,"href":"https:\/\/www.algebris.com\/it\/wp-json\/wp\/v2\/posts\/26808\/revisions\/26809"}],"wp:attachment":[{"href":"https:\/\/www.algebris.com\/it\/wp-json\/wp\/v2\/media?parent=26808"}],"wp:term":[{"taxonomy":"category","embeddable":true,"href":"https:\/\/www.algebris.com\/it\/wp-json\/wp\/v2\/categories?post=26808"},{"taxonomy":"post_tag","embeddable":true,"href":"https:\/\/www.algebris.com\/it\/wp-json\/wp\/v2\/tags?post=26808"},{"taxonomy":"asset-class","embeddable":true,"href":"https:\/\/www.algebris.com\/it\/wp-json\/wp\/v2\/asset-class?post=26808"},{"taxonomy":"algebris-themes","embeddable":true,"href":"https:\/\/www.algebris.com\/it\/wp-json\/wp\/v2\/algebris-themes?post=26808"}],"curies":[{"name":"wp","href":"https:\/\/api.w.org\/{rel}","templated":true}]}}