{"id":28358,"date":"2025-11-04T11:46:24","date_gmt":"2025-11-04T11:46:24","guid":{"rendered":"https:\/\/www.algebris.com\/?p=28358"},"modified":"2025-11-04T11:46:25","modified_gmt":"2025-11-04T11:46:25","slug":"debutta-il-nuovo-fondo-algebris-tricolore-pmi","status":"publish","type":"post","link":"https:\/\/www.algebris.com\/it\/area-stampa\/debutta-il-nuovo-fondo-algebris-tricolore-pmi\/","title":{"rendered":"Debutta il nuovo fondo Algebris Tricolore PMI"},"content":{"rendered":"\n<p>Milano, 4 novembre 2025<\/p>\n\n\n\n<p><strong>Algebris Investments annuncia il lancio di Algebris Tricolore PMI, Fondo di Investimento Alternativo (FIA) chiuso e riservato di diritto italiano che investe in piccole e medie imprese nel nostro Paese.<\/strong><\/p>\n\n\n\n<p><strong>Il nuovo fondo Algebris Tricolore PMI (\u201cIl Fondo\u201d) rientra nel progetto del Fondo Nazionale Strategico Indiretto (FNSI), comparto di Patrimonio Rilancio, promosso dal Ministero dell\u2019Economia e delle Finanze e gestito da Cassa Depositi e Prestiti per sostenere l\u2019infrastruttura del mercato dei capitali in Italia.<\/strong><\/p>\n\n\n\n<p>Algebris Tricolore PMI nasce con l\u2019obiettivo di generare valore investendo nelle mid e small-cap italiane, vere e proprie eccellenze industriali del Paese che, pur mostrando solidi fondamentali, hanno recentemente risentito del rallentamento macroeconomico, dell\u2019aumento dei tassi d\u2019interesse e del de-rating dei multipli di mercato.<\/p>\n\n\n\n<p>Il Fondo sar\u00e0 attivo fino al 2032 e, coerentemente con quanto previsto dalla Legge 28 ottobre 2024, n.162 (c.d. Legge Start-Up), investir\u00e0 per almeno il 70% in micro, small e mid cap italiane di qualit\u00e0 ad alta crescita, con bilanci sani, solida generazione di cassa ed elevati ritorni sul capitale.<\/p>\n\n\n\n<p>La struttura chiusa del Fondo e il vincolo a investire principalmente in titoli di societ\u00e0 italiane non appartenenti al FTSE MIB n\u00e9 al settore finanziario, confermano la volont\u00e0 di Algebris di prendere parte al rilancio di un segmento spesso trascurato, ma storicamente capace di offrire ritorni significativi. Un comparto che, dai primi mesi del 2025, sta mostrando segnali incoraggianti anche sul fronte degli utili.<\/p>\n\n\n\n<p>Algebris Tricolore PMI \u00e8 destinato a investitori professionali, tra cui fondi pensione e casse di previdenza che potranno beneficiare dell\u2019esenzione dall\u2019imposta sui rendimenti, massimizzando cos\u00ec il potenziale di crescita dei propri investimenti. Saranno affiancati dal Fondo Nazionale Strategico Indiretto (\u201cFNSI\u201d), comparto del Patrimonio Rilancio, strumento promosso da Ministero dell\u2019Economia e delle Finanze e gestito da Cassa Depositi e Prestiti.<\/p>\n\n\n\n<p>L\u2019obiettivo minimo di raccolta \u00e8 pari a circa 70 milioni di euro.<\/p>\n\n\n\n<p>Il team di gestione del Fondo \u00e8 composto da tredici professionisti con comprovata esperienza sul mercato azionario italiano. A guidarlo, due gestori specializzati nel segmento delle PMI, Simone Ragazzi e Luca Mori, con una lunga esperienza nella gestione di mandati per fondi sovrani, PIR ed ELTIF all\u2019interno di Algebris.<\/p>\n\n\n\n<p><strong>Davide Serra, Fondatore e Amministratore Delegato di Algebris Investments<\/strong>, ha dichiarato: \u201cCrediamo fortemente in questa iniziativa promossa dal MEF e da CDP. I capitali dispiegati dai partecipanti al progetto possono innescare un circolo virtuoso, offrendo un\u2019opportunit\u00e0 concreta per sostenere il tessuto imprenditoriale italiano. La nostra esperienza nel segmento delle PMI ci consente di individuare realt\u00e0 con grande potenziale di crescita, guidate da imprenditori visionari. Algebris ci crede e parteciper\u00e0 attivamente al Fondo, affiancando gli investitori con il proprio impegno e investimento\u201d.<\/p>\n\n\n\n<p><\/p>\n\n\n\n<hr class=\"wp-block-separator has-alpha-channel-opacity\"\/>\n\n\n\n<p><strong>Questa \u00e8 una comunicazione di marketing. Si prega di consultare il documento informativo del FIA prima di prendere una decisione finale di investimento. <u>Il Fondo \u00e8 riservato esclusivamente agli investitori professionali<\/u>.<\/strong><\/p>\n\n\n\n<p>Il presente comunicato stampa non costituisce un&#8217;offerta o un invito rivolto a soggetti residenti in giurisdizioni in cui tale distribuzione non sia autorizzata. Tutte le informazioni contenute nel presente comunicato sono aggiornate al momento della pubblicazione e, per quanto a nostra conoscenza, accurate. Il valore degli investimenti e il reddito da essi derivante possono aumentare o diminuire e non sono garantiti. Gli investitori potrebbero non recuperare l&#8217;importo originariamente investito. Gli investimenti in titoli dei mercati privati sono generalmente illiquidi, in quanto non sono negoziabili in borsa o sul mercato secondario, n\u00e9 trasferibili. I mercati privati sono investimenti ad alto rischio e non adatti a tutti gli investitori. I rischi di sostenibilit\u00e0 possono influire negativamente sui rendimenti di un fondo. Tali rischi, derivanti da questioni ambientali, sociali o di governance (ESG), possono concretizzarsi in eventi o condizioni che causano un impatto negativo significativo sul valore degli investimenti. La mancanza di standard di rendicontazione comuni pu\u00f2 comportare valutazioni diverse dei criteri ESG\/di sostenibilit\u00e0 per l&#8217;esclusione degli investimenti. A questo proposito, lo screening di esclusione ESG pu\u00f2 indurre il Fondo a rinunciare a opportunit\u00e0 di investimento, con conseguente possibile perdita per il Fondo.<\/p>\n\n\n\n<p>\u00a9 2025 Algebris Investments. Algebris Investments \u00e8 il nome commerciale del Gruppo Algebris.<\/p>\n","protected":false},"excerpt":{"rendered":"<p>Milano, 4 novembre 2025 Algebris Investments annuncia il lancio di Algebris Tricolore PMI, Fondo di Investimento Alternativo (FIA) chiuso e riservato di diritto italiano che investe in piccole e medie imprese nel nostro Paese. Il nuovo fondo Algebris Tricolore PMI (\u201cIl Fondo\u201d) rientra nel progetto del Fondo Nazionale Strategico Indiretto (FNSI), comparto di Patrimonio Rilancio, [&hellip;]<\/p>\n","protected":false},"author":21,"featured_media":0,"comment_status":"closed","ping_status":"closed","sticky":false,"template":"","format":"standard","meta":{"_acf_changed":false,"footnotes":""},"categories":[132],"tags":[],"asset-class":[],"algebris-themes":[],"class_list":["post-28358","post","type-post","status-publish","format-standard","hentry","category-area-stampa"],"acf":[],"yoast_head":"<!-- This site is optimized with the Yoast SEO plugin v27.1.1 - https:\/\/yoast.com\/product\/yoast-seo-wordpress\/ -->\n<title>Debutta il nuovo fondo Algebris Tricolore PMI - Algebris Investments<\/title>\n<meta name=\"robots\" content=\"index, follow, max-snippet:-1, max-image-preview:large, max-video-preview:-1\" \/>\n<link rel=\"canonical\" href=\"https:\/\/www.algebris.com\/it\/area-stampa\/debutta-il-nuovo-fondo-algebris-tricolore-pmi\/\" \/>\n<meta property=\"og:locale\" content=\"it_IT\" \/>\n<meta property=\"og:type\" content=\"article\" \/>\n<meta property=\"og:title\" content=\"Debutta il nuovo fondo Algebris Tricolore PMI - Algebris Investments\" \/>\n<meta property=\"og:description\" content=\"Milano, 4 novembre 2025 Algebris Investments annuncia il lancio di Algebris Tricolore PMI, Fondo di Investimento Alternativo (FIA) chiuso e riservato di diritto italiano che investe in piccole e medie imprese nel nostro Paese. Il nuovo fondo Algebris Tricolore PMI (\u201cIl Fondo\u201d) rientra nel progetto del Fondo Nazionale Strategico Indiretto (FNSI), comparto di Patrimonio Rilancio, [&hellip;]\" \/>\n<meta property=\"og:url\" content=\"https:\/\/www.algebris.com\/it\/area-stampa\/debutta-il-nuovo-fondo-algebris-tricolore-pmi\/\" \/>\n<meta property=\"og:site_name\" content=\"Algebris Investments\" \/>\n<meta property=\"article:published_time\" content=\"2025-11-04T11:46:24+00:00\" \/>\n<meta property=\"article:modified_time\" content=\"2025-11-04T11:46:25+00:00\" \/>\n<meta name=\"author\" content=\"Marta Pizzamiglio\" \/>\n<meta name=\"twitter:card\" content=\"summary_large_image\" \/>\n<meta name=\"twitter:label1\" content=\"Written by\" \/>\n\t<meta name=\"twitter:data1\" content=\"Marta Pizzamiglio\" \/>\n\t<meta name=\"twitter:label2\" content=\"Est. reading time\" \/>\n\t<meta name=\"twitter:data2\" content=\"3 minutes\" \/>\n<script type=\"application\/ld+json\" class=\"yoast-schema-graph\">{\"@context\":\"https:\/\/schema.org\",\"@graph\":[{\"@type\":\"Article\",\"@id\":\"https:\/\/www.algebris.com\/it\/area-stampa\/debutta-il-nuovo-fondo-algebris-tricolore-pmi\/#article\",\"isPartOf\":{\"@id\":\"https:\/\/www.algebris.com\/it\/area-stampa\/debutta-il-nuovo-fondo-algebris-tricolore-pmi\/\"},\"author\":{\"name\":\"Marta Pizzamiglio\",\"@id\":\"https:\/\/www.algebris.com\/it\/#\/schema\/person\/d0d7cdae1539965e8505a59d6faf3376\"},\"headline\":\"Debutta il nuovo fondo Algebris Tricolore PMI\",\"datePublished\":\"2025-11-04T11:46:24+00:00\",\"dateModified\":\"2025-11-04T11:46:25+00:00\",\"mainEntityOfPage\":{\"@id\":\"https:\/\/www.algebris.com\/it\/area-stampa\/debutta-il-nuovo-fondo-algebris-tricolore-pmi\/\"},\"wordCount\":678,\"publisher\":{\"@id\":\"https:\/\/www.algebris.com\/it\/#organization\"},\"articleSection\":[\"Area Stampa\"],\"inLanguage\":\"it-IT\"},{\"@type\":\"WebPage\",\"@id\":\"https:\/\/www.algebris.com\/it\/area-stampa\/debutta-il-nuovo-fondo-algebris-tricolore-pmi\/\",\"url\":\"https:\/\/www.algebris.com\/it\/area-stampa\/debutta-il-nuovo-fondo-algebris-tricolore-pmi\/\",\"name\":\"Debutta il nuovo fondo Algebris Tricolore PMI - Algebris Investments\",\"isPartOf\":{\"@id\":\"https:\/\/www.algebris.com\/it\/#website\"},\"datePublished\":\"2025-11-04T11:46:24+00:00\",\"dateModified\":\"2025-11-04T11:46:25+00:00\",\"breadcrumb\":{\"@id\":\"https:\/\/www.algebris.com\/it\/area-stampa\/debutta-il-nuovo-fondo-algebris-tricolore-pmi\/#breadcrumb\"},\"inLanguage\":\"it-IT\",\"potentialAction\":[{\"@type\":\"ReadAction\",\"target\":[\"https:\/\/www.algebris.com\/it\/area-stampa\/debutta-il-nuovo-fondo-algebris-tricolore-pmi\/\"]}]},{\"@type\":\"BreadcrumbList\",\"@id\":\"https:\/\/www.algebris.com\/it\/area-stampa\/debutta-il-nuovo-fondo-algebris-tricolore-pmi\/#breadcrumb\",\"itemListElement\":[{\"@type\":\"ListItem\",\"position\":1,\"name\":\"Home\",\"item\":\"https:\/\/www.algebris.com\/it\/\"},{\"@type\":\"ListItem\",\"position\":2,\"name\":\"Area Stampa\",\"item\":\"https:\/\/www.algebris.com\/it\/category\/area-stampa\/\"},{\"@type\":\"ListItem\",\"position\":3,\"name\":\"Debutta il nuovo fondo Algebris Tricolore PMI\"}]},{\"@type\":\"WebSite\",\"@id\":\"https:\/\/www.algebris.com\/it\/#website\",\"url\":\"https:\/\/www.algebris.com\/it\/\",\"name\":\"Algebris Investments\",\"description\":\"\",\"publisher\":{\"@id\":\"https:\/\/www.algebris.com\/it\/#organization\"},\"potentialAction\":[{\"@type\":\"SearchAction\",\"target\":{\"@type\":\"EntryPoint\",\"urlTemplate\":\"https:\/\/www.algebris.com\/it\/?s={search_term_string}\"},\"query-input\":{\"@type\":\"PropertyValueSpecification\",\"valueRequired\":true,\"valueName\":\"search_term_string\"}}],\"inLanguage\":\"it-IT\"},{\"@type\":\"Organization\",\"@id\":\"https:\/\/www.algebris.com\/it\/#organization\",\"name\":\"Algebris Investments\",\"url\":\"https:\/\/www.algebris.com\/it\/\",\"logo\":{\"@type\":\"ImageObject\",\"inLanguage\":\"it-IT\",\"@id\":\"https:\/\/www.algebris.com\/it\/#\/schema\/logo\/image\/\",\"url\":\"https:\/\/media.algebris.com\/content\/cropped-logo1.png\",\"contentUrl\":\"https:\/\/media.algebris.com\/content\/cropped-logo1.png\",\"width\":250,\"height\":78,\"caption\":\"Algebris Investments\"},\"image\":{\"@id\":\"https:\/\/www.algebris.com\/it\/#\/schema\/logo\/image\/\"},\"sameAs\":[\"https:\/\/www.linkedin.com\/company\/algebris-investments\/about\/\",\"https:\/\/www.youtube.com\/channel\/UC_MiRdysidJhtSWRVxtH-3g\/featured\"]},{\"@type\":\"Person\",\"@id\":\"https:\/\/www.algebris.com\/it\/#\/schema\/person\/d0d7cdae1539965e8505a59d6faf3376\",\"name\":\"Marta Pizzamiglio\",\"image\":{\"@type\":\"ImageObject\",\"inLanguage\":\"it-IT\",\"@id\":\"https:\/\/www.algebris.com\/it\/#\/schema\/person\/image\/\",\"url\":\"https:\/\/secure.gravatar.com\/avatar\/1ba1db7cb22f114e33563723d27d93f2abd48efcb6f45d6ed046e0ba266f4513?s=96&d=mm&r=g\",\"contentUrl\":\"https:\/\/secure.gravatar.com\/avatar\/1ba1db7cb22f114e33563723d27d93f2abd48efcb6f45d6ed046e0ba266f4513?s=96&d=mm&r=g\",\"caption\":\"Marta Pizzamiglio\"}}]}<\/script>\n<!-- \/ Yoast SEO plugin. -->","yoast_head_json":{"title":"Debutta il nuovo fondo Algebris Tricolore PMI - Algebris Investments","robots":{"index":"index","follow":"follow","max-snippet":"max-snippet:-1","max-image-preview":"max-image-preview:large","max-video-preview":"max-video-preview:-1"},"canonical":"https:\/\/www.algebris.com\/it\/area-stampa\/debutta-il-nuovo-fondo-algebris-tricolore-pmi\/","og_locale":"it_IT","og_type":"article","og_title":"Debutta il nuovo fondo Algebris Tricolore PMI - Algebris Investments","og_description":"Milano, 4 novembre 2025 Algebris Investments annuncia il lancio di Algebris Tricolore PMI, Fondo di Investimento Alternativo (FIA) chiuso e riservato di diritto italiano che investe in piccole e medie imprese nel nostro Paese. Il nuovo fondo Algebris Tricolore PMI (\u201cIl Fondo\u201d) rientra nel progetto del Fondo Nazionale Strategico Indiretto (FNSI), comparto di Patrimonio Rilancio, [&hellip;]","og_url":"https:\/\/www.algebris.com\/it\/area-stampa\/debutta-il-nuovo-fondo-algebris-tricolore-pmi\/","og_site_name":"Algebris Investments","article_published_time":"2025-11-04T11:46:24+00:00","article_modified_time":"2025-11-04T11:46:25+00:00","author":"Marta Pizzamiglio","twitter_card":"summary_large_image","twitter_misc":{"Written by":"Marta Pizzamiglio","Est. reading time":"3 minutes"},"schema":{"@context":"https:\/\/schema.org","@graph":[{"@type":"Article","@id":"https:\/\/www.algebris.com\/it\/area-stampa\/debutta-il-nuovo-fondo-algebris-tricolore-pmi\/#article","isPartOf":{"@id":"https:\/\/www.algebris.com\/it\/area-stampa\/debutta-il-nuovo-fondo-algebris-tricolore-pmi\/"},"author":{"name":"Marta Pizzamiglio","@id":"https:\/\/www.algebris.com\/it\/#\/schema\/person\/d0d7cdae1539965e8505a59d6faf3376"},"headline":"Debutta il nuovo fondo Algebris Tricolore PMI","datePublished":"2025-11-04T11:46:24+00:00","dateModified":"2025-11-04T11:46:25+00:00","mainEntityOfPage":{"@id":"https:\/\/www.algebris.com\/it\/area-stampa\/debutta-il-nuovo-fondo-algebris-tricolore-pmi\/"},"wordCount":678,"publisher":{"@id":"https:\/\/www.algebris.com\/it\/#organization"},"articleSection":["Area Stampa"],"inLanguage":"it-IT"},{"@type":"WebPage","@id":"https:\/\/www.algebris.com\/it\/area-stampa\/debutta-il-nuovo-fondo-algebris-tricolore-pmi\/","url":"https:\/\/www.algebris.com\/it\/area-stampa\/debutta-il-nuovo-fondo-algebris-tricolore-pmi\/","name":"Debutta il nuovo fondo Algebris Tricolore PMI - Algebris Investments","isPartOf":{"@id":"https:\/\/www.algebris.com\/it\/#website"},"datePublished":"2025-11-04T11:46:24+00:00","dateModified":"2025-11-04T11:46:25+00:00","breadcrumb":{"@id":"https:\/\/www.algebris.com\/it\/area-stampa\/debutta-il-nuovo-fondo-algebris-tricolore-pmi\/#breadcrumb"},"inLanguage":"it-IT","potentialAction":[{"@type":"ReadAction","target":["https:\/\/www.algebris.com\/it\/area-stampa\/debutta-il-nuovo-fondo-algebris-tricolore-pmi\/"]}]},{"@type":"BreadcrumbList","@id":"https:\/\/www.algebris.com\/it\/area-stampa\/debutta-il-nuovo-fondo-algebris-tricolore-pmi\/#breadcrumb","itemListElement":[{"@type":"ListItem","position":1,"name":"Home","item":"https:\/\/www.algebris.com\/it\/"},{"@type":"ListItem","position":2,"name":"Area Stampa","item":"https:\/\/www.algebris.com\/it\/category\/area-stampa\/"},{"@type":"ListItem","position":3,"name":"Debutta il nuovo fondo Algebris Tricolore PMI"}]},{"@type":"WebSite","@id":"https:\/\/www.algebris.com\/it\/#website","url":"https:\/\/www.algebris.com\/it\/","name":"Algebris Investments","description":"","publisher":{"@id":"https:\/\/www.algebris.com\/it\/#organization"},"potentialAction":[{"@type":"SearchAction","target":{"@type":"EntryPoint","urlTemplate":"https:\/\/www.algebris.com\/it\/?s={search_term_string}"},"query-input":{"@type":"PropertyValueSpecification","valueRequired":true,"valueName":"search_term_string"}}],"inLanguage":"it-IT"},{"@type":"Organization","@id":"https:\/\/www.algebris.com\/it\/#organization","name":"Algebris Investments","url":"https:\/\/www.algebris.com\/it\/","logo":{"@type":"ImageObject","inLanguage":"it-IT","@id":"https:\/\/www.algebris.com\/it\/#\/schema\/logo\/image\/","url":"https:\/\/media.algebris.com\/content\/cropped-logo1.png","contentUrl":"https:\/\/media.algebris.com\/content\/cropped-logo1.png","width":250,"height":78,"caption":"Algebris Investments"},"image":{"@id":"https:\/\/www.algebris.com\/it\/#\/schema\/logo\/image\/"},"sameAs":["https:\/\/www.linkedin.com\/company\/algebris-investments\/about\/","https:\/\/www.youtube.com\/channel\/UC_MiRdysidJhtSWRVxtH-3g\/featured"]},{"@type":"Person","@id":"https:\/\/www.algebris.com\/it\/#\/schema\/person\/d0d7cdae1539965e8505a59d6faf3376","name":"Marta Pizzamiglio","image":{"@type":"ImageObject","inLanguage":"it-IT","@id":"https:\/\/www.algebris.com\/it\/#\/schema\/person\/image\/","url":"https:\/\/secure.gravatar.com\/avatar\/1ba1db7cb22f114e33563723d27d93f2abd48efcb6f45d6ed046e0ba266f4513?s=96&d=mm&r=g","contentUrl":"https:\/\/secure.gravatar.com\/avatar\/1ba1db7cb22f114e33563723d27d93f2abd48efcb6f45d6ed046e0ba266f4513?s=96&d=mm&r=g","caption":"Marta Pizzamiglio"}}]}},"_links":{"self":[{"href":"https:\/\/www.algebris.com\/it\/wp-json\/wp\/v2\/posts\/28358","targetHints":{"allow":["GET"]}}],"collection":[{"href":"https:\/\/www.algebris.com\/it\/wp-json\/wp\/v2\/posts"}],"about":[{"href":"https:\/\/www.algebris.com\/it\/wp-json\/wp\/v2\/types\/post"}],"author":[{"embeddable":true,"href":"https:\/\/www.algebris.com\/it\/wp-json\/wp\/v2\/users\/21"}],"replies":[{"embeddable":true,"href":"https:\/\/www.algebris.com\/it\/wp-json\/wp\/v2\/comments?post=28358"}],"version-history":[{"count":4,"href":"https:\/\/www.algebris.com\/it\/wp-json\/wp\/v2\/posts\/28358\/revisions"}],"predecessor-version":[{"id":28364,"href":"https:\/\/www.algebris.com\/it\/wp-json\/wp\/v2\/posts\/28358\/revisions\/28364"}],"wp:attachment":[{"href":"https:\/\/www.algebris.com\/it\/wp-json\/wp\/v2\/media?parent=28358"}],"wp:term":[{"taxonomy":"category","embeddable":true,"href":"https:\/\/www.algebris.com\/it\/wp-json\/wp\/v2\/categories?post=28358"},{"taxonomy":"post_tag","embeddable":true,"href":"https:\/\/www.algebris.com\/it\/wp-json\/wp\/v2\/tags?post=28358"},{"taxonomy":"asset-class","embeddable":true,"href":"https:\/\/www.algebris.com\/it\/wp-json\/wp\/v2\/asset-class?post=28358"},{"taxonomy":"algebris-themes","embeddable":true,"href":"https:\/\/www.algebris.com\/it\/wp-json\/wp\/v2\/algebris-themes?post=28358"}],"curies":[{"name":"wp","href":"https:\/\/api.w.org\/{rel}","templated":true}]}}