{"id":29449,"date":"2026-03-02T11:13:06","date_gmt":"2026-03-02T11:13:06","guid":{"rendered":"https:\/\/www.algebris.com\/?p=29449"},"modified":"2026-03-02T11:15:57","modified_gmt":"2026-03-02T11:15:57","slug":"global-credit-bullets-lunedi-2-marzo-2026","status":"publish","type":"post","link":"https:\/\/www.algebris.com\/it\/market-views-it\/global-credit-bullets-lunedi-2-marzo-2026\/","title":{"rendered":"GLOBAL CREDIT BULLETS | Luned\u00ec, 2 marzo 2026"},"content":{"rendered":"\n<h5 class=\"wp-block-heading\"><strong><strong><strong><strong><strong><strong><strong><strong><strong><strong><strong><strong><strong><strong><strong><strong><strong><strong><strong><strong><strong><strong><strong><strong><strong><strong><strong><strong><strong><strong><strong><strong><strong><strong><strong><strong><strong><strong><strong><strong><strong><strong><strong><strong><strong><strong><strong><strong><strong><strong><strong><strong><strong><strong><strong><strong><strong><strong><strong><strong>Iran \u2013 Partita l\u2019operazione \u201cEpic Fury\u201d<\/strong><\/strong><\/strong><\/strong><\/strong><\/strong><\/strong><\/strong><\/strong><\/strong><\/strong><\/strong><\/strong><\/strong><\/strong><\/strong><\/strong><\/strong><\/strong><\/strong><\/strong><\/strong><\/strong><\/strong><\/strong><\/strong><\/strong><\/strong><\/strong><\/strong><\/strong><\/strong><\/strong><\/strong><\/strong><\/strong><\/strong><\/strong><\/strong><\/strong><\/strong><\/strong><\/strong><\/strong><\/strong><\/strong><\/strong><\/strong><\/strong><\/strong><\/strong><\/strong><\/strong><\/strong><\/strong><\/strong><\/strong><\/strong><\/strong><\/strong><\/h5>\n\n\n\n<p>Sabato scorso, dopo settimane di tensioni crescenti, Stati Uniti e Israele hanno lanciato attacchi coordinati contro l\u2019Iran, colpendo i vertici della leadership e infrastrutture militari strategiche chiave. Nel suo intervento, il Presidente Donald Trump ha descritto l\u2019operazione come finalizzata a un cambio di regime e ha indicato che le operazioni potrebbero proseguire per pi\u00f9 di un mese. Nel giro di poche ore dai primi raid, la Guida Suprema Ali Khamenei \u00e8 stata dichiarata deceduta, ponendo fine a 36 anni di leadership. In risposta, l\u2019Iran ha lanciato attacchi missilistici nella regione, inclusi obiettivi riconducibili a basi militari statunitensi. Al momento, i danni riportati appaiono contenuti.<\/p>\n\n\n\n<p>La reazione dei mercati \u00e8 stata finora relativamente ordinata. Gli asset pi\u00f9 sensibili all\u2019energia hanno sottoperformato, ma i movimenti si sono mantenuti composti, anche perch\u00e9 nella settimana precedente i mercati avevano gi\u00e0 iniziato a incorporare il rischio di un intervento militare. Tuttavia, le code di rischio sono ora oggetto di rivalutazione. Il prezzo del petrolio \u00e8 balzato di circa il 10%, avvicinandosi a USD 80 al barile. I principali fattori di rischio per i mercati e per l\u2019energia riguardano la chiusura dello Stretto di Hormuz, attraverso cui transita circa il 20% dell\u2019offerta globale di greggio, e la possibilit\u00e0 di attacchi iraniani contro le infrastrutture di raffinazione regionali. Entrambi gli scenari eserciterebbero verosimilmente ulteriori pressioni al rialzo sui prezzi del petrolio, con il rischio di innescare un pi\u00f9 ampio repricing inflazionistico a livello globale.<\/p>\n\n\n\n<div style=\"height:28px\" aria-hidden=\"true\" class=\"wp-block-spacer\"><\/div>\n\n\n\n<h5 class=\"wp-block-heading\"><strong><strong><strong><strong><strong><strong><strong><strong><strong><strong><strong><strong><strong><strong><strong><strong><strong><strong><strong><strong><strong><strong><strong><strong><strong><strong><strong><strong><strong><strong><strong><strong><strong><strong>AI \u2013 Occupazione vs crescita<\/strong><\/strong><\/strong><\/strong><\/strong><\/strong><\/strong><\/strong><\/strong><\/strong><\/strong><\/strong><\/strong><\/strong><\/strong><\/strong><\/strong><\/strong><\/strong><\/strong><\/strong><\/strong><\/strong><\/strong><\/strong><\/strong><\/strong><\/strong><\/strong><\/strong><\/strong><\/strong><\/strong><\/strong><\/h5>\n\n\n\n<p>La scorsa settimana il dibattito sull\u2019impatto dell\u2019intelligenza artificiale sul mercato del lavoro si \u00e8 ulteriormente acceso, con l\u2019attenzione che si \u00e8 progressivamente spostata dalle valutazioni azionarie alle dinamiche occupazionali. Se nel lungo periodo l\u2019AI \u00e8 attesa sostenere produttivit\u00e0 e crescita, nel breve lo scenario macro dipender\u00e0 dall\u2019equilibrio tra il rischio di sostituzione del lavoro e l\u2019impulso ciclico alla domanda legato all\u2019accelerazione degli investimenti in AI.<\/p>\n\n\n\n<p>L\u2019evoluzione della produttivit\u00e0 e del tasso di disoccupazione saranno cruciali per capire quale delle due forze prevarr\u00e0. Guadagni di produttivit\u00e0 pi\u00f9 robusti potrebbero compensare gli effetti di sostituzione occupazionale, mentre un aumento improvviso della disoccupazione rischierebbe di complicare il quadro macro, penalizzando la fiducia dei consumatori e rafforzando i rischi al ribasso per la domanda.<\/p>\n\n\n\n<p>Finora la reazione dei mercati \u00e8 rimasta contenuta, con il rendimento del Treasury USA a 10 anni tornato sotto il 4% e le correzioni azionarie concentrate nei settori pi\u00f9 esposti all\u2019automazione.<\/p>\n\n\n\n<div style=\"height:28px\" aria-hidden=\"true\" class=\"wp-block-spacer\"><\/div>\n\n\n\n<h5 class=\"wp-block-heading\"><strong><strong><strong><strong><strong><strong><strong><strong><strong><strong><strong><strong><strong><strong><strong><strong><strong><strong><strong><strong><strong><strong><strong><strong><strong><strong><strong><strong><strong><strong><strong><strong><strong><strong><strong>Ungheria \u2013 Orban sotto pressione<\/strong><\/strong><\/strong><\/strong><\/strong><\/strong><\/strong><\/strong><\/strong><\/strong><\/strong><\/strong><\/strong><\/strong><\/strong><\/strong><\/strong><\/strong><\/strong><\/strong><\/strong><\/strong><\/strong><\/strong><\/strong><\/strong><\/strong><\/strong><\/strong><\/strong><\/strong><\/strong><\/strong><\/strong><\/strong><\/h5>\n\n\n\n<p>Con l\u2019avvicinarsi delle elezioni di aprile, l\u2019incertezza politica in Ungheria \u00e8 in aumento, con il partito di opposizione Tisza che sta emergendo come sfidante credibile per Orban e il suo partito, Fidesz. Un recente sondaggio di Median, tra gli istituti indipendenti pi\u00f9 autorevoli, mostra Tisza in vantaggio con un margine significativo, riflettendo un crescente malcontento dell\u2019opinione pubblica e l\u2019impatto di recenti scandali che hanno coinvolto il partito di governo.<\/p>\n\n\n\n<p>L\u2019esito elettorale potrebbe ridefinire in modo sostanziale la traiettoria di policy del Paese. Il programma di Tisza include infatti un percorso chiaro verso l\u2019adozione dell\u2019euro e un orientamento di politica estera pi\u00f9 allineato all\u2019Unione Europea. Nel medio termine, ci\u00f2 potrebbe sbloccare fondi europei, sostenendo investimenti necessari e migliorando l\u2019accesso al credito per le piccole e medie imprese.<\/p>\n\n\n\n<p>Resta tuttavia un quadro altamente incerto. La campagna elettorale \u00e8 destinata a intensificarsi e non si escludono nuovi scandali su entrambi i fronti. Sullo sfondo, restano possibili manovre istituzionali da parte di Fidesz per condizionare il processo elettorale, inclusi un eventuale rinvio del voto o un\u2019accelerazione verso un sistema presidenziale, dato che il partito dispone ancora di una supermaggioranza parlamentare.<\/p>\n\n\n\n<div style=\"height:28px\" aria-hidden=\"true\" class=\"wp-block-spacer\"><\/div>\n\n\n\n<p>Algebris Investments&#8217; <em>Global Credit Team<\/em><\/p>\n","protected":false},"excerpt":{"rendered":"<p>Iran \u2013 Partita l\u2019operazione \u201cEpic Fury\u201d Sabato scorso, dopo settimane di tensioni crescenti, Stati Uniti e Israele hanno lanciato attacchi coordinati contro l\u2019Iran, colpendo i vertici della leadership e infrastrutture militari strategiche chiave. Nel suo intervento, il Presidente Donald Trump ha descritto l\u2019operazione come finalizzata a un cambio di regime e ha indicato che le [&hellip;]<\/p>\n","protected":false},"author":22,"featured_media":29447,"comment_status":"closed","ping_status":"closed","sticky":false,"template":"","format":"standard","meta":{"_acf_changed":false,"footnotes":""},"categories":[130],"tags":[],"asset-class":[224],"algebris-themes":[235],"class_list":["post-29449","post","type-post","status-publish","format-standard","has-post-thumbnail","hentry","category-market-views-it","asset-class-credit-it","algebris-themes-global-credit-it"],"acf":[],"yoast_head":"<!-- This site is optimized with the Yoast SEO plugin v27.1.1 - https:\/\/yoast.com\/product\/yoast-seo-wordpress\/ -->\n<title>GLOBAL CREDIT BULLETS | Luned\u00ec, 2 marzo 2026 - Algebris Investments<\/title>\n<meta name=\"robots\" content=\"index, follow, max-snippet:-1, max-image-preview:large, max-video-preview:-1\" \/>\n<link rel=\"canonical\" href=\"https:\/\/www.algebris.com\/it\/market-views-it\/global-credit-bullets-lunedi-2-marzo-2026\/\" \/>\n<meta property=\"og:locale\" content=\"it_IT\" \/>\n<meta property=\"og:type\" content=\"article\" \/>\n<meta property=\"og:title\" content=\"GLOBAL CREDIT BULLETS | Luned\u00ec, 2 marzo 2026 - Algebris Investments\" \/>\n<meta property=\"og:description\" content=\"Iran \u2013 Partita l\u2019operazione \u201cEpic Fury\u201d Sabato scorso, dopo settimane di tensioni crescenti, Stati Uniti e Israele hanno lanciato attacchi coordinati contro l\u2019Iran, colpendo i vertici della leadership e infrastrutture militari strategiche chiave. Nel suo intervento, il Presidente Donald Trump ha descritto l\u2019operazione come finalizzata a un cambio di regime e ha indicato che le [&hellip;]\" \/>\n<meta property=\"og:url\" content=\"https:\/\/www.algebris.com\/it\/market-views-it\/global-credit-bullets-lunedi-2-marzo-2026\/\" \/>\n<meta property=\"og:site_name\" content=\"Algebris Investments\" \/>\n<meta property=\"article:published_time\" content=\"2026-03-02T11:13:06+00:00\" \/>\n<meta property=\"article:modified_time\" content=\"2026-03-02T11:15:57+00:00\" \/>\n<meta property=\"og:image\" content=\"https:\/\/media.algebris.com\/content\/AdobeStock_226594674_web.jpg\" \/>\n\t<meta property=\"og:image:width\" content=\"1400\" \/>\n\t<meta property=\"og:image:height\" content=\"933\" \/>\n\t<meta property=\"og:image:type\" content=\"image\/jpeg\" \/>\n<meta name=\"author\" content=\"Daniela Spataro\" \/>\n<meta name=\"twitter:card\" content=\"summary_large_image\" \/>\n<meta name=\"twitter:label1\" content=\"Written by\" \/>\n\t<meta name=\"twitter:data1\" content=\"Daniela Spataro\" \/>\n\t<meta name=\"twitter:label2\" content=\"Est. reading time\" \/>\n\t<meta name=\"twitter:data2\" content=\"3 minutes\" \/>\n<script type=\"application\/ld+json\" class=\"yoast-schema-graph\">{\"@context\":\"https:\/\/schema.org\",\"@graph\":[{\"@type\":\"Article\",\"@id\":\"https:\/\/www.algebris.com\/it\/market-views-it\/global-credit-bullets-lunedi-2-marzo-2026\/#article\",\"isPartOf\":{\"@id\":\"https:\/\/www.algebris.com\/it\/market-views-it\/global-credit-bullets-lunedi-2-marzo-2026\/\"},\"author\":{\"name\":\"Daniela Spataro\",\"@id\":\"https:\/\/www.algebris.com\/it\/#\/schema\/person\/4f8a812e06adf5a47c5d4a2029e3be59\"},\"headline\":\"GLOBAL CREDIT BULLETS | Luned\u00ec, 2 marzo 2026\",\"datePublished\":\"2026-03-02T11:13:06+00:00\",\"dateModified\":\"2026-03-02T11:15:57+00:00\",\"mainEntityOfPage\":{\"@id\":\"https:\/\/www.algebris.com\/it\/market-views-it\/global-credit-bullets-lunedi-2-marzo-2026\/\"},\"wordCount\":608,\"publisher\":{\"@id\":\"https:\/\/www.algebris.com\/it\/#organization\"},\"image\":{\"@id\":\"https:\/\/www.algebris.com\/it\/market-views-it\/global-credit-bullets-lunedi-2-marzo-2026\/#primaryimage\"},\"thumbnailUrl\":\"https:\/\/media.algebris.com\/content\/AdobeStock_226594674_web.jpg\",\"articleSection\":[\"Market Views\"],\"inLanguage\":\"it-IT\"},{\"@type\":\"WebPage\",\"@id\":\"https:\/\/www.algebris.com\/it\/market-views-it\/global-credit-bullets-lunedi-2-marzo-2026\/\",\"url\":\"https:\/\/www.algebris.com\/it\/market-views-it\/global-credit-bullets-lunedi-2-marzo-2026\/\",\"name\":\"GLOBAL CREDIT BULLETS | Luned\u00ec, 2 marzo 2026 - Algebris Investments\",\"isPartOf\":{\"@id\":\"https:\/\/www.algebris.com\/it\/#website\"},\"primaryImageOfPage\":{\"@id\":\"https:\/\/www.algebris.com\/it\/market-views-it\/global-credit-bullets-lunedi-2-marzo-2026\/#primaryimage\"},\"image\":{\"@id\":\"https:\/\/www.algebris.com\/it\/market-views-it\/global-credit-bullets-lunedi-2-marzo-2026\/#primaryimage\"},\"thumbnailUrl\":\"https:\/\/media.algebris.com\/content\/AdobeStock_226594674_web.jpg\",\"datePublished\":\"2026-03-02T11:13:06+00:00\",\"dateModified\":\"2026-03-02T11:15:57+00:00\",\"breadcrumb\":{\"@id\":\"https:\/\/www.algebris.com\/it\/market-views-it\/global-credit-bullets-lunedi-2-marzo-2026\/#breadcrumb\"},\"inLanguage\":\"it-IT\",\"potentialAction\":[{\"@type\":\"ReadAction\",\"target\":[\"https:\/\/www.algebris.com\/it\/market-views-it\/global-credit-bullets-lunedi-2-marzo-2026\/\"]}]},{\"@type\":\"ImageObject\",\"inLanguage\":\"it-IT\",\"@id\":\"https:\/\/www.algebris.com\/it\/market-views-it\/global-credit-bullets-lunedi-2-marzo-2026\/#primaryimage\",\"url\":\"https:\/\/media.algebris.com\/content\/AdobeStock_226594674_web.jpg\",\"contentUrl\":\"https:\/\/media.algebris.com\/content\/AdobeStock_226594674_web.jpg\",\"width\":1400,\"height\":933},{\"@type\":\"BreadcrumbList\",\"@id\":\"https:\/\/www.algebris.com\/it\/market-views-it\/global-credit-bullets-lunedi-2-marzo-2026\/#breadcrumb\",\"itemListElement\":[{\"@type\":\"ListItem\",\"position\":1,\"name\":\"Home\",\"item\":\"https:\/\/www.algebris.com\/it\/\"},{\"@type\":\"ListItem\",\"position\":2,\"name\":\"Market Views\",\"item\":\"https:\/\/www.algebris.com\/it\/category\/market-views-it\/\"},{\"@type\":\"ListItem\",\"position\":3,\"name\":\"GLOBAL CREDIT BULLETS | Luned\u00ec, 2 marzo 2026\"}]},{\"@type\":\"WebSite\",\"@id\":\"https:\/\/www.algebris.com\/it\/#website\",\"url\":\"https:\/\/www.algebris.com\/it\/\",\"name\":\"Algebris Investments\",\"description\":\"\",\"publisher\":{\"@id\":\"https:\/\/www.algebris.com\/it\/#organization\"},\"potentialAction\":[{\"@type\":\"SearchAction\",\"target\":{\"@type\":\"EntryPoint\",\"urlTemplate\":\"https:\/\/www.algebris.com\/it\/?s={search_term_string}\"},\"query-input\":{\"@type\":\"PropertyValueSpecification\",\"valueRequired\":true,\"valueName\":\"search_term_string\"}}],\"inLanguage\":\"it-IT\"},{\"@type\":\"Organization\",\"@id\":\"https:\/\/www.algebris.com\/it\/#organization\",\"name\":\"Algebris Investments\",\"url\":\"https:\/\/www.algebris.com\/it\/\",\"logo\":{\"@type\":\"ImageObject\",\"inLanguage\":\"it-IT\",\"@id\":\"https:\/\/www.algebris.com\/it\/#\/schema\/logo\/image\/\",\"url\":\"https:\/\/media.algebris.com\/content\/cropped-logo1.png\",\"contentUrl\":\"https:\/\/media.algebris.com\/content\/cropped-logo1.png\",\"width\":250,\"height\":78,\"caption\":\"Algebris Investments\"},\"image\":{\"@id\":\"https:\/\/www.algebris.com\/it\/#\/schema\/logo\/image\/\"},\"sameAs\":[\"https:\/\/www.linkedin.com\/company\/algebris-investments\/about\/\",\"https:\/\/www.youtube.com\/channel\/UC_MiRdysidJhtSWRVxtH-3g\/featured\"]},{\"@type\":\"Person\",\"@id\":\"https:\/\/www.algebris.com\/it\/#\/schema\/person\/4f8a812e06adf5a47c5d4a2029e3be59\",\"name\":\"Daniela Spataro\",\"image\":{\"@type\":\"ImageObject\",\"inLanguage\":\"it-IT\",\"@id\":\"https:\/\/www.algebris.com\/it\/#\/schema\/person\/image\/\",\"url\":\"https:\/\/secure.gravatar.com\/avatar\/821ec53dd4d41d0030f366b23cf0332fd516cc4478032551a9affa216c6c8fed?s=96&d=mm&r=g\",\"contentUrl\":\"https:\/\/secure.gravatar.com\/avatar\/821ec53dd4d41d0030f366b23cf0332fd516cc4478032551a9affa216c6c8fed?s=96&d=mm&r=g\",\"caption\":\"Daniela Spataro\"}}]}<\/script>\n<!-- \/ Yoast SEO plugin. -->","yoast_head_json":{"title":"GLOBAL CREDIT BULLETS | Luned\u00ec, 2 marzo 2026 - Algebris Investments","robots":{"index":"index","follow":"follow","max-snippet":"max-snippet:-1","max-image-preview":"max-image-preview:large","max-video-preview":"max-video-preview:-1"},"canonical":"https:\/\/www.algebris.com\/it\/market-views-it\/global-credit-bullets-lunedi-2-marzo-2026\/","og_locale":"it_IT","og_type":"article","og_title":"GLOBAL CREDIT BULLETS | Luned\u00ec, 2 marzo 2026 - Algebris Investments","og_description":"Iran \u2013 Partita l\u2019operazione \u201cEpic Fury\u201d Sabato scorso, dopo settimane di tensioni crescenti, Stati Uniti e Israele hanno lanciato attacchi coordinati contro l\u2019Iran, colpendo i vertici della leadership e infrastrutture militari strategiche chiave. Nel suo intervento, il Presidente Donald Trump ha descritto l\u2019operazione come finalizzata a un cambio di regime e ha indicato che le [&hellip;]","og_url":"https:\/\/www.algebris.com\/it\/market-views-it\/global-credit-bullets-lunedi-2-marzo-2026\/","og_site_name":"Algebris Investments","article_published_time":"2026-03-02T11:13:06+00:00","article_modified_time":"2026-03-02T11:15:57+00:00","og_image":[{"width":1400,"height":933,"url":"https:\/\/media.algebris.com\/content\/AdobeStock_226594674_web.jpg","type":"image\/jpeg"}],"author":"Daniela Spataro","twitter_card":"summary_large_image","twitter_misc":{"Written by":"Daniela Spataro","Est. reading time":"3 minutes"},"schema":{"@context":"https:\/\/schema.org","@graph":[{"@type":"Article","@id":"https:\/\/www.algebris.com\/it\/market-views-it\/global-credit-bullets-lunedi-2-marzo-2026\/#article","isPartOf":{"@id":"https:\/\/www.algebris.com\/it\/market-views-it\/global-credit-bullets-lunedi-2-marzo-2026\/"},"author":{"name":"Daniela Spataro","@id":"https:\/\/www.algebris.com\/it\/#\/schema\/person\/4f8a812e06adf5a47c5d4a2029e3be59"},"headline":"GLOBAL CREDIT BULLETS | Luned\u00ec, 2 marzo 2026","datePublished":"2026-03-02T11:13:06+00:00","dateModified":"2026-03-02T11:15:57+00:00","mainEntityOfPage":{"@id":"https:\/\/www.algebris.com\/it\/market-views-it\/global-credit-bullets-lunedi-2-marzo-2026\/"},"wordCount":608,"publisher":{"@id":"https:\/\/www.algebris.com\/it\/#organization"},"image":{"@id":"https:\/\/www.algebris.com\/it\/market-views-it\/global-credit-bullets-lunedi-2-marzo-2026\/#primaryimage"},"thumbnailUrl":"https:\/\/media.algebris.com\/content\/AdobeStock_226594674_web.jpg","articleSection":["Market Views"],"inLanguage":"it-IT"},{"@type":"WebPage","@id":"https:\/\/www.algebris.com\/it\/market-views-it\/global-credit-bullets-lunedi-2-marzo-2026\/","url":"https:\/\/www.algebris.com\/it\/market-views-it\/global-credit-bullets-lunedi-2-marzo-2026\/","name":"GLOBAL CREDIT BULLETS | Luned\u00ec, 2 marzo 2026 - Algebris Investments","isPartOf":{"@id":"https:\/\/www.algebris.com\/it\/#website"},"primaryImageOfPage":{"@id":"https:\/\/www.algebris.com\/it\/market-views-it\/global-credit-bullets-lunedi-2-marzo-2026\/#primaryimage"},"image":{"@id":"https:\/\/www.algebris.com\/it\/market-views-it\/global-credit-bullets-lunedi-2-marzo-2026\/#primaryimage"},"thumbnailUrl":"https:\/\/media.algebris.com\/content\/AdobeStock_226594674_web.jpg","datePublished":"2026-03-02T11:13:06+00:00","dateModified":"2026-03-02T11:15:57+00:00","breadcrumb":{"@id":"https:\/\/www.algebris.com\/it\/market-views-it\/global-credit-bullets-lunedi-2-marzo-2026\/#breadcrumb"},"inLanguage":"it-IT","potentialAction":[{"@type":"ReadAction","target":["https:\/\/www.algebris.com\/it\/market-views-it\/global-credit-bullets-lunedi-2-marzo-2026\/"]}]},{"@type":"ImageObject","inLanguage":"it-IT","@id":"https:\/\/www.algebris.com\/it\/market-views-it\/global-credit-bullets-lunedi-2-marzo-2026\/#primaryimage","url":"https:\/\/media.algebris.com\/content\/AdobeStock_226594674_web.jpg","contentUrl":"https:\/\/media.algebris.com\/content\/AdobeStock_226594674_web.jpg","width":1400,"height":933},{"@type":"BreadcrumbList","@id":"https:\/\/www.algebris.com\/it\/market-views-it\/global-credit-bullets-lunedi-2-marzo-2026\/#breadcrumb","itemListElement":[{"@type":"ListItem","position":1,"name":"Home","item":"https:\/\/www.algebris.com\/it\/"},{"@type":"ListItem","position":2,"name":"Market Views","item":"https:\/\/www.algebris.com\/it\/category\/market-views-it\/"},{"@type":"ListItem","position":3,"name":"GLOBAL CREDIT BULLETS | Luned\u00ec, 2 marzo 2026"}]},{"@type":"WebSite","@id":"https:\/\/www.algebris.com\/it\/#website","url":"https:\/\/www.algebris.com\/it\/","name":"Algebris Investments","description":"","publisher":{"@id":"https:\/\/www.algebris.com\/it\/#organization"},"potentialAction":[{"@type":"SearchAction","target":{"@type":"EntryPoint","urlTemplate":"https:\/\/www.algebris.com\/it\/?s={search_term_string}"},"query-input":{"@type":"PropertyValueSpecification","valueRequired":true,"valueName":"search_term_string"}}],"inLanguage":"it-IT"},{"@type":"Organization","@id":"https:\/\/www.algebris.com\/it\/#organization","name":"Algebris Investments","url":"https:\/\/www.algebris.com\/it\/","logo":{"@type":"ImageObject","inLanguage":"it-IT","@id":"https:\/\/www.algebris.com\/it\/#\/schema\/logo\/image\/","url":"https:\/\/media.algebris.com\/content\/cropped-logo1.png","contentUrl":"https:\/\/media.algebris.com\/content\/cropped-logo1.png","width":250,"height":78,"caption":"Algebris Investments"},"image":{"@id":"https:\/\/www.algebris.com\/it\/#\/schema\/logo\/image\/"},"sameAs":["https:\/\/www.linkedin.com\/company\/algebris-investments\/about\/","https:\/\/www.youtube.com\/channel\/UC_MiRdysidJhtSWRVxtH-3g\/featured"]},{"@type":"Person","@id":"https:\/\/www.algebris.com\/it\/#\/schema\/person\/4f8a812e06adf5a47c5d4a2029e3be59","name":"Daniela Spataro","image":{"@type":"ImageObject","inLanguage":"it-IT","@id":"https:\/\/www.algebris.com\/it\/#\/schema\/person\/image\/","url":"https:\/\/secure.gravatar.com\/avatar\/821ec53dd4d41d0030f366b23cf0332fd516cc4478032551a9affa216c6c8fed?s=96&d=mm&r=g","contentUrl":"https:\/\/secure.gravatar.com\/avatar\/821ec53dd4d41d0030f366b23cf0332fd516cc4478032551a9affa216c6c8fed?s=96&d=mm&r=g","caption":"Daniela Spataro"}}]}},"_links":{"self":[{"href":"https:\/\/www.algebris.com\/it\/wp-json\/wp\/v2\/posts\/29449","targetHints":{"allow":["GET"]}}],"collection":[{"href":"https:\/\/www.algebris.com\/it\/wp-json\/wp\/v2\/posts"}],"about":[{"href":"https:\/\/www.algebris.com\/it\/wp-json\/wp\/v2\/types\/post"}],"author":[{"embeddable":true,"href":"https:\/\/www.algebris.com\/it\/wp-json\/wp\/v2\/users\/22"}],"replies":[{"embeddable":true,"href":"https:\/\/www.algebris.com\/it\/wp-json\/wp\/v2\/comments?post=29449"}],"version-history":[{"count":2,"href":"https:\/\/www.algebris.com\/it\/wp-json\/wp\/v2\/posts\/29449\/revisions"}],"predecessor-version":[{"id":29462,"href":"https:\/\/www.algebris.com\/it\/wp-json\/wp\/v2\/posts\/29449\/revisions\/29462"}],"wp:featuredmedia":[{"embeddable":true,"href":"https:\/\/www.algebris.com\/it\/wp-json\/wp\/v2\/media\/29447"}],"wp:attachment":[{"href":"https:\/\/www.algebris.com\/it\/wp-json\/wp\/v2\/media?parent=29449"}],"wp:term":[{"taxonomy":"category","embeddable":true,"href":"https:\/\/www.algebris.com\/it\/wp-json\/wp\/v2\/categories?post=29449"},{"taxonomy":"post_tag","embeddable":true,"href":"https:\/\/www.algebris.com\/it\/wp-json\/wp\/v2\/tags?post=29449"},{"taxonomy":"asset-class","embeddable":true,"href":"https:\/\/www.algebris.com\/it\/wp-json\/wp\/v2\/asset-class?post=29449"},{"taxonomy":"algebris-themes","embeddable":true,"href":"https:\/\/www.algebris.com\/it\/wp-json\/wp\/v2\/algebris-themes?post=29449"}],"curies":[{"name":"wp","href":"https:\/\/api.w.org\/{rel}","templated":true}]}}