{"id":29512,"date":"2026-03-09T10:32:37","date_gmt":"2026-03-09T10:32:37","guid":{"rendered":"https:\/\/www.algebris.com\/?p=29512"},"modified":"2026-03-09T10:41:57","modified_gmt":"2026-03-09T10:41:57","slug":"global-credit-bullets-lunedi-9-marzo-2026","status":"publish","type":"post","link":"https:\/\/www.algebris.com\/it\/market-views-it\/global-credit-bullets-lunedi-9-marzo-2026\/","title":{"rendered":"GLOBAL CREDIT BULLETS | Luned\u00ec, 9 marzo 2026"},"content":{"rendered":"\n<h5 class=\"wp-block-heading\"><strong><strong><strong><strong><strong><strong><strong><strong><strong><strong><strong><strong><strong><strong><strong><strong><strong><strong><strong><strong><strong><strong><strong><strong><strong><strong><strong><strong><strong><strong><strong><strong><strong><strong><strong><strong>Iran \u2013 Rischi in aumento, sell-off sui tassi<\/strong><\/strong><\/strong><\/strong><\/strong><\/strong><\/strong><\/strong><\/strong><\/strong><\/strong><\/strong><\/strong><\/strong><\/strong><\/strong><\/strong><\/strong><\/strong><\/strong><\/strong><\/strong><\/strong><\/strong><\/strong><\/strong><\/strong><\/strong><\/strong><\/strong><\/strong><\/strong><\/strong><\/strong><\/strong><\/strong><\/h5>\n\n\n\n<p>A una settimana dall\u2019inizio del conflitto in Medio Oriente, il quadro resta altamente incerto. Dopo una reazione inizialmente contenuta luned\u00ec, i mercati hanno registrato vendite marcate nel corso della settimana. Il movimento \u00e8 stato particolarmente pronunciato sui tassi e sugli asset rischiosi caratterizzati da posizionamenti molto concentrati.<\/p>\n\n\n\n<p>Un elemento cruciale da monitorare resta la capacit\u00e0 operativa dell\u2019Iran, in particolare sul fronte missilistico, poich\u00e9 gli sviluppi pi\u00f9 recenti suggeriscono che parte dell\u2019infrastruttura militare del regime potrebbe essere stata indebolita. Per il mercato petrolifero, nel breve termine saranno determinanti tre variabili:<\/p>\n\n\n\n<ul class=\"wp-block-list\">\n<li>In primo luogo, l\u2019operativit\u00e0 dello Stretto di Hormuz rimane un fattore centrale. Le immagini satellitari indicano che l\u2019attivit\u00e0 di trasporto di greggio \u00e8 gi\u00e0 diminuita bruscamente, con un traffico attualmente molto limitato attraverso lo stretto.<\/li>\n\n\n\n<li>In secondo luogo, l\u2019attenzione si concentrer\u00e0 sull\u2019eventualit\u00e0 che i produttori del Golfo siano costretti a interrompere la produzione di petrolio e gas. La capacit\u00e0 di stoccaggio \u00e8 gi\u00e0 elevata e qualsiasi interruzione dei flussi di export costringerebbe rapidamente i produttori a ridurre l\u2019output.<\/li>\n\n\n\n<li>In terzo luogo, eventuali attacchi diretti contro raffinerie o impianti di produzione rappresenterebbero una significativa escalation, con il potenziale di generare forti pressioni al rialzo sui prezzi del petrolio.<\/li>\n<\/ul>\n\n\n\n<p>Al di l\u00e0 dell\u2019impatto immediato sul petrolio, sviluppi di questo tipo rappresenterebbero anche una sfida rilevante per le prospettive economiche dei Paesi del GCC. Sebbene prezzi del petrolio pi\u00f9 elevati possano sostenere nel breve periodo le entrate fiscali, il quadro macroeconomico complessivo potrebbe deteriorarsi. Il turismo, uno dei pilastri della strategia di diversificazione economica della regione, sta gi\u00e0 affrontando rischi al ribasso con il deteriorarsi della percezione di sicurezza regionale.<\/p>\n\n\n\n<p>Nel medio termine, i governi potrebbero trovarsi di fronte a un trade-off fiscale pi\u00f9 complesso: maggiori spese per la difesa e minori entrate dal turismo potrebbero compensare parte dei benefici derivanti da prezzi del petrolio pi\u00f9 elevati. Pi\u00f9 in generale, il premio di stabilit\u00e0 e sicurezza storicamente associato alla regione del Golfo \u00e8 ora messo alla prova e il ripristino di tale fiducia potrebbe richiedere tempo e un significativo impegno di policy.<\/p>\n\n\n\n<p>Riteniamo che il mercato mostri ancora una certa compiacenza, soprattutto nel credito, dove l\u2019allargamento degli spread \u00e8 rimasto finora limitato. L\u2019aggiustamento si \u00e8 infatti concentrato principalmente sulla duration e sul tratto a breve della curva europea. Al tempo stesso, il comparto obbligazionario sta iniziando a incorporare un premio per il rischio inflazionistico, in un contesto in cui l\u2019inflazione dell\u2019area euro \u00e8 attesa raggiungere un picco intorno a maggio.<\/p>\n\n\n\n<p>In questo contesto, gli asset rischiosi appaiono meno attraenti. La reazione dei mercati \u00e8 stata finora relativamente contenuta, lasciando spazio a ulteriori ribassi qualora i prezzi del petrolio dovessero rimanere elevati o se il conflitto dovesse ampliarsi coinvolgendo altri attori del Medio Oriente, inclusi i Paesi del GCC.<\/p>\n\n\n\n<div style=\"height:28px\" aria-hidden=\"true\" class=\"wp-block-spacer\"><\/div>\n\n\n\n<h5 class=\"wp-block-heading\"><strong><strong><strong><strong><strong><strong><strong><strong><strong><strong><strong><strong><strong><strong><strong><strong><strong><strong><strong><strong><strong><strong><strong><strong><strong><strong><strong><strong><strong><strong><strong><strong><strong><strong><strong><strong><strong><strong><strong><strong><strong><strong><strong><strong><strong><strong><strong><strong><strong><strong><strong><strong><strong><strong><strong><strong><strong><strong><strong><strong><strong>USA \u2013 Dati deboli, percorso dei tassi pi\u00f9 complesso<\/strong><\/strong><\/strong><\/strong><\/strong><\/strong><\/strong><\/strong><\/strong><\/strong><\/strong><\/strong><\/strong><\/strong><\/strong><\/strong><\/strong><\/strong><\/strong><\/strong><\/strong><\/strong><\/strong><\/strong><\/strong><\/strong><\/strong><\/strong><\/strong><\/strong><\/strong><\/strong><\/strong><\/strong><\/strong><\/strong><\/strong><\/strong><\/strong><\/strong><\/strong><\/strong><\/strong><\/strong><\/strong><\/strong><\/strong><\/strong><\/strong><\/strong><\/strong><\/strong><\/strong><\/strong><\/strong><\/strong><\/strong><\/strong><\/strong><\/strong><\/strong><\/h5>\n\n\n\n<p>I Non-farm Payrolls statunitensi pubblicati venerd\u00ec scorso hanno sorpreso al ribasso, con un calo dell\u2019occupazione di 92 mila unit\u00e0 a febbraio, ben al di sotto delle attese. Il tasso di disoccupazione \u00e8 salito al 4,4%, anch\u2019esso sopra il consenso, mentre i dati dei due mesi precedenti sono stati rivisti al ribasso, rafforzando i segnali di un progressivo indebolimento del mercato del lavoro statunitense.<\/p>\n\n\n\n<p>Anche i dati sulle vendite al dettaglio sono risultati deboli. Prima della pubblicazione, i mercati prezzavano a malapena un taglio dei tassi della Fed prima di settembre. Dopo i dati, il tratto breve della curva si \u00e8 riprezzato al ribasso e i mercati ora incorporano circa due tagli prima della fine del ciclo di allentamento della Fed.<\/p>\n\n\n\n<p>Nel frattempo, i rendimenti sulle scadenze pi\u00f9 lunghe sono saliti, con i Treasury a 10 e 30 anni in aumento di circa 3 punti base nella giornata.<\/p>\n\n\n\n<p>Le tensioni geopolitiche rappresentano tuttavia un rischio al rialzo per i tassi. Un aumento persistente dei prezzi del petrolio potrebbe infatti riaccendere le pressioni inflazionistiche e complicare il percorso di allentamento della Fed, esercitando potenzialmente nuove pressioni al rialzo sui rendimenti statunitensi.<\/p>\n\n\n\n<div style=\"height:28px\" aria-hidden=\"true\" class=\"wp-block-spacer\"><\/div>\n\n\n\n<h5 class=\"wp-block-heading\">Algebris Investments&#8217; <em>Global Credit Team<\/em><\/h5>\n\n\n\n<p><\/p>\n","protected":false},"excerpt":{"rendered":"<p>Iran \u2013 Rischi in aumento, sell-off sui tassi A una settimana dall\u2019inizio del conflitto in Medio Oriente, il quadro resta altamente incerto. Dopo una reazione inizialmente contenuta luned\u00ec, i mercati hanno registrato vendite marcate nel corso della settimana. Il movimento \u00e8 stato particolarmente pronunciato sui tassi e sugli asset rischiosi caratterizzati da posizionamenti molto concentrati. [&hellip;]<\/p>\n","protected":false},"author":22,"featured_media":29509,"comment_status":"closed","ping_status":"closed","sticky":false,"template":"","format":"standard","meta":{"_acf_changed":false,"footnotes":""},"categories":[130],"tags":[],"asset-class":[224],"algebris-themes":[235],"class_list":["post-29512","post","type-post","status-publish","format-standard","has-post-thumbnail","hentry","category-market-views-it","asset-class-credit-it","algebris-themes-global-credit-it"],"acf":[],"yoast_head":"<!-- This site is optimized with the Yoast SEO plugin v27.1.1 - https:\/\/yoast.com\/product\/yoast-seo-wordpress\/ -->\n<title>GLOBAL CREDIT BULLETS | Luned\u00ec, 9 marzo 2026 - Algebris Investments<\/title>\n<meta name=\"robots\" content=\"index, follow, max-snippet:-1, max-image-preview:large, max-video-preview:-1\" \/>\n<link rel=\"canonical\" href=\"https:\/\/www.algebris.com\/it\/market-views-it\/global-credit-bullets-lunedi-9-marzo-2026\/\" \/>\n<meta property=\"og:locale\" content=\"it_IT\" \/>\n<meta property=\"og:type\" content=\"article\" \/>\n<meta property=\"og:title\" content=\"GLOBAL CREDIT BULLETS | Luned\u00ec, 9 marzo 2026 - Algebris Investments\" \/>\n<meta property=\"og:description\" content=\"Iran \u2013 Rischi in aumento, sell-off sui tassi A una settimana dall\u2019inizio del conflitto in Medio Oriente, il quadro resta altamente incerto. Dopo una reazione inizialmente contenuta luned\u00ec, i mercati hanno registrato vendite marcate nel corso della settimana. Il movimento \u00e8 stato particolarmente pronunciato sui tassi e sugli asset rischiosi caratterizzati da posizionamenti molto concentrati. [&hellip;]\" \/>\n<meta property=\"og:url\" content=\"https:\/\/www.algebris.com\/it\/market-views-it\/global-credit-bullets-lunedi-9-marzo-2026\/\" \/>\n<meta property=\"og:site_name\" content=\"Algebris Investments\" \/>\n<meta property=\"article:published_time\" content=\"2026-03-09T10:32:37+00:00\" \/>\n<meta property=\"article:modified_time\" content=\"2026-03-09T10:41:57+00:00\" \/>\n<meta property=\"og:image\" content=\"https:\/\/media.algebris.com\/content\/AdobeStock_506326948_web.jpg\" \/>\n\t<meta property=\"og:image:width\" content=\"1400\" \/>\n\t<meta property=\"og:image:height\" content=\"933\" \/>\n\t<meta property=\"og:image:type\" content=\"image\/jpeg\" \/>\n<meta name=\"author\" content=\"Daniela Spataro\" \/>\n<meta name=\"twitter:card\" content=\"summary_large_image\" \/>\n<meta name=\"twitter:label1\" content=\"Written by\" \/>\n\t<meta name=\"twitter:data1\" content=\"Daniela Spataro\" \/>\n\t<meta name=\"twitter:label2\" content=\"Est. reading time\" \/>\n\t<meta name=\"twitter:data2\" content=\"4 minutes\" \/>\n<script type=\"application\/ld+json\" class=\"yoast-schema-graph\">{\"@context\":\"https:\/\/schema.org\",\"@graph\":[{\"@type\":\"Article\",\"@id\":\"https:\/\/www.algebris.com\/it\/market-views-it\/global-credit-bullets-lunedi-9-marzo-2026\/#article\",\"isPartOf\":{\"@id\":\"https:\/\/www.algebris.com\/it\/market-views-it\/global-credit-bullets-lunedi-9-marzo-2026\/\"},\"author\":{\"name\":\"Daniela Spataro\",\"@id\":\"https:\/\/www.algebris.com\/it\/#\/schema\/person\/4f8a812e06adf5a47c5d4a2029e3be59\"},\"headline\":\"GLOBAL CREDIT BULLETS | Luned\u00ec, 9 marzo 2026\",\"datePublished\":\"2026-03-09T10:32:37+00:00\",\"dateModified\":\"2026-03-09T10:41:57+00:00\",\"mainEntityOfPage\":{\"@id\":\"https:\/\/www.algebris.com\/it\/market-views-it\/global-credit-bullets-lunedi-9-marzo-2026\/\"},\"wordCount\":668,\"publisher\":{\"@id\":\"https:\/\/www.algebris.com\/it\/#organization\"},\"image\":{\"@id\":\"https:\/\/www.algebris.com\/it\/market-views-it\/global-credit-bullets-lunedi-9-marzo-2026\/#primaryimage\"},\"thumbnailUrl\":\"https:\/\/media.algebris.com\/content\/AdobeStock_506326948_web.jpg\",\"articleSection\":[\"Market Views\"],\"inLanguage\":\"it-IT\"},{\"@type\":\"WebPage\",\"@id\":\"https:\/\/www.algebris.com\/it\/market-views-it\/global-credit-bullets-lunedi-9-marzo-2026\/\",\"url\":\"https:\/\/www.algebris.com\/it\/market-views-it\/global-credit-bullets-lunedi-9-marzo-2026\/\",\"name\":\"GLOBAL CREDIT BULLETS | Luned\u00ec, 9 marzo 2026 - Algebris Investments\",\"isPartOf\":{\"@id\":\"https:\/\/www.algebris.com\/it\/#website\"},\"primaryImageOfPage\":{\"@id\":\"https:\/\/www.algebris.com\/it\/market-views-it\/global-credit-bullets-lunedi-9-marzo-2026\/#primaryimage\"},\"image\":{\"@id\":\"https:\/\/www.algebris.com\/it\/market-views-it\/global-credit-bullets-lunedi-9-marzo-2026\/#primaryimage\"},\"thumbnailUrl\":\"https:\/\/media.algebris.com\/content\/AdobeStock_506326948_web.jpg\",\"datePublished\":\"2026-03-09T10:32:37+00:00\",\"dateModified\":\"2026-03-09T10:41:57+00:00\",\"breadcrumb\":{\"@id\":\"https:\/\/www.algebris.com\/it\/market-views-it\/global-credit-bullets-lunedi-9-marzo-2026\/#breadcrumb\"},\"inLanguage\":\"it-IT\",\"potentialAction\":[{\"@type\":\"ReadAction\",\"target\":[\"https:\/\/www.algebris.com\/it\/market-views-it\/global-credit-bullets-lunedi-9-marzo-2026\/\"]}]},{\"@type\":\"ImageObject\",\"inLanguage\":\"it-IT\",\"@id\":\"https:\/\/www.algebris.com\/it\/market-views-it\/global-credit-bullets-lunedi-9-marzo-2026\/#primaryimage\",\"url\":\"https:\/\/media.algebris.com\/content\/AdobeStock_506326948_web.jpg\",\"contentUrl\":\"https:\/\/media.algebris.com\/content\/AdobeStock_506326948_web.jpg\",\"width\":1400,\"height\":933},{\"@type\":\"BreadcrumbList\",\"@id\":\"https:\/\/www.algebris.com\/it\/market-views-it\/global-credit-bullets-lunedi-9-marzo-2026\/#breadcrumb\",\"itemListElement\":[{\"@type\":\"ListItem\",\"position\":1,\"name\":\"Home\",\"item\":\"https:\/\/www.algebris.com\/it\/\"},{\"@type\":\"ListItem\",\"position\":2,\"name\":\"Market Views\",\"item\":\"https:\/\/www.algebris.com\/it\/category\/market-views-it\/\"},{\"@type\":\"ListItem\",\"position\":3,\"name\":\"GLOBAL CREDIT BULLETS | Luned\u00ec, 9 marzo 2026\"}]},{\"@type\":\"WebSite\",\"@id\":\"https:\/\/www.algebris.com\/it\/#website\",\"url\":\"https:\/\/www.algebris.com\/it\/\",\"name\":\"Algebris Investments\",\"description\":\"\",\"publisher\":{\"@id\":\"https:\/\/www.algebris.com\/it\/#organization\"},\"potentialAction\":[{\"@type\":\"SearchAction\",\"target\":{\"@type\":\"EntryPoint\",\"urlTemplate\":\"https:\/\/www.algebris.com\/it\/?s={search_term_string}\"},\"query-input\":{\"@type\":\"PropertyValueSpecification\",\"valueRequired\":true,\"valueName\":\"search_term_string\"}}],\"inLanguage\":\"it-IT\"},{\"@type\":\"Organization\",\"@id\":\"https:\/\/www.algebris.com\/it\/#organization\",\"name\":\"Algebris Investments\",\"url\":\"https:\/\/www.algebris.com\/it\/\",\"logo\":{\"@type\":\"ImageObject\",\"inLanguage\":\"it-IT\",\"@id\":\"https:\/\/www.algebris.com\/it\/#\/schema\/logo\/image\/\",\"url\":\"https:\/\/media.algebris.com\/content\/cropped-logo1.png\",\"contentUrl\":\"https:\/\/media.algebris.com\/content\/cropped-logo1.png\",\"width\":250,\"height\":78,\"caption\":\"Algebris Investments\"},\"image\":{\"@id\":\"https:\/\/www.algebris.com\/it\/#\/schema\/logo\/image\/\"},\"sameAs\":[\"https:\/\/www.linkedin.com\/company\/algebris-investments\/about\/\",\"https:\/\/www.youtube.com\/channel\/UC_MiRdysidJhtSWRVxtH-3g\/featured\"]},{\"@type\":\"Person\",\"@id\":\"https:\/\/www.algebris.com\/it\/#\/schema\/person\/4f8a812e06adf5a47c5d4a2029e3be59\",\"name\":\"Daniela Spataro\",\"image\":{\"@type\":\"ImageObject\",\"inLanguage\":\"it-IT\",\"@id\":\"https:\/\/www.algebris.com\/it\/#\/schema\/person\/image\/\",\"url\":\"https:\/\/secure.gravatar.com\/avatar\/821ec53dd4d41d0030f366b23cf0332fd516cc4478032551a9affa216c6c8fed?s=96&d=mm&r=g\",\"contentUrl\":\"https:\/\/secure.gravatar.com\/avatar\/821ec53dd4d41d0030f366b23cf0332fd516cc4478032551a9affa216c6c8fed?s=96&d=mm&r=g\",\"caption\":\"Daniela Spataro\"}}]}<\/script>\n<!-- \/ Yoast SEO plugin. -->","yoast_head_json":{"title":"GLOBAL CREDIT BULLETS | Luned\u00ec, 9 marzo 2026 - Algebris Investments","robots":{"index":"index","follow":"follow","max-snippet":"max-snippet:-1","max-image-preview":"max-image-preview:large","max-video-preview":"max-video-preview:-1"},"canonical":"https:\/\/www.algebris.com\/it\/market-views-it\/global-credit-bullets-lunedi-9-marzo-2026\/","og_locale":"it_IT","og_type":"article","og_title":"GLOBAL CREDIT BULLETS | Luned\u00ec, 9 marzo 2026 - Algebris Investments","og_description":"Iran \u2013 Rischi in aumento, sell-off sui tassi A una settimana dall\u2019inizio del conflitto in Medio Oriente, il quadro resta altamente incerto. Dopo una reazione inizialmente contenuta luned\u00ec, i mercati hanno registrato vendite marcate nel corso della settimana. Il movimento \u00e8 stato particolarmente pronunciato sui tassi e sugli asset rischiosi caratterizzati da posizionamenti molto concentrati. [&hellip;]","og_url":"https:\/\/www.algebris.com\/it\/market-views-it\/global-credit-bullets-lunedi-9-marzo-2026\/","og_site_name":"Algebris Investments","article_published_time":"2026-03-09T10:32:37+00:00","article_modified_time":"2026-03-09T10:41:57+00:00","og_image":[{"width":1400,"height":933,"url":"https:\/\/media.algebris.com\/content\/AdobeStock_506326948_web.jpg","type":"image\/jpeg"}],"author":"Daniela Spataro","twitter_card":"summary_large_image","twitter_misc":{"Written by":"Daniela Spataro","Est. reading time":"4 minutes"},"schema":{"@context":"https:\/\/schema.org","@graph":[{"@type":"Article","@id":"https:\/\/www.algebris.com\/it\/market-views-it\/global-credit-bullets-lunedi-9-marzo-2026\/#article","isPartOf":{"@id":"https:\/\/www.algebris.com\/it\/market-views-it\/global-credit-bullets-lunedi-9-marzo-2026\/"},"author":{"name":"Daniela Spataro","@id":"https:\/\/www.algebris.com\/it\/#\/schema\/person\/4f8a812e06adf5a47c5d4a2029e3be59"},"headline":"GLOBAL CREDIT BULLETS | Luned\u00ec, 9 marzo 2026","datePublished":"2026-03-09T10:32:37+00:00","dateModified":"2026-03-09T10:41:57+00:00","mainEntityOfPage":{"@id":"https:\/\/www.algebris.com\/it\/market-views-it\/global-credit-bullets-lunedi-9-marzo-2026\/"},"wordCount":668,"publisher":{"@id":"https:\/\/www.algebris.com\/it\/#organization"},"image":{"@id":"https:\/\/www.algebris.com\/it\/market-views-it\/global-credit-bullets-lunedi-9-marzo-2026\/#primaryimage"},"thumbnailUrl":"https:\/\/media.algebris.com\/content\/AdobeStock_506326948_web.jpg","articleSection":["Market Views"],"inLanguage":"it-IT"},{"@type":"WebPage","@id":"https:\/\/www.algebris.com\/it\/market-views-it\/global-credit-bullets-lunedi-9-marzo-2026\/","url":"https:\/\/www.algebris.com\/it\/market-views-it\/global-credit-bullets-lunedi-9-marzo-2026\/","name":"GLOBAL CREDIT BULLETS | Luned\u00ec, 9 marzo 2026 - Algebris Investments","isPartOf":{"@id":"https:\/\/www.algebris.com\/it\/#website"},"primaryImageOfPage":{"@id":"https:\/\/www.algebris.com\/it\/market-views-it\/global-credit-bullets-lunedi-9-marzo-2026\/#primaryimage"},"image":{"@id":"https:\/\/www.algebris.com\/it\/market-views-it\/global-credit-bullets-lunedi-9-marzo-2026\/#primaryimage"},"thumbnailUrl":"https:\/\/media.algebris.com\/content\/AdobeStock_506326948_web.jpg","datePublished":"2026-03-09T10:32:37+00:00","dateModified":"2026-03-09T10:41:57+00:00","breadcrumb":{"@id":"https:\/\/www.algebris.com\/it\/market-views-it\/global-credit-bullets-lunedi-9-marzo-2026\/#breadcrumb"},"inLanguage":"it-IT","potentialAction":[{"@type":"ReadAction","target":["https:\/\/www.algebris.com\/it\/market-views-it\/global-credit-bullets-lunedi-9-marzo-2026\/"]}]},{"@type":"ImageObject","inLanguage":"it-IT","@id":"https:\/\/www.algebris.com\/it\/market-views-it\/global-credit-bullets-lunedi-9-marzo-2026\/#primaryimage","url":"https:\/\/media.algebris.com\/content\/AdobeStock_506326948_web.jpg","contentUrl":"https:\/\/media.algebris.com\/content\/AdobeStock_506326948_web.jpg","width":1400,"height":933},{"@type":"BreadcrumbList","@id":"https:\/\/www.algebris.com\/it\/market-views-it\/global-credit-bullets-lunedi-9-marzo-2026\/#breadcrumb","itemListElement":[{"@type":"ListItem","position":1,"name":"Home","item":"https:\/\/www.algebris.com\/it\/"},{"@type":"ListItem","position":2,"name":"Market Views","item":"https:\/\/www.algebris.com\/it\/category\/market-views-it\/"},{"@type":"ListItem","position":3,"name":"GLOBAL CREDIT BULLETS | Luned\u00ec, 9 marzo 2026"}]},{"@type":"WebSite","@id":"https:\/\/www.algebris.com\/it\/#website","url":"https:\/\/www.algebris.com\/it\/","name":"Algebris Investments","description":"","publisher":{"@id":"https:\/\/www.algebris.com\/it\/#organization"},"potentialAction":[{"@type":"SearchAction","target":{"@type":"EntryPoint","urlTemplate":"https:\/\/www.algebris.com\/it\/?s={search_term_string}"},"query-input":{"@type":"PropertyValueSpecification","valueRequired":true,"valueName":"search_term_string"}}],"inLanguage":"it-IT"},{"@type":"Organization","@id":"https:\/\/www.algebris.com\/it\/#organization","name":"Algebris Investments","url":"https:\/\/www.algebris.com\/it\/","logo":{"@type":"ImageObject","inLanguage":"it-IT","@id":"https:\/\/www.algebris.com\/it\/#\/schema\/logo\/image\/","url":"https:\/\/media.algebris.com\/content\/cropped-logo1.png","contentUrl":"https:\/\/media.algebris.com\/content\/cropped-logo1.png","width":250,"height":78,"caption":"Algebris Investments"},"image":{"@id":"https:\/\/www.algebris.com\/it\/#\/schema\/logo\/image\/"},"sameAs":["https:\/\/www.linkedin.com\/company\/algebris-investments\/about\/","https:\/\/www.youtube.com\/channel\/UC_MiRdysidJhtSWRVxtH-3g\/featured"]},{"@type":"Person","@id":"https:\/\/www.algebris.com\/it\/#\/schema\/person\/4f8a812e06adf5a47c5d4a2029e3be59","name":"Daniela Spataro","image":{"@type":"ImageObject","inLanguage":"it-IT","@id":"https:\/\/www.algebris.com\/it\/#\/schema\/person\/image\/","url":"https:\/\/secure.gravatar.com\/avatar\/821ec53dd4d41d0030f366b23cf0332fd516cc4478032551a9affa216c6c8fed?s=96&d=mm&r=g","contentUrl":"https:\/\/secure.gravatar.com\/avatar\/821ec53dd4d41d0030f366b23cf0332fd516cc4478032551a9affa216c6c8fed?s=96&d=mm&r=g","caption":"Daniela Spataro"}}]}},"_links":{"self":[{"href":"https:\/\/www.algebris.com\/it\/wp-json\/wp\/v2\/posts\/29512","targetHints":{"allow":["GET"]}}],"collection":[{"href":"https:\/\/www.algebris.com\/it\/wp-json\/wp\/v2\/posts"}],"about":[{"href":"https:\/\/www.algebris.com\/it\/wp-json\/wp\/v2\/types\/post"}],"author":[{"embeddable":true,"href":"https:\/\/www.algebris.com\/it\/wp-json\/wp\/v2\/users\/22"}],"replies":[{"embeddable":true,"href":"https:\/\/www.algebris.com\/it\/wp-json\/wp\/v2\/comments?post=29512"}],"version-history":[{"count":1,"href":"https:\/\/www.algebris.com\/it\/wp-json\/wp\/v2\/posts\/29512\/revisions"}],"predecessor-version":[{"id":29513,"href":"https:\/\/www.algebris.com\/it\/wp-json\/wp\/v2\/posts\/29512\/revisions\/29513"}],"wp:featuredmedia":[{"embeddable":true,"href":"https:\/\/www.algebris.com\/it\/wp-json\/wp\/v2\/media\/29509"}],"wp:attachment":[{"href":"https:\/\/www.algebris.com\/it\/wp-json\/wp\/v2\/media?parent=29512"}],"wp:term":[{"taxonomy":"category","embeddable":true,"href":"https:\/\/www.algebris.com\/it\/wp-json\/wp\/v2\/categories?post=29512"},{"taxonomy":"post_tag","embeddable":true,"href":"https:\/\/www.algebris.com\/it\/wp-json\/wp\/v2\/tags?post=29512"},{"taxonomy":"asset-class","embeddable":true,"href":"https:\/\/www.algebris.com\/it\/wp-json\/wp\/v2\/asset-class?post=29512"},{"taxonomy":"algebris-themes","embeddable":true,"href":"https:\/\/www.algebris.com\/it\/wp-json\/wp\/v2\/algebris-themes?post=29512"}],"curies":[{"name":"wp","href":"https:\/\/api.w.org\/{rel}","templated":true}]}}