{"id":29569,"date":"2026-03-16T11:57:20","date_gmt":"2026-03-16T11:57:20","guid":{"rendered":"https:\/\/www.algebris.com\/?p=29569"},"modified":"2026-03-16T11:47:58","modified_gmt":"2026-03-16T11:47:58","slug":"global-credit-bullets-lunedi-16-marzo-2026","status":"publish","type":"post","link":"https:\/\/www.algebris.com\/it\/market-views-it\/global-credit-bullets-lunedi-16-marzo-2026\/","title":{"rendered":"GLOBAL CREDIT BULLETS | Luned\u00ec, 16 marzo 2026"},"content":{"rendered":"\n<h5 class=\"wp-block-heading\"><strong><strong><strong><strong><strong><strong><strong><strong><strong><strong><strong><strong><strong><strong><strong><strong><strong><strong><strong><strong><strong><strong><strong><strong><strong><strong><strong><strong><strong><strong><strong><strong><strong><strong><strong><strong>Iran \u2013 Tutto ruota attorno a Hormuz<\/strong><\/strong><\/strong><\/strong><\/strong><\/strong><\/strong><\/strong><\/strong><\/strong><\/strong><\/strong><\/strong><\/strong><\/strong><\/strong><\/strong><\/strong><\/strong><\/strong><\/strong><\/strong><\/strong><\/strong><\/strong><\/strong><\/strong><\/strong><\/strong><\/strong><\/strong><\/strong><\/strong><\/strong><\/strong><\/strong><\/h5>\n\n\n\n<p>La seconda settimana del conflitto ha rafforzato l\u2019idea che la guerra possa durare pi\u00f9 a lungo di quanto inizialmente previsto. Il regime iraniano ha nominato Mojtaba Khamenei, figlio di Ali Khamenei, come nuovo Leader Supremo. La nomina segnala una chiara continuit\u00e0 all\u2019interno del regime e suggerisce una linea pi\u00f9 dura, indicando un approccio meno pragmatico ai negoziati, anche se il presidente Trump ha dichiarato pubblicamente di non essere favorevole alla sua nomina.<\/p>\n\n\n\n<p>L\u2019attivit\u00e0 militare si \u00e8 stabilizzata su livelli coerenti con uno scenario di conflitto prolungato. Il numero di missili e droni lanciati verso Israele e i paesi del Golfo \u00e8 rimasto nel complesso stabile. I paesi del Golfo sono sempre pi\u00f9 spesso bersaglio di attacchi con droni e al momento non dispongono di capacit\u00e0 difensive sufficienti per sostenere una protezione efficace in caso di conflitto prolungato.<\/p>\n\n\n\n<p>Per i mercati, tuttavia, la questione centrale resta lo Stretto di Hormuz, che continua a rappresentare la leva strategica pi\u00f9 potente a disposizione del regime. Al momento quasi nessuna petroliera attraversa lo stretto, perch\u00e9 l\u2019Iran sta sfruttando il proprio controllo geografico sul passaggio per esercitare pressione sugli Stati Uniti e sui loro alleati regionali.<\/p>\n\n\n\n<p>In risposta, l\u2019Agenzia Internazionale dell\u2019Energia ha autorizzato il rilascio di circa 400 milioni di barili dalle riserve strategiche, contribuendo ad attenuare la reazione iniziale del mercato sui prezzi del petrolio.<\/p>\n\n\n\n<p>Questa dinamica \u00e8 particolarmente delicata per l\u2019amministrazione statunitense, perch\u00e9 il presidente Trump non pu\u00f2 permettersi prezzi del petrolio elevati per un periodo prolungato, con l\u2019avvicinarsi delle elezioni di met\u00e0 mandato. La comunicazione della Casa Bianca \u00e8 stata incoerente, cambiando pi\u00f9 volte tono sia sulla durata attesa del conflitto sia sui livelli di prezzo del petrolio ritenuti accettabili. Finch\u00e9 i flussi attraverso Hormuz resteranno fortemente ridotti, sui prezzi del petrolio continuer\u00e0 probabilmente a esercitarsi una pressione rialzista. L\u2019attuale inversione della curva dei futures sul petrolio suggerisce tuttavia che i mercati continuino a considerare l\u2019interruzione come temporanea.<\/p>\n\n\n\n<div style=\"height:28px\" aria-hidden=\"true\" class=\"wp-block-spacer\"><\/div>\n\n\n\n<h5 class=\"wp-block-heading\"><strong><strong><strong><strong><strong><strong><strong><strong><strong><strong><strong><strong><strong><strong><strong><strong><strong><strong><strong><strong><strong><strong><strong><strong><strong><strong><strong><strong><strong><strong><strong><strong><strong><strong><strong><strong><strong><strong><strong><strong><strong><strong><strong><strong><strong><strong><strong><strong><strong><strong><strong><strong><strong><strong><strong><strong><strong><strong><strong><strong><strong>Iran \u2013 Lo shock petrolifero spinge i tassi globali<\/strong><\/strong><\/strong><\/strong><\/strong><\/strong><\/strong><\/strong><\/strong><\/strong><\/strong><\/strong><\/strong><\/strong><\/strong><\/strong><\/strong><\/strong><\/strong><\/strong><\/strong><\/strong><\/strong><\/strong><\/strong><\/strong><\/strong><\/strong><\/strong><\/strong><\/strong><\/strong><\/strong><\/strong><\/strong><\/strong><\/strong><\/strong><\/strong><\/strong><\/strong><\/strong><\/strong><\/strong><\/strong><\/strong><\/strong><\/strong><\/strong><\/strong><\/strong><\/strong><\/strong><\/strong><\/strong><\/strong><\/strong><\/strong><\/strong><\/strong><\/strong><\/h5>\n\n\n\n<p>La scorsa settimana l\u2019attenzione dei mercati si \u00e8 concentrata sugli sviluppi legati all\u2019Iran e all\u2019andamento dei prezzi del petrolio. Luned\u00ec il greggio \u00e8 salito per un breve momento fino a sfiorare i 120 dollari al barile, mentre i tassi europei hanno registrato un balzo di circa 10 punti base. Movimenti ancora pi\u00f9 marcati si sono osservati nelle aree pi\u00f9 sensibili al costo dell\u2019energia, come l\u2019Europa centrale e orientale.<\/p>\n\n\n\n<p>Nel corso della giornata, per\u00f2, il movimento si \u00e8 rapidamente invertito dopo che il presidente Trump ha lasciato intendere che la guerra potesse essere vicina alla conclusione. I prezzi del petrolio hanno perso quasi il 30% rispetto ai massimi intraday e i tassi europei hanno recuperato il sell-off iniziale, per poi chiudere in calo.<\/p>\n\n\n\n<p>L\u2019aggiustamento pi\u00f9 significativo si \u00e8 visto sui tassi, che hanno incorporato pi\u00f9 rapidamente l\u2019impatto inflazionistico del rincaro energetico sulle aspettative macroeconomiche, soprattutto nelle economie pi\u00f9 dipendenti dall\u2019energia. Il Bund decennale si \u00e8 avvicinato al 3%, mentre gli spread creditizi si sono ampliati di circa 10 punti base nel corso della settimana.<\/p>\n\n\n\n<p>I mercati azionari sono stati pi\u00f9 resilienti, con una reazione complessivamente pi\u00f9 contenuta. Il dollaro statunitense si \u00e8 rafforzato per tutta la settimana in un contesto di avversione al rischio. Negli Stati Uniti, la parte breve della curva ora prezza meno di un taglio dei tassi, mentre i rendimenti dei Treasury a 30 anni si sono avvicinati al 5%, un livello attentamente monitorato dagli investitori.<\/p>\n\n\n\n<p>In Europa e nel Regno Unito, i tassi sulla parte breve della curva sono stati in gran parte riassorbiti durante la settimana, mentre i mercati ricalibravano le aspettative e la duration seguiva il rialzo dei rendimenti globali.<\/p>\n\n\n\n<div style=\"height:28px\" aria-hidden=\"true\" class=\"wp-block-spacer\"><\/div>\n\n\n\n<h5 class=\"wp-block-heading\"><strong><strong><strong><strong><strong><strong><strong><strong><strong><strong><strong><strong><strong><strong><strong><strong><strong><strong><strong><strong><strong><strong><strong><strong><strong><strong><strong><strong><strong><strong><strong><strong><strong><strong><strong><strong><strong><strong><strong><strong><strong><strong><strong><strong><strong><strong><strong><strong><strong><strong><strong><strong><strong><strong><strong><strong><strong><strong><strong><strong><strong><strong>BCE \u2013 Il ritorno dei falchi<\/strong><\/strong><\/strong><\/strong><\/strong><\/strong><\/strong><\/strong><\/strong><\/strong><\/strong><\/strong><\/strong><\/strong><\/strong><\/strong><\/strong><\/strong><\/strong><\/strong><\/strong><\/strong><\/strong><\/strong><\/strong><\/strong><\/strong><\/strong><\/strong><\/strong><\/strong><\/strong><\/strong><\/strong><\/strong><\/strong><\/strong><\/strong><\/strong><\/strong><\/strong><\/strong><\/strong><\/strong><\/strong><\/strong><\/strong><\/strong><\/strong><\/strong><\/strong><\/strong><\/strong><\/strong><\/strong><\/strong><\/strong><\/strong><\/strong><\/strong><\/strong><\/strong><\/h5>\n\n\n\n<p>La scorsa settimana ha segnato un cambiamento significativo nella comunicazione della Banca Centrale Europea: Per la prima volta negli ultimi mesi, il tono dei policymaker \u00e8 diventato chiaramente pi\u00f9 hawkish.<\/p>\n\n\n\n<p>Il messaggio ai mercati \u00e8 che la funzione di reazione della BCE, in presenza di prezzi dell\u2019energia pi\u00f9 elevati, rimane principalmente focalizzata sull\u2019inflazione, piuttosto che sui rischi per la crescita. Se i prezzi del petrolio dovessero rimanere elevati per un periodo prolungato, la BCE sembra disposta ad aumentare i tassi.<\/p>\n\n\n\n<p>I mercati dell\u2019inflazione ora prezzano un CPI dell\u2019area euro vicino al 3% nel prossimo trimestre, prima di tornare verso l\u2019obiettivo del 2% circa un anno dopo.<\/p>\n\n\n\n<p>I mercati dei tassi hanno reagito rapidamente al cambiamento di tono, con la parte breve della curva che ora prezza due rialzi dei tassi nel 2026. Alla riunione di marzo della prossima settimana ci aspettiamo che la BCE lasci i tassi invariati, ma la comunicazione probabilmente rafforzer\u00e0 la posizione sempre pi\u00f9 restrittiva sull\u2019outlook dell\u2019inflazione.<\/p>\n\n\n\n<div style=\"height:28px\" aria-hidden=\"true\" class=\"wp-block-spacer\"><\/div>\n\n\n\n<h5 class=\"wp-block-heading\">Algebris Investments&#8217; <em>Global Credit Team<\/em><\/h5>\n","protected":false},"excerpt":{"rendered":"<p>Iran \u2013 Tutto ruota attorno a Hormuz La seconda settimana del conflitto ha rafforzato l\u2019idea che la guerra possa durare pi\u00f9 a lungo di quanto inizialmente previsto. Il regime iraniano ha nominato Mojtaba Khamenei, figlio di Ali Khamenei, come nuovo Leader Supremo. La nomina segnala una chiara continuit\u00e0 all\u2019interno del regime e suggerisce una linea [&hellip;]<\/p>\n","protected":false},"author":22,"featured_media":29567,"comment_status":"closed","ping_status":"closed","sticky":false,"template":"","format":"standard","meta":{"_acf_changed":false,"footnotes":""},"categories":[130],"tags":[],"asset-class":[224],"algebris-themes":[235],"class_list":["post-29569","post","type-post","status-publish","format-standard","has-post-thumbnail","hentry","category-market-views-it","asset-class-credit-it","algebris-themes-global-credit-it"],"acf":[],"yoast_head":"<!-- This site is optimized with the Yoast SEO plugin v27.1.1 - https:\/\/yoast.com\/product\/yoast-seo-wordpress\/ -->\n<title>GLOBAL CREDIT BULLETS | Luned\u00ec, 16 marzo 2026 - Algebris Investments<\/title>\n<meta name=\"robots\" content=\"index, follow, max-snippet:-1, max-image-preview:large, max-video-preview:-1\" \/>\n<link rel=\"canonical\" href=\"https:\/\/www.algebris.com\/it\/market-views-it\/global-credit-bullets-lunedi-16-marzo-2026\/\" \/>\n<meta property=\"og:locale\" content=\"it_IT\" \/>\n<meta property=\"og:type\" content=\"article\" \/>\n<meta property=\"og:title\" content=\"GLOBAL CREDIT BULLETS | Luned\u00ec, 16 marzo 2026 - Algebris Investments\" \/>\n<meta property=\"og:description\" content=\"Iran \u2013 Tutto ruota attorno a Hormuz La seconda settimana del conflitto ha rafforzato l\u2019idea che la guerra possa durare pi\u00f9 a lungo di quanto inizialmente previsto. Il regime iraniano ha nominato Mojtaba Khamenei, figlio di Ali Khamenei, come nuovo Leader Supremo. La nomina segnala una chiara continuit\u00e0 all\u2019interno del regime e suggerisce una linea [&hellip;]\" \/>\n<meta property=\"og:url\" content=\"https:\/\/www.algebris.com\/it\/market-views-it\/global-credit-bullets-lunedi-16-marzo-2026\/\" \/>\n<meta property=\"og:site_name\" content=\"Algebris Investments\" \/>\n<meta property=\"article:published_time\" content=\"2026-03-16T11:57:20+00:00\" \/>\n<meta property=\"og:image\" content=\"https:\/\/media.algebris.com\/content\/AdobeStock_273059471_web.jpg\" \/>\n\t<meta property=\"og:image:width\" content=\"1400\" \/>\n\t<meta property=\"og:image:height\" content=\"933\" \/>\n\t<meta property=\"og:image:type\" content=\"image\/jpeg\" \/>\n<meta name=\"author\" content=\"Daniela Spataro\" \/>\n<meta name=\"twitter:card\" content=\"summary_large_image\" \/>\n<meta name=\"twitter:label1\" content=\"Written by\" \/>\n\t<meta name=\"twitter:data1\" content=\"Daniela Spataro\" \/>\n\t<meta name=\"twitter:label2\" content=\"Est. reading time\" \/>\n\t<meta name=\"twitter:data2\" content=\"4 minutes\" \/>\n<script type=\"application\/ld+json\" class=\"yoast-schema-graph\">{\"@context\":\"https:\/\/schema.org\",\"@graph\":[{\"@type\":\"Article\",\"@id\":\"https:\/\/www.algebris.com\/it\/market-views-it\/global-credit-bullets-lunedi-16-marzo-2026\/#article\",\"isPartOf\":{\"@id\":\"https:\/\/www.algebris.com\/it\/market-views-it\/global-credit-bullets-lunedi-16-marzo-2026\/\"},\"author\":{\"name\":\"Daniela Spataro\",\"@id\":\"https:\/\/www.algebris.com\/it\/#\/schema\/person\/4f8a812e06adf5a47c5d4a2029e3be59\"},\"headline\":\"GLOBAL CREDIT BULLETS | Luned\u00ec, 16 marzo 2026\",\"datePublished\":\"2026-03-16T11:57:20+00:00\",\"mainEntityOfPage\":{\"@id\":\"https:\/\/www.algebris.com\/it\/market-views-it\/global-credit-bullets-lunedi-16-marzo-2026\/\"},\"wordCount\":782,\"publisher\":{\"@id\":\"https:\/\/www.algebris.com\/it\/#organization\"},\"image\":{\"@id\":\"https:\/\/www.algebris.com\/it\/market-views-it\/global-credit-bullets-lunedi-16-marzo-2026\/#primaryimage\"},\"thumbnailUrl\":\"https:\/\/media.algebris.com\/content\/AdobeStock_273059471_web.jpg\",\"articleSection\":[\"Market Views\"],\"inLanguage\":\"it-IT\"},{\"@type\":\"WebPage\",\"@id\":\"https:\/\/www.algebris.com\/it\/market-views-it\/global-credit-bullets-lunedi-16-marzo-2026\/\",\"url\":\"https:\/\/www.algebris.com\/it\/market-views-it\/global-credit-bullets-lunedi-16-marzo-2026\/\",\"name\":\"GLOBAL CREDIT BULLETS | Luned\u00ec, 16 marzo 2026 - Algebris Investments\",\"isPartOf\":{\"@id\":\"https:\/\/www.algebris.com\/it\/#website\"},\"primaryImageOfPage\":{\"@id\":\"https:\/\/www.algebris.com\/it\/market-views-it\/global-credit-bullets-lunedi-16-marzo-2026\/#primaryimage\"},\"image\":{\"@id\":\"https:\/\/www.algebris.com\/it\/market-views-it\/global-credit-bullets-lunedi-16-marzo-2026\/#primaryimage\"},\"thumbnailUrl\":\"https:\/\/media.algebris.com\/content\/AdobeStock_273059471_web.jpg\",\"datePublished\":\"2026-03-16T11:57:20+00:00\",\"breadcrumb\":{\"@id\":\"https:\/\/www.algebris.com\/it\/market-views-it\/global-credit-bullets-lunedi-16-marzo-2026\/#breadcrumb\"},\"inLanguage\":\"it-IT\",\"potentialAction\":[{\"@type\":\"ReadAction\",\"target\":[\"https:\/\/www.algebris.com\/it\/market-views-it\/global-credit-bullets-lunedi-16-marzo-2026\/\"]}]},{\"@type\":\"ImageObject\",\"inLanguage\":\"it-IT\",\"@id\":\"https:\/\/www.algebris.com\/it\/market-views-it\/global-credit-bullets-lunedi-16-marzo-2026\/#primaryimage\",\"url\":\"https:\/\/media.algebris.com\/content\/AdobeStock_273059471_web.jpg\",\"contentUrl\":\"https:\/\/media.algebris.com\/content\/AdobeStock_273059471_web.jpg\",\"width\":1400,\"height\":933},{\"@type\":\"BreadcrumbList\",\"@id\":\"https:\/\/www.algebris.com\/it\/market-views-it\/global-credit-bullets-lunedi-16-marzo-2026\/#breadcrumb\",\"itemListElement\":[{\"@type\":\"ListItem\",\"position\":1,\"name\":\"Home\",\"item\":\"https:\/\/www.algebris.com\/it\/\"},{\"@type\":\"ListItem\",\"position\":2,\"name\":\"Market Views\",\"item\":\"https:\/\/www.algebris.com\/it\/category\/market-views-it\/\"},{\"@type\":\"ListItem\",\"position\":3,\"name\":\"GLOBAL CREDIT BULLETS | Luned\u00ec, 16 marzo 2026\"}]},{\"@type\":\"WebSite\",\"@id\":\"https:\/\/www.algebris.com\/it\/#website\",\"url\":\"https:\/\/www.algebris.com\/it\/\",\"name\":\"Algebris Investments\",\"description\":\"\",\"publisher\":{\"@id\":\"https:\/\/www.algebris.com\/it\/#organization\"},\"potentialAction\":[{\"@type\":\"SearchAction\",\"target\":{\"@type\":\"EntryPoint\",\"urlTemplate\":\"https:\/\/www.algebris.com\/it\/?s={search_term_string}\"},\"query-input\":{\"@type\":\"PropertyValueSpecification\",\"valueRequired\":true,\"valueName\":\"search_term_string\"}}],\"inLanguage\":\"it-IT\"},{\"@type\":\"Organization\",\"@id\":\"https:\/\/www.algebris.com\/it\/#organization\",\"name\":\"Algebris Investments\",\"url\":\"https:\/\/www.algebris.com\/it\/\",\"logo\":{\"@type\":\"ImageObject\",\"inLanguage\":\"it-IT\",\"@id\":\"https:\/\/www.algebris.com\/it\/#\/schema\/logo\/image\/\",\"url\":\"https:\/\/media.algebris.com\/content\/cropped-logo1.png\",\"contentUrl\":\"https:\/\/media.algebris.com\/content\/cropped-logo1.png\",\"width\":250,\"height\":78,\"caption\":\"Algebris Investments\"},\"image\":{\"@id\":\"https:\/\/www.algebris.com\/it\/#\/schema\/logo\/image\/\"},\"sameAs\":[\"https:\/\/www.linkedin.com\/company\/algebris-investments\/about\/\",\"https:\/\/www.youtube.com\/channel\/UC_MiRdysidJhtSWRVxtH-3g\/featured\"]},{\"@type\":\"Person\",\"@id\":\"https:\/\/www.algebris.com\/it\/#\/schema\/person\/4f8a812e06adf5a47c5d4a2029e3be59\",\"name\":\"Daniela Spataro\",\"image\":{\"@type\":\"ImageObject\",\"inLanguage\":\"it-IT\",\"@id\":\"https:\/\/www.algebris.com\/it\/#\/schema\/person\/image\/\",\"url\":\"https:\/\/secure.gravatar.com\/avatar\/821ec53dd4d41d0030f366b23cf0332fd516cc4478032551a9affa216c6c8fed?s=96&d=mm&r=g\",\"contentUrl\":\"https:\/\/secure.gravatar.com\/avatar\/821ec53dd4d41d0030f366b23cf0332fd516cc4478032551a9affa216c6c8fed?s=96&d=mm&r=g\",\"caption\":\"Daniela Spataro\"}}]}<\/script>\n<!-- \/ Yoast SEO plugin. -->","yoast_head_json":{"title":"GLOBAL CREDIT BULLETS | Luned\u00ec, 16 marzo 2026 - Algebris Investments","robots":{"index":"index","follow":"follow","max-snippet":"max-snippet:-1","max-image-preview":"max-image-preview:large","max-video-preview":"max-video-preview:-1"},"canonical":"https:\/\/www.algebris.com\/it\/market-views-it\/global-credit-bullets-lunedi-16-marzo-2026\/","og_locale":"it_IT","og_type":"article","og_title":"GLOBAL CREDIT BULLETS | Luned\u00ec, 16 marzo 2026 - Algebris Investments","og_description":"Iran \u2013 Tutto ruota attorno a Hormuz La seconda settimana del conflitto ha rafforzato l\u2019idea che la guerra possa durare pi\u00f9 a lungo di quanto inizialmente previsto. Il regime iraniano ha nominato Mojtaba Khamenei, figlio di Ali Khamenei, come nuovo Leader Supremo. La nomina segnala una chiara continuit\u00e0 all\u2019interno del regime e suggerisce una linea [&hellip;]","og_url":"https:\/\/www.algebris.com\/it\/market-views-it\/global-credit-bullets-lunedi-16-marzo-2026\/","og_site_name":"Algebris Investments","article_published_time":"2026-03-16T11:57:20+00:00","og_image":[{"width":1400,"height":933,"url":"https:\/\/media.algebris.com\/content\/AdobeStock_273059471_web.jpg","type":"image\/jpeg"}],"author":"Daniela Spataro","twitter_card":"summary_large_image","twitter_misc":{"Written by":"Daniela Spataro","Est. reading time":"4 minutes"},"schema":{"@context":"https:\/\/schema.org","@graph":[{"@type":"Article","@id":"https:\/\/www.algebris.com\/it\/market-views-it\/global-credit-bullets-lunedi-16-marzo-2026\/#article","isPartOf":{"@id":"https:\/\/www.algebris.com\/it\/market-views-it\/global-credit-bullets-lunedi-16-marzo-2026\/"},"author":{"name":"Daniela Spataro","@id":"https:\/\/www.algebris.com\/it\/#\/schema\/person\/4f8a812e06adf5a47c5d4a2029e3be59"},"headline":"GLOBAL CREDIT BULLETS | Luned\u00ec, 16 marzo 2026","datePublished":"2026-03-16T11:57:20+00:00","mainEntityOfPage":{"@id":"https:\/\/www.algebris.com\/it\/market-views-it\/global-credit-bullets-lunedi-16-marzo-2026\/"},"wordCount":782,"publisher":{"@id":"https:\/\/www.algebris.com\/it\/#organization"},"image":{"@id":"https:\/\/www.algebris.com\/it\/market-views-it\/global-credit-bullets-lunedi-16-marzo-2026\/#primaryimage"},"thumbnailUrl":"https:\/\/media.algebris.com\/content\/AdobeStock_273059471_web.jpg","articleSection":["Market Views"],"inLanguage":"it-IT"},{"@type":"WebPage","@id":"https:\/\/www.algebris.com\/it\/market-views-it\/global-credit-bullets-lunedi-16-marzo-2026\/","url":"https:\/\/www.algebris.com\/it\/market-views-it\/global-credit-bullets-lunedi-16-marzo-2026\/","name":"GLOBAL CREDIT BULLETS | Luned\u00ec, 16 marzo 2026 - Algebris Investments","isPartOf":{"@id":"https:\/\/www.algebris.com\/it\/#website"},"primaryImageOfPage":{"@id":"https:\/\/www.algebris.com\/it\/market-views-it\/global-credit-bullets-lunedi-16-marzo-2026\/#primaryimage"},"image":{"@id":"https:\/\/www.algebris.com\/it\/market-views-it\/global-credit-bullets-lunedi-16-marzo-2026\/#primaryimage"},"thumbnailUrl":"https:\/\/media.algebris.com\/content\/AdobeStock_273059471_web.jpg","datePublished":"2026-03-16T11:57:20+00:00","breadcrumb":{"@id":"https:\/\/www.algebris.com\/it\/market-views-it\/global-credit-bullets-lunedi-16-marzo-2026\/#breadcrumb"},"inLanguage":"it-IT","potentialAction":[{"@type":"ReadAction","target":["https:\/\/www.algebris.com\/it\/market-views-it\/global-credit-bullets-lunedi-16-marzo-2026\/"]}]},{"@type":"ImageObject","inLanguage":"it-IT","@id":"https:\/\/www.algebris.com\/it\/market-views-it\/global-credit-bullets-lunedi-16-marzo-2026\/#primaryimage","url":"https:\/\/media.algebris.com\/content\/AdobeStock_273059471_web.jpg","contentUrl":"https:\/\/media.algebris.com\/content\/AdobeStock_273059471_web.jpg","width":1400,"height":933},{"@type":"BreadcrumbList","@id":"https:\/\/www.algebris.com\/it\/market-views-it\/global-credit-bullets-lunedi-16-marzo-2026\/#breadcrumb","itemListElement":[{"@type":"ListItem","position":1,"name":"Home","item":"https:\/\/www.algebris.com\/it\/"},{"@type":"ListItem","position":2,"name":"Market Views","item":"https:\/\/www.algebris.com\/it\/category\/market-views-it\/"},{"@type":"ListItem","position":3,"name":"GLOBAL CREDIT BULLETS | Luned\u00ec, 16 marzo 2026"}]},{"@type":"WebSite","@id":"https:\/\/www.algebris.com\/it\/#website","url":"https:\/\/www.algebris.com\/it\/","name":"Algebris Investments","description":"","publisher":{"@id":"https:\/\/www.algebris.com\/it\/#organization"},"potentialAction":[{"@type":"SearchAction","target":{"@type":"EntryPoint","urlTemplate":"https:\/\/www.algebris.com\/it\/?s={search_term_string}"},"query-input":{"@type":"PropertyValueSpecification","valueRequired":true,"valueName":"search_term_string"}}],"inLanguage":"it-IT"},{"@type":"Organization","@id":"https:\/\/www.algebris.com\/it\/#organization","name":"Algebris Investments","url":"https:\/\/www.algebris.com\/it\/","logo":{"@type":"ImageObject","inLanguage":"it-IT","@id":"https:\/\/www.algebris.com\/it\/#\/schema\/logo\/image\/","url":"https:\/\/media.algebris.com\/content\/cropped-logo1.png","contentUrl":"https:\/\/media.algebris.com\/content\/cropped-logo1.png","width":250,"height":78,"caption":"Algebris Investments"},"image":{"@id":"https:\/\/www.algebris.com\/it\/#\/schema\/logo\/image\/"},"sameAs":["https:\/\/www.linkedin.com\/company\/algebris-investments\/about\/","https:\/\/www.youtube.com\/channel\/UC_MiRdysidJhtSWRVxtH-3g\/featured"]},{"@type":"Person","@id":"https:\/\/www.algebris.com\/it\/#\/schema\/person\/4f8a812e06adf5a47c5d4a2029e3be59","name":"Daniela Spataro","image":{"@type":"ImageObject","inLanguage":"it-IT","@id":"https:\/\/www.algebris.com\/it\/#\/schema\/person\/image\/","url":"https:\/\/secure.gravatar.com\/avatar\/821ec53dd4d41d0030f366b23cf0332fd516cc4478032551a9affa216c6c8fed?s=96&d=mm&r=g","contentUrl":"https:\/\/secure.gravatar.com\/avatar\/821ec53dd4d41d0030f366b23cf0332fd516cc4478032551a9affa216c6c8fed?s=96&d=mm&r=g","caption":"Daniela Spataro"}}]}},"_links":{"self":[{"href":"https:\/\/www.algebris.com\/it\/wp-json\/wp\/v2\/posts\/29569","targetHints":{"allow":["GET"]}}],"collection":[{"href":"https:\/\/www.algebris.com\/it\/wp-json\/wp\/v2\/posts"}],"about":[{"href":"https:\/\/www.algebris.com\/it\/wp-json\/wp\/v2\/types\/post"}],"author":[{"embeddable":true,"href":"https:\/\/www.algebris.com\/it\/wp-json\/wp\/v2\/users\/22"}],"replies":[{"embeddable":true,"href":"https:\/\/www.algebris.com\/it\/wp-json\/wp\/v2\/comments?post=29569"}],"version-history":[{"count":1,"href":"https:\/\/www.algebris.com\/it\/wp-json\/wp\/v2\/posts\/29569\/revisions"}],"predecessor-version":[{"id":29570,"href":"https:\/\/www.algebris.com\/it\/wp-json\/wp\/v2\/posts\/29569\/revisions\/29570"}],"wp:featuredmedia":[{"embeddable":true,"href":"https:\/\/www.algebris.com\/it\/wp-json\/wp\/v2\/media\/29567"}],"wp:attachment":[{"href":"https:\/\/www.algebris.com\/it\/wp-json\/wp\/v2\/media?parent=29569"}],"wp:term":[{"taxonomy":"category","embeddable":true,"href":"https:\/\/www.algebris.com\/it\/wp-json\/wp\/v2\/categories?post=29569"},{"taxonomy":"post_tag","embeddable":true,"href":"https:\/\/www.algebris.com\/it\/wp-json\/wp\/v2\/tags?post=29569"},{"taxonomy":"asset-class","embeddable":true,"href":"https:\/\/www.algebris.com\/it\/wp-json\/wp\/v2\/asset-class?post=29569"},{"taxonomy":"algebris-themes","embeddable":true,"href":"https:\/\/www.algebris.com\/it\/wp-json\/wp\/v2\/algebris-themes?post=29569"}],"curies":[{"name":"wp","href":"https:\/\/api.w.org\/{rel}","templated":true}]}}