{"id":5473,"date":"2020-07-24T05:49:33","date_gmt":"2020-07-24T05:49:33","guid":{"rendered":"https:\/\/www.algebris.com\/?p=5473"},"modified":"2020-07-24T08:57:11","modified_gmt":"2020-07-24T08:57:11","slug":"next-generation-eu-come-funziona-e-cosa-significa-per-leuropa","status":"publish","type":"post","link":"https:\/\/www.algebris.com\/it\/esg-policy-research-it\/next-generation-eu-come-funziona-e-cosa-significa-per-leuropa\/","title":{"rendered":"Next Generation EU: come funziona e cosa significa per l&#8217;Europa?"},"content":{"rendered":"\n<p><em>Dopo giorni di accese discussioni, il Consiglio Europeo ha raggiunto l\u2019accordo su un pacchetto da 750 miliardi di euro (Next Generation EU) per sostenere la ripresa post-COVID-19. Si tratta di un evento storico e importante per l&#8217;integrazione Europea, ma la strada \u00e8 ancora lunga.<\/em><\/p>\n\n\n\n<p>Le dimensioni del pacchetto restano invariate rispetto alla proposta originale della Commissione UE (750 miliardi), ma la componente delle sovvenzioni \u00e8 ridotta da 500 a 390 miliardi di euro, mentre i prestiti aumentano da 250 a 360 miliardi.<\/p>\n\n\n\n<p>Nel complesso, i tagli alle sovvenzioni si sono concentrati su quei programmi (come Horizon Europe, o InvestEU) che sarebbe stati gestiti a livello centrale e avrebbe finanziato beni pubblici a livello genuinamente Europeo. Visto che Next Generation sar\u00e0 finanziato con emissioni comuni di debito UE, sarebbe stato un importante segnale se una parte di queste emissioni fossero state destinate a finanziare programmi UE con un orizzonte di lungo termine. Questo avrebbe inoltre potuto facilitare la transizione da questa iniziativa \u2013 che per ora \u00e8 presentata come temporanea \u2013 a un sistema di emissioni comuni UE permanenti.<\/p>\n\n\n<p>[infogram id=&#8221;_\/wGe19O2RQH313mVpLSg6&#8243; prefix=&#8221;ibv&#8221; format=&#8221;interactive&#8221; title=&#8221;20200722_RRF_1&#8243;]<\/p>\n\n\n\n<p>Italia e Spagna saranno i principali beneficiari delle sovvenzioni, ricevendo rispettivamente 80 e 78 miliardi. Per calcolare il trasferimento fiscale netto, assumiamo che ciascuno paese sia tenuto a rimborsare in base alla propria quota nel bilancio dell&#8217;UE. Si tratta di un&#8217;ipotesi conservativa, perch\u00e9 il rimborso finale dipender\u00e0 soprattutto dal raggiungimento o meno di un accordo sull&#8217;aumento delle risorse proprie dell&#8217;UE, che ridurrebbe il contributo nazionale. Inoltre, l\u2019allocazione di 30% delle sovvenzioni sar\u00e0 rivalutata nel 2022 sulla base della perdita in termini di PIL reale osservata nel corso del 2020\/21, che potrebbe ulteriormente beneficiare i Paesi pi\u00f9 colpiti e con lockdown pi\u00f9 restrittivi.<\/p>\n\n\n<p>[infogram id=&#8221;_\/qWzE4qmng1OTCGtzLRiq&#8221; prefix=&#8221;vxy&#8221; format=&#8221;interactive&#8221; title=&#8221;20200722_RRF_2&#8243;]<\/p>\n\n\n\n<p class=\"has-text-align-center\"><em>Nota: per calcolare le allocazioni nazionali, a titolo di semplificazione applichiamo all\u2019intero importo di sovvenzioni la chiave distributiva proposta dalla Commissione per la Recovery and Resilience Facility (che costituisce l&#8217;80% delle sovvenzioni in Next Generation EU).<\/em><\/p>\n\n\n\n<div style=\"height:20px\" aria-hidden=\"true\" class=\"wp-block-spacer\"><\/div>\n\n\n\n<p>Il grado di solidariet\u00e0 fiscale implicito nel pacchetto Next Generation EU \u00e8 esemplificato dalla posizione dell&#8217;Italia. Il nostro paese ha infatti diritto a circa 80 miliardi di sovvenzioni ma \u2013 nella nostra ipotesi conservativa \u2013 dovr\u00e0 contribuire in base alla sua quota del bilanzio UE solo 50 miliardi, ottenendo quindi un trasferimento netto di susidi di circa 30 miliardi. Per mettere le cifre in prospettiva, \u00e8 come se ci venissero restituiti circa 7 anni di contributi netti versati nel bilancio dell&#8217;UE. Inoltre, l&#8217;Italia \u00e8 l&#8217;unico paese contribuente netto del bilancio Europeo ad essere un beneficiario netto delle sovvenzioni di Next Generation EU.<\/p>\n\n\n\n<p>A fare da contraltare, tuttavia, c\u2019\u00e8 l&#8217;aumento degli sconti di bilancio per Austria, Danimarca, Paesi Bassi e Svezia, mentre lo sconto tedesco \u00e8 rimasto invariato. Nel prossimo ciclo di bilancio, gli sconti ammonteranno in totale a 53 miliardi. <a href=\"https:\/\/www.bruegel.org\/2019\/12\/who-pays-for-the-eu-budget-rebates-and-why\/\" target=\"_blank\" rel=\"noreferrer noopener\">In passato<\/a>, Francia, Italia e Spagna hanno coperto rispettivamente il 30%, 22% e 15% degli sconti. Se le cose rimanessero invariate, Italia e Spagna potrebbero doversi fare carico rispettivamente di 11 e 8 miliardi, il che ridurrebbe l&#8217;effettivo trasferimento netto. Pi\u00f9 in generale, il compromesso sugli sconti conferma un aspetto problematico delle negoziazioni di bilancio pluriennale, che risale a molto prima di questo ciclo di bilancio.<\/p>\n\n\n\n<p>Per ottenere i fondi, i paesi dovranno presentare piani di spesa nazionali che verranno valutati dalla Commissione e approvati dal Consiglio a maggioranza qualificata, che richiede 15 paesi rappersentanti almeno il 65% della popolazione. Si dovr\u00e0 finalmente iniziare a prestare attenzione alle country specific recommendations (CSR) della Commissione, che finora sono state in gran parte <a href=\"https:\/\/bruegel.org\/reader\/European_Semester\" target=\"_blank\" rel=\"noreferrer noopener\">ignorate<\/a>. Queste infatti costituiranno il riferimento per la valutazione dei piani di spesa nazionali, con particolare attenzione a riforme che migliorino il potenziale di crescita, occupazione e resilienza economica e sociale.<\/p>\n\n\n\n<p>La governance dell\u2019erogoazione dei fondi \u00e8 stat a una delle questioni pi\u00f9 spinose e difficili, nelle negoziazioni dell\u2019accordo. La proposta iniziale della Commissione prevedeva un processo molto snello che avrebbe assegnato il ruolo centrale alla Commissione stessa. Nel compromesso finale, la Commissione produrr\u00e0 una valutazione del &#8220;soddisfacente raggiungimento degli obiettivi&#8221; del piano nazionale, ma il Comitato Economico e Finanziario (organo di tecnici dei Ministeri delle Finanze nazionali) sar\u00e0 consultato. Ci sar\u00e0 la facolt\u00e0 per uno o pi\u00f9 membri di chiedere che la valutazione della Commissione sia discussa anche dal Consiglio. Questo &#8220;freno di emergenza&#8221; \u00e8 stato introdotto per colmare il divario tra la proposta iniziale e la richiesta olandese di un veto. Il freno potr\u00e0 rallentare l&#8217;erogazione fino a 3 mesi, ma non bloccarla del tutto perch\u00e9 alla fine prevarr\u00e0 comunque la valutazione della Commissione.<\/p>\n\n\n\n<p>Nel complesso, l\u2019accordo \u00e8 simbolicamente un passo enorme per l&#8217;UE perch\u00e9 finalmente supera due tab\u00f9 storici dell&#8217;integrazione europea, vale a dire l&#8217;opposizione all&#8217;emissione comune di debito UE in quantit`a significatia, e l\u2019opposizione a trasferimenti fiscali espliciti tra paesi (anche se temporanei). Crea un contraltare politico all&#8217;azione massiccia della BCE, e pone le basi per una discussione sull&#8217;aumento delle risorse proprie dell&#8217;UE. Questo sar\u00e0 l&#8217;inizio di una serie di negoziati molto difficili nei prossimi mesi, in cui sar\u00e0 fondamentale per Francia e Germania preservare l&#8217;allineamento di vedute e l&#8217;ambizione che hanno dimostrato a maggio, quando hanno dato l\u2019avvio a questa rivoluzione. Se lo faranno, da qui a qualche anno probabilmente ricorderemo il 2020 come un <em>annus mirabilis <\/em>perl&#8217;integrazione europea.<\/p>\n\n\n\n<hr class=\"wp-block-separator\"\/>\n\n\n\n<p><em>Pezzo scritto per <a rel=\"noreferrer noopener\" href=\"https:\/\/www.lavoce.info\/\" target=\"_blank\">Lavoce.info<\/a> e pubblicato nell&#8217;articolo <a rel=\"noreferrer noopener\" href=\"http:\/\/Next Generation, chi ci guadagna e chi ci perde\" target=\"_blank\">Next Generation, chi ci guadagna e chi ci perde<\/a>.<\/em><\/p>\n","protected":false},"excerpt":{"rendered":"<p>Dopo giorni di accese discussioni, il Consiglio Europeo ha raggiunto l\u2019accordo su un pacchetto da 750 miliardi di euro (Next Generation EU) per sostenere la ripresa post-COVID-19. Si tratta di un evento storico e importante per l&#8217;integrazione Europea, ma la strada \u00e8 ancora lunga. Le dimensioni del pacchetto restano invariate rispetto alla proposta originale della [&hellip;]<\/p>\n","protected":false},"author":4,"featured_media":5471,"comment_status":"closed","ping_status":"closed","sticky":false,"template":"","format":"standard","meta":{"_acf_changed":false,"footnotes":""},"categories":[94],"tags":[],"asset-class":[],"algebris-themes":[],"class_list":["post-5473","post","type-post","status-publish","format-standard","has-post-thumbnail","hentry","category-esg-policy-research-it"],"acf":[],"yoast_head":"<!-- This site is optimized with the Yoast SEO plugin v27.1.1 - https:\/\/yoast.com\/product\/yoast-seo-wordpress\/ -->\n<title>Next Generation EU: come funziona e cosa significa per l&#039;Europa? - Algebris Investments<\/title>\n<meta name=\"robots\" content=\"index, follow, max-snippet:-1, max-image-preview:large, max-video-preview:-1\" \/>\n<link rel=\"canonical\" href=\"https:\/\/www.algebris.com\/it\/esg-policy-research-it\/next-generation-eu-come-funziona-e-cosa-significa-per-leuropa\/\" \/>\n<meta property=\"og:locale\" content=\"it_IT\" \/>\n<meta property=\"og:type\" content=\"article\" \/>\n<meta property=\"og:title\" content=\"Next Generation EU: come funziona e cosa significa per l&#039;Europa? - Algebris Investments\" \/>\n<meta property=\"og:description\" content=\"Dopo giorni di accese discussioni, il Consiglio Europeo ha raggiunto l\u2019accordo su un pacchetto da 750 miliardi di euro (Next Generation EU) per sostenere la ripresa post-COVID-19. Si tratta di un evento storico e importante per l&#8217;integrazione Europea, ma la strada \u00e8 ancora lunga. Le dimensioni del pacchetto restano invariate rispetto alla proposta originale della [&hellip;]\" \/>\n<meta property=\"og:url\" content=\"https:\/\/www.algebris.com\/it\/esg-policy-research-it\/next-generation-eu-come-funziona-e-cosa-significa-per-leuropa\/\" \/>\n<meta property=\"og:site_name\" content=\"Algebris Investments\" \/>\n<meta property=\"article:published_time\" content=\"2020-07-24T05:49:33+00:00\" \/>\n<meta property=\"article:modified_time\" content=\"2020-07-24T08:57:11+00:00\" \/>\n<meta property=\"og:image\" content=\"https:\/\/media.algebris.com\/content\/europe-palace-5414751.jpg\" \/>\n\t<meta property=\"og:image:width\" content=\"1920\" \/>\n\t<meta property=\"og:image:height\" content=\"1280\" \/>\n\t<meta property=\"og:image:type\" content=\"image\/jpeg\" \/>\n<meta name=\"author\" content=\"valeria.colombo\" \/>\n<meta name=\"twitter:card\" content=\"summary_large_image\" \/>\n<meta name=\"twitter:label1\" content=\"Written by\" \/>\n\t<meta name=\"twitter:data1\" content=\"valeria.colombo\" \/>\n\t<meta name=\"twitter:label2\" content=\"Est. reading time\" \/>\n\t<meta name=\"twitter:data2\" content=\"4 minutes\" \/>\n<script type=\"application\/ld+json\" class=\"yoast-schema-graph\">{\"@context\":\"https:\/\/schema.org\",\"@graph\":[{\"@type\":\"Article\",\"@id\":\"https:\/\/www.algebris.com\/it\/esg-policy-research-it\/next-generation-eu-come-funziona-e-cosa-significa-per-leuropa\/#article\",\"isPartOf\":{\"@id\":\"https:\/\/www.algebris.com\/it\/esg-policy-research-it\/next-generation-eu-come-funziona-e-cosa-significa-per-leuropa\/\"},\"author\":{\"name\":\"valeria.colombo\",\"@id\":\"https:\/\/www.algebris.com\/it\/#\/schema\/person\/7ab20339d03f4738efa17a45e0b35e91\"},\"headline\":\"Next Generation EU: come funziona e cosa significa per l&#8217;Europa?\",\"datePublished\":\"2020-07-24T05:49:33+00:00\",\"dateModified\":\"2020-07-24T08:57:11+00:00\",\"mainEntityOfPage\":{\"@id\":\"https:\/\/www.algebris.com\/it\/esg-policy-research-it\/next-generation-eu-come-funziona-e-cosa-significa-per-leuropa\/\"},\"wordCount\":906,\"publisher\":{\"@id\":\"https:\/\/www.algebris.com\/it\/#organization\"},\"image\":{\"@id\":\"https:\/\/www.algebris.com\/it\/esg-policy-research-it\/next-generation-eu-come-funziona-e-cosa-significa-per-leuropa\/#primaryimage\"},\"thumbnailUrl\":\"https:\/\/media.algebris.com\/content\/europe-palace-5414751.jpg\",\"articleSection\":[\"ESG &amp; Policy Research\"],\"inLanguage\":\"it-IT\"},{\"@type\":\"WebPage\",\"@id\":\"https:\/\/www.algebris.com\/it\/esg-policy-research-it\/next-generation-eu-come-funziona-e-cosa-significa-per-leuropa\/\",\"url\":\"https:\/\/www.algebris.com\/it\/esg-policy-research-it\/next-generation-eu-come-funziona-e-cosa-significa-per-leuropa\/\",\"name\":\"Next Generation EU: come funziona e cosa significa per l'Europa? - Algebris Investments\",\"isPartOf\":{\"@id\":\"https:\/\/www.algebris.com\/it\/#website\"},\"primaryImageOfPage\":{\"@id\":\"https:\/\/www.algebris.com\/it\/esg-policy-research-it\/next-generation-eu-come-funziona-e-cosa-significa-per-leuropa\/#primaryimage\"},\"image\":{\"@id\":\"https:\/\/www.algebris.com\/it\/esg-policy-research-it\/next-generation-eu-come-funziona-e-cosa-significa-per-leuropa\/#primaryimage\"},\"thumbnailUrl\":\"https:\/\/media.algebris.com\/content\/europe-palace-5414751.jpg\",\"datePublished\":\"2020-07-24T05:49:33+00:00\",\"dateModified\":\"2020-07-24T08:57:11+00:00\",\"breadcrumb\":{\"@id\":\"https:\/\/www.algebris.com\/it\/esg-policy-research-it\/next-generation-eu-come-funziona-e-cosa-significa-per-leuropa\/#breadcrumb\"},\"inLanguage\":\"it-IT\",\"potentialAction\":[{\"@type\":\"ReadAction\",\"target\":[\"https:\/\/www.algebris.com\/it\/esg-policy-research-it\/next-generation-eu-come-funziona-e-cosa-significa-per-leuropa\/\"]}]},{\"@type\":\"ImageObject\",\"inLanguage\":\"it-IT\",\"@id\":\"https:\/\/www.algebris.com\/it\/esg-policy-research-it\/next-generation-eu-come-funziona-e-cosa-significa-per-leuropa\/#primaryimage\",\"url\":\"https:\/\/media.algebris.com\/content\/europe-palace-5414751.jpg\",\"contentUrl\":\"https:\/\/media.algebris.com\/content\/europe-palace-5414751.jpg\",\"width\":1920,\"height\":1280},{\"@type\":\"BreadcrumbList\",\"@id\":\"https:\/\/www.algebris.com\/it\/esg-policy-research-it\/next-generation-eu-come-funziona-e-cosa-significa-per-leuropa\/#breadcrumb\",\"itemListElement\":[{\"@type\":\"ListItem\",\"position\":1,\"name\":\"Home\",\"item\":\"https:\/\/www.algebris.com\/it\/\"},{\"@type\":\"ListItem\",\"position\":2,\"name\":\"ESG &amp; Policy Research\",\"item\":\"https:\/\/www.algebris.com\/it\/category\/esg-policy-research-it\/\"},{\"@type\":\"ListItem\",\"position\":3,\"name\":\"Next Generation EU: come funziona e cosa significa per l&#8217;Europa?\"}]},{\"@type\":\"WebSite\",\"@id\":\"https:\/\/www.algebris.com\/it\/#website\",\"url\":\"https:\/\/www.algebris.com\/it\/\",\"name\":\"Algebris Investments\",\"description\":\"\",\"publisher\":{\"@id\":\"https:\/\/www.algebris.com\/it\/#organization\"},\"potentialAction\":[{\"@type\":\"SearchAction\",\"target\":{\"@type\":\"EntryPoint\",\"urlTemplate\":\"https:\/\/www.algebris.com\/it\/?s={search_term_string}\"},\"query-input\":{\"@type\":\"PropertyValueSpecification\",\"valueRequired\":true,\"valueName\":\"search_term_string\"}}],\"inLanguage\":\"it-IT\"},{\"@type\":\"Organization\",\"@id\":\"https:\/\/www.algebris.com\/it\/#organization\",\"name\":\"Algebris Investments\",\"url\":\"https:\/\/www.algebris.com\/it\/\",\"logo\":{\"@type\":\"ImageObject\",\"inLanguage\":\"it-IT\",\"@id\":\"https:\/\/www.algebris.com\/it\/#\/schema\/logo\/image\/\",\"url\":\"https:\/\/media.algebris.com\/content\/cropped-logo1.png\",\"contentUrl\":\"https:\/\/media.algebris.com\/content\/cropped-logo1.png\",\"width\":250,\"height\":78,\"caption\":\"Algebris Investments\"},\"image\":{\"@id\":\"https:\/\/www.algebris.com\/it\/#\/schema\/logo\/image\/\"},\"sameAs\":[\"https:\/\/www.linkedin.com\/company\/algebris-investments\/about\/\",\"https:\/\/www.youtube.com\/channel\/UC_MiRdysidJhtSWRVxtH-3g\/featured\"]},{\"@type\":\"Person\",\"@id\":\"https:\/\/www.algebris.com\/it\/#\/schema\/person\/7ab20339d03f4738efa17a45e0b35e91\",\"name\":\"valeria.colombo\",\"image\":{\"@type\":\"ImageObject\",\"inLanguage\":\"it-IT\",\"@id\":\"https:\/\/www.algebris.com\/it\/#\/schema\/person\/image\/\",\"url\":\"https:\/\/secure.gravatar.com\/avatar\/5603e9f9b2192e0ae07f20667f3f1d50600998606564eb5a8d96de05429b0089?s=96&d=mm&r=g\",\"contentUrl\":\"https:\/\/secure.gravatar.com\/avatar\/5603e9f9b2192e0ae07f20667f3f1d50600998606564eb5a8d96de05429b0089?s=96&d=mm&r=g\",\"caption\":\"valeria.colombo\"}}]}<\/script>\n<!-- \/ Yoast SEO plugin. -->","yoast_head_json":{"title":"Next Generation EU: come funziona e cosa significa per l'Europa? - Algebris Investments","robots":{"index":"index","follow":"follow","max-snippet":"max-snippet:-1","max-image-preview":"max-image-preview:large","max-video-preview":"max-video-preview:-1"},"canonical":"https:\/\/www.algebris.com\/it\/esg-policy-research-it\/next-generation-eu-come-funziona-e-cosa-significa-per-leuropa\/","og_locale":"it_IT","og_type":"article","og_title":"Next Generation EU: come funziona e cosa significa per l'Europa? - Algebris Investments","og_description":"Dopo giorni di accese discussioni, il Consiglio Europeo ha raggiunto l\u2019accordo su un pacchetto da 750 miliardi di euro (Next Generation EU) per sostenere la ripresa post-COVID-19. Si tratta di un evento storico e importante per l&#8217;integrazione Europea, ma la strada \u00e8 ancora lunga. Le dimensioni del pacchetto restano invariate rispetto alla proposta originale della [&hellip;]","og_url":"https:\/\/www.algebris.com\/it\/esg-policy-research-it\/next-generation-eu-come-funziona-e-cosa-significa-per-leuropa\/","og_site_name":"Algebris Investments","article_published_time":"2020-07-24T05:49:33+00:00","article_modified_time":"2020-07-24T08:57:11+00:00","og_image":[{"width":1920,"height":1280,"url":"https:\/\/media.algebris.com\/content\/europe-palace-5414751.jpg","type":"image\/jpeg"}],"author":"valeria.colombo","twitter_card":"summary_large_image","twitter_misc":{"Written by":"valeria.colombo","Est. reading time":"4 minutes"},"schema":{"@context":"https:\/\/schema.org","@graph":[{"@type":"Article","@id":"https:\/\/www.algebris.com\/it\/esg-policy-research-it\/next-generation-eu-come-funziona-e-cosa-significa-per-leuropa\/#article","isPartOf":{"@id":"https:\/\/www.algebris.com\/it\/esg-policy-research-it\/next-generation-eu-come-funziona-e-cosa-significa-per-leuropa\/"},"author":{"name":"valeria.colombo","@id":"https:\/\/www.algebris.com\/it\/#\/schema\/person\/7ab20339d03f4738efa17a45e0b35e91"},"headline":"Next Generation EU: come funziona e cosa significa per l&#8217;Europa?","datePublished":"2020-07-24T05:49:33+00:00","dateModified":"2020-07-24T08:57:11+00:00","mainEntityOfPage":{"@id":"https:\/\/www.algebris.com\/it\/esg-policy-research-it\/next-generation-eu-come-funziona-e-cosa-significa-per-leuropa\/"},"wordCount":906,"publisher":{"@id":"https:\/\/www.algebris.com\/it\/#organization"},"image":{"@id":"https:\/\/www.algebris.com\/it\/esg-policy-research-it\/next-generation-eu-come-funziona-e-cosa-significa-per-leuropa\/#primaryimage"},"thumbnailUrl":"https:\/\/media.algebris.com\/content\/europe-palace-5414751.jpg","articleSection":["ESG &amp; Policy Research"],"inLanguage":"it-IT"},{"@type":"WebPage","@id":"https:\/\/www.algebris.com\/it\/esg-policy-research-it\/next-generation-eu-come-funziona-e-cosa-significa-per-leuropa\/","url":"https:\/\/www.algebris.com\/it\/esg-policy-research-it\/next-generation-eu-come-funziona-e-cosa-significa-per-leuropa\/","name":"Next Generation EU: come funziona e cosa significa per l'Europa? - Algebris Investments","isPartOf":{"@id":"https:\/\/www.algebris.com\/it\/#website"},"primaryImageOfPage":{"@id":"https:\/\/www.algebris.com\/it\/esg-policy-research-it\/next-generation-eu-come-funziona-e-cosa-significa-per-leuropa\/#primaryimage"},"image":{"@id":"https:\/\/www.algebris.com\/it\/esg-policy-research-it\/next-generation-eu-come-funziona-e-cosa-significa-per-leuropa\/#primaryimage"},"thumbnailUrl":"https:\/\/media.algebris.com\/content\/europe-palace-5414751.jpg","datePublished":"2020-07-24T05:49:33+00:00","dateModified":"2020-07-24T08:57:11+00:00","breadcrumb":{"@id":"https:\/\/www.algebris.com\/it\/esg-policy-research-it\/next-generation-eu-come-funziona-e-cosa-significa-per-leuropa\/#breadcrumb"},"inLanguage":"it-IT","potentialAction":[{"@type":"ReadAction","target":["https:\/\/www.algebris.com\/it\/esg-policy-research-it\/next-generation-eu-come-funziona-e-cosa-significa-per-leuropa\/"]}]},{"@type":"ImageObject","inLanguage":"it-IT","@id":"https:\/\/www.algebris.com\/it\/esg-policy-research-it\/next-generation-eu-come-funziona-e-cosa-significa-per-leuropa\/#primaryimage","url":"https:\/\/media.algebris.com\/content\/europe-palace-5414751.jpg","contentUrl":"https:\/\/media.algebris.com\/content\/europe-palace-5414751.jpg","width":1920,"height":1280},{"@type":"BreadcrumbList","@id":"https:\/\/www.algebris.com\/it\/esg-policy-research-it\/next-generation-eu-come-funziona-e-cosa-significa-per-leuropa\/#breadcrumb","itemListElement":[{"@type":"ListItem","position":1,"name":"Home","item":"https:\/\/www.algebris.com\/it\/"},{"@type":"ListItem","position":2,"name":"ESG &amp; Policy Research","item":"https:\/\/www.algebris.com\/it\/category\/esg-policy-research-it\/"},{"@type":"ListItem","position":3,"name":"Next Generation EU: come funziona e cosa significa per l&#8217;Europa?"}]},{"@type":"WebSite","@id":"https:\/\/www.algebris.com\/it\/#website","url":"https:\/\/www.algebris.com\/it\/","name":"Algebris Investments","description":"","publisher":{"@id":"https:\/\/www.algebris.com\/it\/#organization"},"potentialAction":[{"@type":"SearchAction","target":{"@type":"EntryPoint","urlTemplate":"https:\/\/www.algebris.com\/it\/?s={search_term_string}"},"query-input":{"@type":"PropertyValueSpecification","valueRequired":true,"valueName":"search_term_string"}}],"inLanguage":"it-IT"},{"@type":"Organization","@id":"https:\/\/www.algebris.com\/it\/#organization","name":"Algebris Investments","url":"https:\/\/www.algebris.com\/it\/","logo":{"@type":"ImageObject","inLanguage":"it-IT","@id":"https:\/\/www.algebris.com\/it\/#\/schema\/logo\/image\/","url":"https:\/\/media.algebris.com\/content\/cropped-logo1.png","contentUrl":"https:\/\/media.algebris.com\/content\/cropped-logo1.png","width":250,"height":78,"caption":"Algebris Investments"},"image":{"@id":"https:\/\/www.algebris.com\/it\/#\/schema\/logo\/image\/"},"sameAs":["https:\/\/www.linkedin.com\/company\/algebris-investments\/about\/","https:\/\/www.youtube.com\/channel\/UC_MiRdysidJhtSWRVxtH-3g\/featured"]},{"@type":"Person","@id":"https:\/\/www.algebris.com\/it\/#\/schema\/person\/7ab20339d03f4738efa17a45e0b35e91","name":"valeria.colombo","image":{"@type":"ImageObject","inLanguage":"it-IT","@id":"https:\/\/www.algebris.com\/it\/#\/schema\/person\/image\/","url":"https:\/\/secure.gravatar.com\/avatar\/5603e9f9b2192e0ae07f20667f3f1d50600998606564eb5a8d96de05429b0089?s=96&d=mm&r=g","contentUrl":"https:\/\/secure.gravatar.com\/avatar\/5603e9f9b2192e0ae07f20667f3f1d50600998606564eb5a8d96de05429b0089?s=96&d=mm&r=g","caption":"valeria.colombo"}}]}},"_links":{"self":[{"href":"https:\/\/www.algebris.com\/it\/wp-json\/wp\/v2\/posts\/5473","targetHints":{"allow":["GET"]}}],"collection":[{"href":"https:\/\/www.algebris.com\/it\/wp-json\/wp\/v2\/posts"}],"about":[{"href":"https:\/\/www.algebris.com\/it\/wp-json\/wp\/v2\/types\/post"}],"author":[{"embeddable":true,"href":"https:\/\/www.algebris.com\/it\/wp-json\/wp\/v2\/users\/4"}],"replies":[{"embeddable":true,"href":"https:\/\/www.algebris.com\/it\/wp-json\/wp\/v2\/comments?post=5473"}],"version-history":[{"count":4,"href":"https:\/\/www.algebris.com\/it\/wp-json\/wp\/v2\/posts\/5473\/revisions"}],"predecessor-version":[{"id":5481,"href":"https:\/\/www.algebris.com\/it\/wp-json\/wp\/v2\/posts\/5473\/revisions\/5481"}],"wp:featuredmedia":[{"embeddable":true,"href":"https:\/\/www.algebris.com\/it\/wp-json\/wp\/v2\/media\/5471"}],"wp:attachment":[{"href":"https:\/\/www.algebris.com\/it\/wp-json\/wp\/v2\/media?parent=5473"}],"wp:term":[{"taxonomy":"category","embeddable":true,"href":"https:\/\/www.algebris.com\/it\/wp-json\/wp\/v2\/categories?post=5473"},{"taxonomy":"post_tag","embeddable":true,"href":"https:\/\/www.algebris.com\/it\/wp-json\/wp\/v2\/tags?post=5473"},{"taxonomy":"asset-class","embeddable":true,"href":"https:\/\/www.algebris.com\/it\/wp-json\/wp\/v2\/asset-class?post=5473"},{"taxonomy":"algebris-themes","embeddable":true,"href":"https:\/\/www.algebris.com\/it\/wp-json\/wp\/v2\/algebris-themes?post=5473"}],"curies":[{"name":"wp","href":"https:\/\/api.w.org\/{rel}","templated":true}]}}